{"id":27382,"date":"2021-07-06T17:09:16","date_gmt":"2021-07-06T15:09:16","guid":{"rendered":"http:\/\/centralmedia.rs\/?p=27382"},"modified":"2022-01-04T18:20:08","modified_gmt":"2022-01-04T17:20:08","slug":"povodom-svetog-jovana-patrijarh-spc-porfirije-sluzi-liturgiju-u-koncarevu","status":"publish","type":"post","link":"https:\/\/centralmedia.rs\/index.php\/2021\/07\/06\/povodom-svetog-jovana-patrijarh-spc-porfirije-sluzi-liturgiju-u-koncarevu\/","title":{"rendered":"POVODOM SVETOG JOVANA, PATRIJARH SPC PORFIRIJE SLU\u017dI LITURGIJU U KON\u010cAREVU"},"content":{"rendered":"<p>JAGODINA-U sredu 07. jula u 8: 45 \u010dasova , u Kon\u010darevu u hramu Svetog Jovana Krstitelja odr\u017ea\u0107e se sveta arhijerejska Liturgija povodom praznika Ro\u0111enja svetog Jovana Prete\u010de. Svetu arhijerejsku Liturgiju slu\u017ei\u0107e Patrijarh srpski gospodin Porfirije sa vladikom \u0161umadijskim gospodinom Jovanom.<\/p>\n<p>-To je veliki dan za Jagodinu i Kon\u010darevo, ali i za \u010ditavu \u0160umadijsku eparhiju jer \u0107e to biti prvo slu\u017eenje patrijarha Porfirija u na\u0161oj eparhiji. Pozivamo Vas da prisustvujete liturgiji i da do\u0111ete u Kon\u010darevo, u hram Svetog Jovana Krstitelja najkasnije u 8:30 \u010dasova, kako bi do\u010dekali na\u0161eg patrijarha Porfirija kako dolikuje. Zbog aktuelne epidemiolo\u0161ke situacije ni ove godine , na \u017ealost, ne\u0107e biti organizovan tradicionalni kik boks me\u010d u Kon\u010darevu, pozvao je gra\u0111ane predsednik Skup\u0161tine grada Jagodina Dragan Markovi\u0107 Palma, koji ina\u010de \u017eivi u Kon\u010darevu i sa porodicom je ktitor crkve.<\/p>\n<p><img loading=\"lazy\" decoding=\"async\" class=\"alignnone wp-image-27384 size-full\" src=\"http:\/\/centralmedia.rs\/wp-content\/uploads\/2021\/07\/porfirije-1.jpg\" alt=\"\" width=\"960\" height=\"684\" srcset=\"https:\/\/centralmedia.rs\/wp-content\/uploads\/2021\/07\/porfirije-1.jpg 960w, https:\/\/centralmedia.rs\/wp-content\/uploads\/2021\/07\/porfirije-1-300x214.jpg 300w, https:\/\/centralmedia.rs\/wp-content\/uploads\/2021\/07\/porfirije-1-768x547.jpg 768w, https:\/\/centralmedia.rs\/wp-content\/uploads\/2021\/07\/porfirije-1-589x420.jpg 589w, https:\/\/centralmedia.rs\/wp-content\/uploads\/2021\/07\/porfirije-1-640x456.jpg 640w, https:\/\/centralmedia.rs\/wp-content\/uploads\/2021\/07\/porfirije-1-681x485.jpg 681w\" sizes=\"(max-width: 960px) 100vw, 960px\" \/><\/p>\n","protected":false},"excerpt":{"rendered":"<p>JAGODINA-U sredu 07. jula u 8: 45 \u010dasova , u Kon\u010darevu u hramu Svetog Jovana Krstitelja odr\u017ea\u0107e se sveta arhijerejska Liturgija povodom praznika Ro\u0111enja svetog &hellip; <\/p>\n","protected":false},"author":2,"featured_media":27383,"comment_status":"open","ping_status":"open","sticky":false,"template":"","format":"standard","meta":{"footnotes":""},"categories":[14,1524,2,1514,5643,887,12],"tags":[58,440,120,5239,894],"_links":{"self":[{"href":"https:\/\/centralmedia.rs\/index.php\/wp-json\/wp\/v2\/posts\/27382"}],"collection":[{"href":"https:\/\/centralmedia.rs\/index.php\/wp-json\/wp\/v2\/posts"}],"about":[{"href":"https:\/\/centralmedia.rs\/index.php\/wp-json\/wp\/v2\/types\/post"}],"author":[{"embeddable":true,"href":"https:\/\/centralmedia.rs\/index.php\/wp-json\/wp\/v2\/users\/2"}],"replies":[{"embeddable":true,"href":"https:\/\/centralmedia.rs\/index.php\/wp-json\/wp\/v2\/comments?post=27382"}],"version-history":[{"count":1,"href":"https:\/\/centralmedia.rs\/index.php\/wp-json\/wp\/v2\/posts\/27382\/revisions"}],"predecessor-version":[{"id":27385,"href":"https:\/\/centralmedia.rs\/index.php\/wp-json\/wp\/v2\/posts\/27382\/revisions\/27385"}],"wp:featuredmedia":[{"embeddable":true,"href":"https:\/\/centralmedia.rs\/index.php\/wp-json\/wp\/v2\/media\/27383"}],"wp:attachment":[{"href":"https:\/\/centralmedia.rs\/index.php\/wp-json\/wp\/v2\/media?parent=27382"}],"wp:term":[{"taxonomy":"category","embeddable":true,"href":"https:\/\/centralmedia.rs\/index.php\/wp-json\/wp\/v2\/categories?post=27382"},{"taxonomy":"post_tag","embeddable":true,"href":"https:\/\/centralmedia.rs\/index.php\/wp-json\/wp\/v2\/tags?post=27382"}],"curies":[{"name":"wp","href":"https:\/\/api.w.org\/{rel}","templated":true}]}}