{"id":27386,"date":"2021-07-06T17:21:00","date_gmt":"2021-07-06T15:21:00","guid":{"rendered":"http:\/\/centralmedia.rs\/?p=27386"},"modified":"2022-01-04T18:20:02","modified_gmt":"2022-01-04T17:20:02","slug":"palma-drzava-nam-je-stvorila-veoma-dobre-uslove-ajde-sami-da-nesto-uradimo-u-nasim-gradovima-i-opstinama","status":"publish","type":"post","link":"https:\/\/centralmedia.rs\/index.php\/2021\/07\/06\/palma-drzava-nam-je-stvorila-veoma-dobre-uslove-ajde-sami-da-nesto-uradimo-u-nasim-gradovima-i-opstinama\/","title":{"rendered":"PALMA : DR\u017dAVA NAM JE STVORILA VEOMA DOBRE USLOVE, AJDE SAMI DA NE\u0160TO URADIMO U NA\u0160IM GRADOVIMA I OP\u0160TINAMA"},"content":{"rendered":"<p>JAGODINA-\u201eSvake nedelje obilazim neko selo na teritoriji grada Jagodine i tako od 1. jula do 30. septembra. Danas smo obi\u0161li Ko\u010dino Selo. Ko\u010dino Selo ima i gas i vodu, radimo projekat za kanalizaciju. Ko\u010dino Selo je i nova turisti\u010dka destinacija grada Jagodine, u kome smo napravili istorijsko \u2013 turisti\u010dki centar \u201eKo\u010din hrast\u201c. Za\u0161to obilazim gra\u0111ane na motoru. Zato \u0161to ho\u0107u da imam direktan kontakt sa gra\u0111anima i ne \u017eelim da im se obra\u0107am preko televizije. Ho\u0107u da ih pogledam u o\u010di i da ih pitam da li imaju neki problem, oni li\u010dno i njihove porodice i da li ima neki problem u selu u kojem \u017eive. Ina\u010de na celoj teritoriji grada Jagodine je besplatan autobuski prevoz, koji pla\u0107amo iz bud\u017eeta grada zahvaljuju\u0107i \u0161tednji. \u010clanovi gradskog ve\u0107a ne primaju plate, odbornici ne primaju dnevnice, kao i ni \u010dlanovi Nad\u017eornih odbora, nemamo komunalnu policiju, nema kafanskih ra\u010duna, nema roming ra\u010duna, gradskim automobilima se ne voze politi\u010dari ve\u0107 gra\u0111ani, koji imaju uput za neku od klinika u Beogradu Kragujevcu ili Ni\u0161u. Mi politi\u010dari \u0161tedimo da bi se gra\u0111ani vozili besplatno i u\u017eivali druge koristi od svog grada. Grad koji ima veliki broj fabrika, industrijsku proizvodnju, tri industrijske zone, grad u kojem je razvijen turizam, taj grad ima dobru budu\u0107nost. Ajte ne\u0161to sami da uradimo po gradovima i da ka\u017eemo \u201eevo mi smo to sami uradili\u201c, jer na\u0161a dr\u017eava nam je stvorila veoma dobre uslove da izgra\u0111ujemo gradove i op\u0161tine po Srbiji\u201c, rekao je predsednik Jedinstvene Srbije i Skup\u0161tine grada Jagodine Dragan Markovi\u0107 Palma, koji je na motoru, sa narodnim poslanikom Jedinstvene Srbije \u017divotom Star\u010devi\u0107em i na\u010delnikom Pomoravskog okruga, Goranom Milosavljevi\u0107em danas obi\u0161ao Ko\u010dino Selo.<\/p>\n","protected":false},"excerpt":{"rendered":"<p>JAGODINA-\u201eSvake nedelje obilazim neko selo na teritoriji grada Jagodine i tako od 1. jula do 30. septembra. Danas smo obi\u0161li Ko\u010dino Selo. Ko\u010dino Selo ima &hellip; <\/p>\n","protected":false},"author":2,"featured_media":27387,"comment_status":"open","ping_status":"open","sticky":false,"template":"","format":"standard","meta":{"footnotes":""},"categories":[1524,2,1514,5643,13,887,12],"tags":[58,5243,120,909],"_links":{"self":[{"href":"https:\/\/centralmedia.rs\/index.php\/wp-json\/wp\/v2\/posts\/27386"}],"collection":[{"href":"https:\/\/centralmedia.rs\/index.php\/wp-json\/wp\/v2\/posts"}],"about":[{"href":"https:\/\/centralmedia.rs\/index.php\/wp-json\/wp\/v2\/types\/post"}],"author":[{"embeddable":true,"href":"https:\/\/centralmedia.rs\/index.php\/wp-json\/wp\/v2\/users\/2"}],"replies":[{"embeddable":true,"href":"https:\/\/centralmedia.rs\/index.php\/wp-json\/wp\/v2\/comments?post=27386"}],"version-history":[{"count":1,"href":"https:\/\/centralmedia.rs\/index.php\/wp-json\/wp\/v2\/posts\/27386\/revisions"}],"predecessor-version":[{"id":27388,"href":"https:\/\/centralmedia.rs\/index.php\/wp-json\/wp\/v2\/posts\/27386\/revisions\/27388"}],"wp:featuredmedia":[{"embeddable":true,"href":"https:\/\/centralmedia.rs\/index.php\/wp-json\/wp\/v2\/media\/27387"}],"wp:attachment":[{"href":"https:\/\/centralmedia.rs\/index.php\/wp-json\/wp\/v2\/media?parent=27386"}],"wp:term":[{"taxonomy":"category","embeddable":true,"href":"https:\/\/centralmedia.rs\/index.php\/wp-json\/wp\/v2\/categories?post=27386"},{"taxonomy":"post_tag","embeddable":true,"href":"https:\/\/centralmedia.rs\/index.php\/wp-json\/wp\/v2\/tags?post=27386"}],"curies":[{"name":"wp","href":"https:\/\/api.w.org\/{rel}","templated":true}]}}