{"id":27401,"date":"2021-07-06T17:49:31","date_gmt":"2021-07-06T15:49:31","guid":{"rendered":"http:\/\/centralmedia.rs\/?p=27401"},"modified":"2021-07-12T16:47:41","modified_gmt":"2021-07-12T14:47:41","slug":"pocele-besplatne-kreativne-radionice-za-decu","status":"publish","type":"post","link":"https:\/\/centralmedia.rs\/index.php\/2021\/07\/06\/pocele-besplatne-kreativne-radionice-za-decu\/","title":{"rendered":"PO\u010cELE BESPLATNE KREATIVNE RADIONICE ZA DECU"},"content":{"rendered":"<p>SVILAJNAC- Vi\u0161e od 60. dece poha\u0111a\u0107e ovog leta besplatne kreativne radionice u Prirodnja\u010dkom centru u organizaciji Korisni\u010dkog centra op\u0161tine Svilajnac.<\/p>\n<div id='gallery-1' class='gallery galleryid-27401 gallery-columns-5 gallery-size-thumbnail'><figure class='gallery-item'>\n\t\t\t<div class='gallery-icon landscape'>\n\t\t\t\t<a href='https:\/\/centralmedia.rs\/index.php\/2021\/07\/06\/pocele-besplatne-kreativne-radionice-za-decu\/centar1-4\/'><img loading=\"lazy\" decoding=\"async\" width=\"150\" height=\"150\" src=\"https:\/\/centralmedia.rs\/wp-content\/uploads\/2021\/07\/centar1-150x150.jpg\" class=\"attachment-thumbnail size-thumbnail\" alt=\"\" \/><\/a>\n\t\t\t<\/div><\/figure><figure class='gallery-item'>\n\t\t\t<div class='gallery-icon landscape'>\n\t\t\t\t<a href='https:\/\/centralmedia.rs\/index.php\/2021\/07\/06\/pocele-besplatne-kreativne-radionice-za-decu\/centar2-3\/'><img loading=\"lazy\" decoding=\"async\" width=\"150\" height=\"150\" src=\"https:\/\/centralmedia.rs\/wp-content\/uploads\/2021\/07\/centar2-150x150.jpg\" class=\"attachment-thumbnail size-thumbnail\" alt=\"\" \/><\/a>\n\t\t\t<\/div><\/figure><figure class='gallery-item'>\n\t\t\t<div class='gallery-icon landscape'>\n\t\t\t\t<a href='https:\/\/centralmedia.rs\/index.php\/2021\/07\/06\/pocele-besplatne-kreativne-radionice-za-decu\/centar3-2\/'><img loading=\"lazy\" decoding=\"async\" width=\"150\" height=\"150\" src=\"https:\/\/centralmedia.rs\/wp-content\/uploads\/2021\/07\/centar3-150x150.jpg\" class=\"attachment-thumbnail size-thumbnail\" alt=\"\" \/><\/a>\n\t\t\t<\/div><\/figure><figure class='gallery-item'>\n\t\t\t<div class='gallery-icon landscape'>\n\t\t\t\t<a href='https:\/\/centralmedia.rs\/index.php\/2021\/07\/06\/pocele-besplatne-kreativne-radionice-za-decu\/centar4-2\/'><img loading=\"lazy\" decoding=\"async\" width=\"150\" height=\"150\" src=\"https:\/\/centralmedia.rs\/wp-content\/uploads\/2021\/07\/centar4-150x150.jpg\" class=\"attachment-thumbnail size-thumbnail\" alt=\"\" \/><\/a>\n\t\t\t<\/div><\/figure><figure class='gallery-item'>\n\t\t\t<div class='gallery-icon landscape'>\n\t\t\t\t<a href='https:\/\/centralmedia.rs\/index.php\/2021\/07\/06\/pocele-besplatne-kreativne-radionice-za-decu\/centar-12\/'><img loading=\"lazy\" decoding=\"async\" width=\"150\" height=\"150\" src=\"https:\/\/centralmedia.rs\/wp-content\/uploads\/2021\/07\/centar-150x150.jpg\" class=\"attachment-thumbnail size-thumbnail\" alt=\"\" \/><\/a>\n\t\t\t<\/div><\/figure>\n\t\t<\/div>\n\n<p>Kreativne radionice za decu uzrasta od 5 do 15 godina bi\u0107e odr\u017eavane na gradskim bazenima i u Prirodnja\u010dkom centru.<\/p>\n","protected":false},"excerpt":{"rendered":"<p>SVILAJNAC- Vi\u0161e od 60. dece poha\u0111a\u0107e ovog leta besplatne kreativne radionice u Prirodnja\u010dkom centru u organizaciji Korisni\u010dkog centra op\u0161tine Svilajnac. Kreativne radionice za decu uzrasta &hellip; <\/p>\n","protected":false},"author":2,"featured_media":27402,"comment_status":"open","ping_status":"open","sticky":false,"template":"","format":"standard","meta":{"footnotes":""},"categories":[1524,887,16,12,1517],"tags":[5249,2671,288,38],"_links":{"self":[{"href":"https:\/\/centralmedia.rs\/index.php\/wp-json\/wp\/v2\/posts\/27401"}],"collection":[{"href":"https:\/\/centralmedia.rs\/index.php\/wp-json\/wp\/v2\/posts"}],"about":[{"href":"https:\/\/centralmedia.rs\/index.php\/wp-json\/wp\/v2\/types\/post"}],"author":[{"embeddable":true,"href":"https:\/\/centralmedia.rs\/index.php\/wp-json\/wp\/v2\/users\/2"}],"replies":[{"embeddable":true,"href":"https:\/\/centralmedia.rs\/index.php\/wp-json\/wp\/v2\/comments?post=27401"}],"version-history":[{"count":3,"href":"https:\/\/centralmedia.rs\/index.php\/wp-json\/wp\/v2\/posts\/27401\/revisions"}],"predecessor-version":[{"id":27409,"href":"https:\/\/centralmedia.rs\/index.php\/wp-json\/wp\/v2\/posts\/27401\/revisions\/27409"}],"wp:featuredmedia":[{"embeddable":true,"href":"https:\/\/centralmedia.rs\/index.php\/wp-json\/wp\/v2\/media\/27402"}],"wp:attachment":[{"href":"https:\/\/centralmedia.rs\/index.php\/wp-json\/wp\/v2\/media?parent=27401"}],"wp:term":[{"taxonomy":"category","embeddable":true,"href":"https:\/\/centralmedia.rs\/index.php\/wp-json\/wp\/v2\/categories?post=27401"},{"taxonomy":"post_tag","embeddable":true,"href":"https:\/\/centralmedia.rs\/index.php\/wp-json\/wp\/v2\/tags?post=27401"}],"curies":[{"name":"wp","href":"https:\/\/api.w.org\/{rel}","templated":true}]}}