{"id":27410,"date":"2021-07-06T17:59:10","date_gmt":"2021-07-06T15:59:10","guid":{"rendered":"http:\/\/centralmedia.rs\/?p=27410"},"modified":"2021-07-16T15:09:10","modified_gmt":"2021-07-16T13:09:10","slug":"program-2-ravaneliusa","status":"publish","type":"post","link":"https:\/\/centralmedia.rs\/index.php\/2021\/07\/06\/program-2-ravaneliusa\/","title":{"rendered":"PROGRAM 2. RAVANELIUSA"},"content":{"rendered":"<p>\u0106UPRIJA- Danas je zvani\u010dno objavljen program 2. Festivala muzi\u010dke izuzetnosti Ravaneilus, koji se odr\u017eava 16.-18. Jula u \u0106upriji.<\/p>\n<p><img loading=\"lazy\" decoding=\"async\" class=\"alignnone wp-image-27411 size-large\" src=\"http:\/\/centralmedia.rs\/wp-content\/uploads\/2021\/07\/program-1024x487.jpg\" alt=\"\" width=\"640\" height=\"304\" srcset=\"https:\/\/centralmedia.rs\/wp-content\/uploads\/2021\/07\/program-1024x487.jpg 1024w, https:\/\/centralmedia.rs\/wp-content\/uploads\/2021\/07\/program-300x143.jpg 300w, https:\/\/centralmedia.rs\/wp-content\/uploads\/2021\/07\/program-768x365.jpg 768w, https:\/\/centralmedia.rs\/wp-content\/uploads\/2021\/07\/program-883x420.jpg 883w, https:\/\/centralmedia.rs\/wp-content\/uploads\/2021\/07\/program-640x305.jpg 640w, https:\/\/centralmedia.rs\/wp-content\/uploads\/2021\/07\/program-681x324.jpg 681w\" sizes=\"(max-width: 640px) 100vw, 640px\" \/><\/p>\n","protected":false},"excerpt":{"rendered":"<p>\u0106UPRIJA- Danas je zvani\u010dno objavljen program 2. Festivala muzi\u010dke izuzetnosti Ravaneilus, koji se odr\u017eava 16.-18. Jula u \u0106upriji.<\/p>\n","protected":false},"author":2,"featured_media":27358,"comment_status":"open","ping_status":"open","sticky":false,"template":"","format":"standard","meta":{"footnotes":""},"categories":[1515,1524,2,15,12],"tags":[44,3807],"_links":{"self":[{"href":"https:\/\/centralmedia.rs\/index.php\/wp-json\/wp\/v2\/posts\/27410"}],"collection":[{"href":"https:\/\/centralmedia.rs\/index.php\/wp-json\/wp\/v2\/posts"}],"about":[{"href":"https:\/\/centralmedia.rs\/index.php\/wp-json\/wp\/v2\/types\/post"}],"author":[{"embeddable":true,"href":"https:\/\/centralmedia.rs\/index.php\/wp-json\/wp\/v2\/users\/2"}],"replies":[{"embeddable":true,"href":"https:\/\/centralmedia.rs\/index.php\/wp-json\/wp\/v2\/comments?post=27410"}],"version-history":[{"count":1,"href":"https:\/\/centralmedia.rs\/index.php\/wp-json\/wp\/v2\/posts\/27410\/revisions"}],"predecessor-version":[{"id":27412,"href":"https:\/\/centralmedia.rs\/index.php\/wp-json\/wp\/v2\/posts\/27410\/revisions\/27412"}],"wp:featuredmedia":[{"embeddable":true,"href":"https:\/\/centralmedia.rs\/index.php\/wp-json\/wp\/v2\/media\/27358"}],"wp:attachment":[{"href":"https:\/\/centralmedia.rs\/index.php\/wp-json\/wp\/v2\/media?parent=27410"}],"wp:term":[{"taxonomy":"category","embeddable":true,"href":"https:\/\/centralmedia.rs\/index.php\/wp-json\/wp\/v2\/categories?post=27410"},{"taxonomy":"post_tag","embeddable":true,"href":"https:\/\/centralmedia.rs\/index.php\/wp-json\/wp\/v2\/tags?post=27410"}],"curies":[{"name":"wp","href":"https:\/\/api.w.org\/{rel}","templated":true}]}}