{"id":27418,"date":"2021-07-06T22:37:19","date_gmt":"2021-07-06T20:37:19","guid":{"rendered":"http:\/\/centralmedia.rs\/?p=27418"},"modified":"2022-01-04T18:19:47","modified_gmt":"2022-01-04T17:19:47","slug":"kabasti-otpad-iz-os-goran-ostojic-bacaju-ispred-privatnog-stambenog-objekta","status":"publish","type":"post","link":"https:\/\/centralmedia.rs\/index.php\/2021\/07\/06\/kabasti-otpad-iz-os-goran-ostojic-bacaju-ispred-privatnog-stambenog-objekta\/","title":{"rendered":"KABASTI OTPAD IZ O\u0160 GORAN OSTOJI\u0106 BACAJU ISPRED PRIVATNOG STAMBENOG OBJEKTA"},"content":{"rendered":"<p>JAGODINA-Kabasti otpad iz dvori\u0161ta O\u0160 Goran Ostoji\u0107 iz Jagodine godinama se, prema re\u010dima suseda te \u0161kole, baca ispred privatnog stambenog objekta, \u0161to onemogu\u0107ava gra\u0111ane da normalno \u017eive.<\/p>\n<p>&#8211; Ovo je sme\u0107e i otpad iz O. \u0160. ,, Goran Ostoji\u0107\u201d. iznose godinama sme\u0107e i ostavljaju pored kontejnera koji nije postavljen za tu svrhu, a ne\u0107e da plate kontejner za odvo\u017eenje kabastog otpada. Kako mi se ova gomila nalazi ispred ku\u0107e i kako firma za odno\u0161enje sme\u0107a ne\u0107e da odnese otpad, prinu\u0111eni smo da sami spaljujemo i sklanjamo&#8230;.. Obra\u0107ali smo se nadle\u017enima ali niko ne reaguje. Mo\u017eda posle va\u0161e objave neko skloni ovaj otpad. Unapred vam zahvaljujem, pi\u0161e Biljana Mari\u0107.<\/p>\n","protected":false},"excerpt":{"rendered":"<p>JAGODINA-Kabasti otpad iz dvori\u0161ta O\u0160 Goran Ostoji\u0107 iz Jagodine godinama se, prema re\u010dima suseda te \u0161kole, baca ispred privatnog stambenog objekta, \u0161to onemogu\u0107ava gra\u0111ane da &hellip; <\/p>\n","protected":false},"author":2,"featured_media":27419,"comment_status":"open","ping_status":"open","sticky":false,"template":"","format":"standard","meta":{"footnotes":""},"categories":[1524,2,5643,1514,887,16,12],"tags":[5251,5252],"_links":{"self":[{"href":"https:\/\/centralmedia.rs\/index.php\/wp-json\/wp\/v2\/posts\/27418"}],"collection":[{"href":"https:\/\/centralmedia.rs\/index.php\/wp-json\/wp\/v2\/posts"}],"about":[{"href":"https:\/\/centralmedia.rs\/index.php\/wp-json\/wp\/v2\/types\/post"}],"author":[{"embeddable":true,"href":"https:\/\/centralmedia.rs\/index.php\/wp-json\/wp\/v2\/users\/2"}],"replies":[{"embeddable":true,"href":"https:\/\/centralmedia.rs\/index.php\/wp-json\/wp\/v2\/comments?post=27418"}],"version-history":[{"count":1,"href":"https:\/\/centralmedia.rs\/index.php\/wp-json\/wp\/v2\/posts\/27418\/revisions"}],"predecessor-version":[{"id":27420,"href":"https:\/\/centralmedia.rs\/index.php\/wp-json\/wp\/v2\/posts\/27418\/revisions\/27420"}],"wp:featuredmedia":[{"embeddable":true,"href":"https:\/\/centralmedia.rs\/index.php\/wp-json\/wp\/v2\/media\/27419"}],"wp:attachment":[{"href":"https:\/\/centralmedia.rs\/index.php\/wp-json\/wp\/v2\/media?parent=27418"}],"wp:term":[{"taxonomy":"category","embeddable":true,"href":"https:\/\/centralmedia.rs\/index.php\/wp-json\/wp\/v2\/categories?post=27418"},{"taxonomy":"post_tag","embeddable":true,"href":"https:\/\/centralmedia.rs\/index.php\/wp-json\/wp\/v2\/tags?post=27418"}],"curies":[{"name":"wp","href":"https:\/\/api.w.org\/{rel}","templated":true}]}}