{"id":27450,"date":"2021-07-10T18:59:38","date_gmt":"2021-07-10T16:59:38","guid":{"rendered":"http:\/\/centralmedia.rs\/?p=27450"},"modified":"2022-01-04T18:19:06","modified_gmt":"2022-01-04T17:19:06","slug":"palma-deo-opozicije-okupljen-oko-dragana-dilasa-i-vuka-jeremica-u-stvari-trazi-alibi-za-neizlazak-na-izbore-jer-im-je-svaki-cenzus-visok","status":"publish","type":"post","link":"https:\/\/centralmedia.rs\/index.php\/2021\/07\/10\/palma-deo-opozicije-okupljen-oko-dragana-dilasa-i-vuka-jeremica-u-stvari-trazi-alibi-za-neizlazak-na-izbore-jer-im-je-svaki-cenzus-visok\/","title":{"rendered":"PALMA : DEO OPOZICIJE OKUPLJEN OKO DRAGANA \u0110ILASA I VUKA JEREMI\u0106A U STVARI TRA\u017dI ALIBI ZA NEIZLAZAK NA IZBORE, JER IM JE SVAKI CENZUS VISOK"},"content":{"rendered":"<p>JAGODINA-&#8220;Na izborima u Srbiji ne glasaju ni Tanja Fajon ni Vladimir Bil\u010dik ni Knut Fleken\u0161tajn. Oni glasaju u Sloveniji, Slova\u010dkoj i Nema\u010dkoj. Mi veoma po\u0161tujemo te dr\u017eave i po\u0161tujemo poslanike iz tih dr\u017eava, ali i njima je jasno nakon me\u0111ustrana\u010dkog dijaloga \u0161ta tra\u017ei deo opzicije u Srbiji. Svi oni su danas rekli kako su razgovori o izbornim uslovima u Beogradu bili konstruktivni i kako im ne smeta \u0161to deo opozicije u Srbiji ne \u017eeli me\u0111unarodne posrednike u dijalogu o izbornim uslovima. Mediji pod kontrolom Dragana \u0110ilasa baviili su se ko predstavlja vladaju\u0107e partije u dijalogu, a nisu se bavili izbornim uslovima&#8221;, rekao je predsednik Jedinstvene Srbije Dragan Markovi\u0107 Palma. &#8220;I dana\u0161nji njihov takozvani skup u Valjevu na koji je \u0110ilasova radnica Marinika Tepi\u0107 stigla Por\u0161eom od ko zna koliko para i gde su sakupili 10 ljudi iz Valjeva, pokazuje \u0161ta je njihov zahtev. Njihov zahtev nisu izborni uslovi ni mediji, jer oni u svom vlasni\u0161tvu imaju vi\u0161e medija, dve televizije, novine, mnogo portala. Ni u dr\u017eavama Tanje Fajon, Vladimira Bil\u010dika i Knuta Fleken\u0161tajna opozicija nema toliko medija koliko ima u Srbiji. Zahtevi tog dela opozicije su krv na ulicama Beograda, razbijanje glava, paljenje Skup\u0161tine Srbije i ponovno osvajanje dr\u017eavnog bud\u017eeta, bud\u017eeta javnih preduze\u0107a, grada Beograda, lokalnih samouprava i pokrajinskog bud\u017eeta, pa da dele pare sebi i svojim kriminalcima. Samo za taj program ima jedna prepreka, a ona se zove gra\u0111ani Srbije. Mo\u017ee Vu\u010di\u0107 da smanji cenzus i na jedan posto za ulazak u parlament, ali i to je mnogo za lopove, la\u017eove, prevarant, kriminalce koji su vi\u0161e puta hap\u0161eni i osu\u0111ivani, i bolesnike sa vi\u0161estrukim psihijatrijskim \u0161iframa, koje predvode Dragan \u0110ilas i Marinika Tepi\u0107. Sada da pitate Tanju Fajon, Vladimira Bil\u010dika i Knuta Fleken\u0161tajna &#8220;\u0161ta su \u010duli kao zahtev tog dela opozicije&#8221;, budite sigurni da ne\u0107e imati odgovor. Njihove dr\u017eave su ure\u0111ene dr\u017eave, a i Srbija je ure\u0111ena dr\u017eava. U\u010de\u0161\u0107e tog dela opozicije na me\u0111ustrana\u010dkom dijalogu o izbornim uslovima je farsa, kao \u0161to im je sve farsa i la\u017e i nije njihov cilj da iza\u0111u na izbore, ve\u0107 im treba alibi za neizlazak na izbore. Upravo su \u0110ilas i Marinika tra\u017eili posredovanje evroparlamentaraca a na razgovore nisu ni do\u0161li. Oni la\u017eima \u017eele gra\u0111ane Srbije da dovedu u zabludu, ali la\u017ei vi\u0161e ne mogu da pro\u0111u kod gra\u0111ana Srbije ve\u0107 samo dela. La\u017ei bez dela nikada ne\u0107e imati rezultat na izborima. Taj deo opozicije okupljen oko Dragan \u0110ilasa, Marinike Tepi\u0107 i Vuka Jeremi\u0107a u stvari tra\u017ei Evropu da ih podr\u017ei u bojkotu, jer je svaki cenzus za njih visok. Ali Evropa to niti je razumela niti \u0107e razumeti. Evropa dobro razume otvaranje fabrika, novih radnih mesta, pove\u0107anje plata i penzija, porast BDP &#8211; a, ekonomsku, politi\u010dkui i zdravstvenu stabilnost i sigurnost. To svi koji mislimo dobro svojim gra\u0111anima razumemo, a poziv na lin\u010d i krv, to razumeju samo oni koji bi da love u mutnom kao Dragan \u0110ilas. Ali voda se izbistrila&#8221;, ocenio je Markovi\u0107.<\/p>\n<p>&nbsp;<\/p>\n","protected":false},"excerpt":{"rendered":"<p>JAGODINA-&#8220;Na izborima u Srbiji ne glasaju ni Tanja Fajon ni Vladimir Bil\u010dik ni Knut Fleken\u0161tajn. Oni glasaju u Sloveniji, Slova\u010dkoj i Nema\u010dkoj. Mi veoma po\u0161tujemo &hellip; <\/p>\n","protected":false},"author":2,"featured_media":26864,"comment_status":"open","ping_status":"open","sticky":false,"template":"","format":"standard","meta":{"footnotes":""},"categories":[1524,2,1514,5643,13,887,12],"tags":[353,643,5255,120],"_links":{"self":[{"href":"https:\/\/centralmedia.rs\/index.php\/wp-json\/wp\/v2\/posts\/27450"}],"collection":[{"href":"https:\/\/centralmedia.rs\/index.php\/wp-json\/wp\/v2\/posts"}],"about":[{"href":"https:\/\/centralmedia.rs\/index.php\/wp-json\/wp\/v2\/types\/post"}],"author":[{"embeddable":true,"href":"https:\/\/centralmedia.rs\/index.php\/wp-json\/wp\/v2\/users\/2"}],"replies":[{"embeddable":true,"href":"https:\/\/centralmedia.rs\/index.php\/wp-json\/wp\/v2\/comments?post=27450"}],"version-history":[{"count":1,"href":"https:\/\/centralmedia.rs\/index.php\/wp-json\/wp\/v2\/posts\/27450\/revisions"}],"predecessor-version":[{"id":27451,"href":"https:\/\/centralmedia.rs\/index.php\/wp-json\/wp\/v2\/posts\/27450\/revisions\/27451"}],"wp:featuredmedia":[{"embeddable":true,"href":"https:\/\/centralmedia.rs\/index.php\/wp-json\/wp\/v2\/media\/26864"}],"wp:attachment":[{"href":"https:\/\/centralmedia.rs\/index.php\/wp-json\/wp\/v2\/media?parent=27450"}],"wp:term":[{"taxonomy":"category","embeddable":true,"href":"https:\/\/centralmedia.rs\/index.php\/wp-json\/wp\/v2\/categories?post=27450"},{"taxonomy":"post_tag","embeddable":true,"href":"https:\/\/centralmedia.rs\/index.php\/wp-json\/wp\/v2\/tags?post=27450"}],"curies":[{"name":"wp","href":"https:\/\/api.w.org\/{rel}","templated":true}]}}