{"id":27452,"date":"2021-07-10T19:44:03","date_gmt":"2021-07-10T17:44:03","guid":{"rendered":"http:\/\/centralmedia.rs\/?p=27452"},"modified":"2021-07-16T15:08:54","modified_gmt":"2021-07-16T13:08:54","slug":"genocid-nad-srbima-u-podrinju-bez-kazne-sjecanje-na-zrtve-foto","status":"publish","type":"post","link":"https:\/\/centralmedia.rs\/index.php\/2021\/07\/10\/genocid-nad-srbima-u-podrinju-bez-kazne-sjecanje-na-zrtve-foto\/","title":{"rendered":"GENOCID nad Srbima u Podrinju bez kazne &#8211; sje\u0107anje na \u017ertve (FOTO)"},"content":{"rendered":"<p>BRATUNAC-U Bratuncu je danas odr\u017eana Centralna komemoracija za 3.267 Srba, ubijenih tokom proteklog rata u Srebrenici i okolini, prenosi RTRS.<\/p>\n<div id='gallery-1' class='gallery galleryid-27452 gallery-columns-5 gallery-size-thumbnail'><figure class='gallery-item'>\n\t\t\t<div class='gallery-icon landscape'>\n\t\t\t\t<a href='https:\/\/centralmedia.rs\/index.php\/2021\/07\/10\/genocid-nad-srbima-u-podrinju-bez-kazne-sjecanje-na-zrtve-foto\/grobovi-srpskih-zrtava\/'><img loading=\"lazy\" decoding=\"async\" width=\"150\" height=\"150\" src=\"https:\/\/centralmedia.rs\/wp-content\/uploads\/2021\/07\/GROBOVI-SRPSKIH-ZRTAVA-150x150.jpg\" class=\"attachment-thumbnail size-thumbnail\" alt=\"\" \/><\/a>\n\t\t\t<\/div><\/figure><figure class='gallery-item'>\n\t\t\t<div class='gallery-icon landscape'>\n\t\t\t\t<a href='https:\/\/centralmedia.rs\/index.php\/2021\/07\/10\/genocid-nad-srbima-u-podrinju-bez-kazne-sjecanje-na-zrtve-foto\/grobovi-srpskih-zrtava1\/'><img loading=\"lazy\" decoding=\"async\" width=\"150\" height=\"150\" src=\"https:\/\/centralmedia.rs\/wp-content\/uploads\/2021\/07\/GROBOVI-SRPSKIH-ZRTAVA1-150x150.jpg\" class=\"attachment-thumbnail size-thumbnail\" alt=\"\" \/><\/a>\n\t\t\t<\/div><\/figure><figure class='gallery-item'>\n\t\t\t<div class='gallery-icon landscape'>\n\t\t\t\t<a href='https:\/\/centralmedia.rs\/index.php\/2021\/07\/10\/genocid-nad-srbima-u-podrinju-bez-kazne-sjecanje-na-zrtve-foto\/grobovi-srpskih-zrtava2\/'><img loading=\"lazy\" decoding=\"async\" width=\"150\" height=\"150\" src=\"https:\/\/centralmedia.rs\/wp-content\/uploads\/2021\/07\/GROBOVI-SRPSKIH-ZRTAVA2-150x150.jpg\" class=\"attachment-thumbnail size-thumbnail\" alt=\"\" \/><\/a>\n\t\t\t<\/div><\/figure><figure class='gallery-item'>\n\t\t\t<div class='gallery-icon landscape'>\n\t\t\t\t<a href='https:\/\/centralmedia.rs\/index.php\/2021\/07\/10\/genocid-nad-srbima-u-podrinju-bez-kazne-sjecanje-na-zrtve-foto\/grobovi-srpskih-zrtava3\/'><img loading=\"lazy\" decoding=\"async\" width=\"150\" height=\"150\" src=\"https:\/\/centralmedia.rs\/wp-content\/uploads\/2021\/07\/GROBOVI-SRPSKIH-ZRTAVA3-150x150.jpg\" class=\"attachment-thumbnail size-thumbnail\" alt=\"\" \/><\/a>\n\t\t\t<\/div><\/figure><figure class='gallery-item'>\n\t\t\t<div class='gallery-icon landscape'>\n\t\t\t\t<a href='https:\/\/centralmedia.rs\/index.php\/2021\/07\/10\/genocid-nad-srbima-u-podrinju-bez-kazne-sjecanje-na-zrtve-foto\/grobovi-srpskih-zrtava4\/'><img loading=\"lazy\" decoding=\"async\" width=\"150\" height=\"150\" src=\"https:\/\/centralmedia.rs\/wp-content\/uploads\/2021\/07\/GROBOVI-SRPSKIH-ZRTAVA4-150x150.jpg\" class=\"attachment-thumbnail size-thumbnail\" alt=\"\" \/><\/a>\n\t\t\t<\/div><\/figure>\n\t\t<\/div>\n\n<p>28.divizija tzv. Armije BiH, u prvim ratnim godinama, gotovo svakodnevno je upadala u srpska sela u okolini ovog grada. Ubijali si civile, starce, \u017eene i djecu, a ku\u0107e palili.<\/p>\n<p>U znak sje\u0107anja na stradale, na gradskom groblju kod Spomen krsta slu\u017een je parastos i polo\u017eeni vijenci.<\/p>\n<p>Porodice, prijatelji prisjetili su se ubijenih Srba Srebrenice, Bratunca i okoline. Ubijenih se prisjetio i Brano Vu\u010deti\u0107 kome su muslimanske formacije pobile kompletnu porodicu.<\/p>\n<p>&#8211; Meni su pobili \u010ditavu porodicu samo zato \u0161to su bili Srbi i tako se zvali. Mene su sa devet godina odveli u logor i dan-danas osje\u0107am posljedice &#8211; pri\u010da Vu\u010deti\u0107.<\/p>\n<p>Slavki Mati\u0107 zlo\u010dinci su ubili dvije k\u0107eri i mu\u017ea. Nisu imali milosti ni prema \u017eenama, pri\u010da Slavka. Taj dan muslimani iz Srebrenice ubili su 68 mje\u0161tana Bjelovca.<\/p>\n<p>&#8211; \u010cula sam ono njihovo &#8220;alahu ekber&#8221;&#8230;.one su bile ispred ku\u0107e, ubijene su na pragu &#8211; prisje\u0107a se Slavka dana koji joj je trajno obilje\u017eio \u017eivot.<\/p>\n<p>Ono \u0161to su muslimani iz Srebrenice u\u010dinili srpskom narodu u Podrinju zove se genocid koji je zapo\u010det u Drugom svjetskom ratu, a nastavljen u Odbrambeno-otad\u017ebinskom, istakli su iz organicije porodica poginulih.<\/p>\n<div id='gallery-2' class='gallery galleryid-27452 gallery-columns-5 gallery-size-thumbnail'><figure class='gallery-item'>\n\t\t\t<div class='gallery-icon landscape'>\n\t\t\t\t<a href='https:\/\/centralmedia.rs\/index.php\/2021\/07\/10\/genocid-nad-srbima-u-podrinju-bez-kazne-sjecanje-na-zrtve-foto\/parastos-2\/'><img loading=\"lazy\" decoding=\"async\" width=\"150\" height=\"150\" src=\"https:\/\/centralmedia.rs\/wp-content\/uploads\/2021\/07\/PARASTOS-150x150.jpg\" class=\"attachment-thumbnail size-thumbnail\" alt=\"\" \/><\/a>\n\t\t\t<\/div><\/figure><figure class='gallery-item'>\n\t\t\t<div class='gallery-icon landscape'>\n\t\t\t\t<a href='https:\/\/centralmedia.rs\/index.php\/2021\/07\/10\/genocid-nad-srbima-u-podrinju-bez-kazne-sjecanje-na-zrtve-foto\/parastos1-2\/'><img loading=\"lazy\" decoding=\"async\" width=\"150\" height=\"150\" src=\"https:\/\/centralmedia.rs\/wp-content\/uploads\/2021\/07\/PARASTOS1-150x150.jpg\" class=\"attachment-thumbnail size-thumbnail\" alt=\"\" \/><\/a>\n\t\t\t<\/div><\/figure><figure class='gallery-item'>\n\t\t\t<div class='gallery-icon landscape'>\n\t\t\t\t<a href='https:\/\/centralmedia.rs\/index.php\/2021\/07\/10\/genocid-nad-srbima-u-podrinju-bez-kazne-sjecanje-na-zrtve-foto\/vecnci\/'><img loading=\"lazy\" decoding=\"async\" width=\"150\" height=\"150\" src=\"https:\/\/centralmedia.rs\/wp-content\/uploads\/2021\/07\/VECNCI-150x150.jpg\" class=\"attachment-thumbnail size-thumbnail\" alt=\"\" \/><\/a>\n\t\t\t<\/div><\/figure><figure class='gallery-item'>\n\t\t\t<div class='gallery-icon landscape'>\n\t\t\t\t<a href='https:\/\/centralmedia.rs\/index.php\/2021\/07\/10\/genocid-nad-srbima-u-podrinju-bez-kazne-sjecanje-na-zrtve-foto\/veterani-2\/'><img loading=\"lazy\" decoding=\"async\" width=\"150\" height=\"150\" src=\"https:\/\/centralmedia.rs\/wp-content\/uploads\/2021\/07\/VETERANI-150x150.jpg\" class=\"attachment-thumbnail size-thumbnail\" alt=\"\" \/><\/a>\n\t\t\t<\/div><\/figure><figure class='gallery-item'>\n\t\t\t<div class='gallery-icon landscape'>\n\t\t\t\t<a href='https:\/\/centralmedia.rs\/index.php\/2021\/07\/10\/genocid-nad-srbima-u-podrinju-bez-kazne-sjecanje-na-zrtve-foto\/veterani1-2\/'><img loading=\"lazy\" decoding=\"async\" width=\"150\" height=\"150\" src=\"https:\/\/centralmedia.rs\/wp-content\/uploads\/2021\/07\/VETERANI1-150x150.jpg\" class=\"attachment-thumbnail size-thumbnail\" alt=\"\" \/><\/a>\n\t\t\t<\/div><\/figure>\n\t\t<\/div>\n\n<p>Predsjednica Op\u0161tinske organizacije porodica zarobljenih i poginulih boraca i nestalih civila Bratunac Radojka Filipovi\u0107 rekla je da zlo\u010dini nad Srbima Podrinja imaju sve elemente genocida.<\/p>\n<p>Za brojne masovne zlo\u010dine nad Srbima, koje su muslimanske snage iz Srebrenice pod komandom Nasera Ori\u0107a po\u010dinile od 1992. do 1995. godine, jo\u0161 niko nije odgovarao.<\/p>\n<p>Na\u010delnik op\u0161tine Bratunac Sr\u0111an Raniki\u0107 ka\u017ee da se srpske \u017ertve na sve na\u010dine poku\u0161avaju minimizirati i da to ne smijemo da dozvolimo.<\/p>\n<p>Protjerano je i etni\u010dki o\u010di\u0161\u0107eno gotovo pedeset sela, pa i samo gradsko jezgro Srebrenice, a ljudi su ubijani samo zato \u0161to su nosili srpska imena.<\/p>\n<p>Predsjednik Vlade Republike Srpske Radovan Vi\u0161kovi\u0107 da je stradanje srpskog naroda u Podrinju u minulom ratu ostalo neka\u017enjeno, dok se Srbima sudi i za komandnu odgovornost.<\/p>\n<p>Govore\u0107i o pravdi za srpske \u017ertve, Vi\u0161kovi\u0107 je rekao da tu sudovi i pravda mo\u017eda imaju neke druge ar\u0161ine, te da \u0107e dana\u0161nji skup zlo\u010dince podsjetiti na njihova nadjela.<\/p>\n<p>&#8211; Gdje su danas ovdje sa nama oni koji nam tako \u0161irokogrudo nude pomirenje, da zaboravimo i pra\u0161tamo? Nemam ni\u0161ta protiv toga, ni kao \u010dovjek, ni kao borac, \u0161to \u0107e oni sutra biti u Poto\u010darima, na to imaju pravo, ali gdje vam je obraz da ne do\u0111ete danas u Bratunac i poklonite se srpskim \u017ertvama &#8211; naglasio je Vi\u0161kovi\u0107.<\/p>\n<p>Poslanik u Predstavni\u010dkom domu Parlamentarne skup\u0161tine BiH Nenad Stevandi\u0107 rekao je da skoro cijeli svijet ho\u0107e da ponizi i zaboravi srpske \u017ertve, ali da je svijest srpskog naroda o stradanju ja\u010da od zaborava<\/p>\n<p>Na gradskom groblju slu\u017een je parastos za sve stradale, a vijence na Spomen krst su polo\u017eili predstavnici republi\u010dkih institucija, Vlade Republike Srpske\u00a0 ruski ambasador u BiH Igor Kalabuhov, gosti iz Crne Gore, organizacije proistekle iz Odbrambeno-otad\u017ebinskog rata i brojne druge delegacije.<\/p>\n","protected":false},"excerpt":{"rendered":"<p>BRATUNAC-U Bratuncu je danas odr\u017eana Centralna komemoracija za 3.267 Srba, ubijenih tokom proteklog rata u Srebrenici i okolini, prenosi RTRS. 28.divizija tzv. Armije BiH, u &hellip; <\/p>\n","protected":false},"author":2,"featured_media":27453,"comment_status":"open","ping_status":"open","sticky":false,"template":"","format":"standard","meta":{"footnotes":""},"categories":[2],"tags":[5256,3280,3230],"_links":{"self":[{"href":"https:\/\/centralmedia.rs\/index.php\/wp-json\/wp\/v2\/posts\/27452"}],"collection":[{"href":"https:\/\/centralmedia.rs\/index.php\/wp-json\/wp\/v2\/posts"}],"about":[{"href":"https:\/\/centralmedia.rs\/index.php\/wp-json\/wp\/v2\/types\/post"}],"author":[{"embeddable":true,"href":"https:\/\/centralmedia.rs\/index.php\/wp-json\/wp\/v2\/users\/2"}],"replies":[{"embeddable":true,"href":"https:\/\/centralmedia.rs\/index.php\/wp-json\/wp\/v2\/comments?post=27452"}],"version-history":[{"count":1,"href":"https:\/\/centralmedia.rs\/index.php\/wp-json\/wp\/v2\/posts\/27452\/revisions"}],"predecessor-version":[{"id":27464,"href":"https:\/\/centralmedia.rs\/index.php\/wp-json\/wp\/v2\/posts\/27452\/revisions\/27464"}],"wp:featuredmedia":[{"embeddable":true,"href":"https:\/\/centralmedia.rs\/index.php\/wp-json\/wp\/v2\/media\/27453"}],"wp:attachment":[{"href":"https:\/\/centralmedia.rs\/index.php\/wp-json\/wp\/v2\/media?parent=27452"}],"wp:term":[{"taxonomy":"category","embeddable":true,"href":"https:\/\/centralmedia.rs\/index.php\/wp-json\/wp\/v2\/categories?post=27452"},{"taxonomy":"post_tag","embeddable":true,"href":"https:\/\/centralmedia.rs\/index.php\/wp-json\/wp\/v2\/tags?post=27452"}],"curies":[{"name":"wp","href":"https:\/\/api.w.org\/{rel}","templated":true}]}}