{"id":27465,"date":"2021-07-10T19:54:21","date_gmt":"2021-07-10T17:54:21","guid":{"rendered":"http:\/\/centralmedia.rs\/?p=27465"},"modified":"2022-01-04T18:18:41","modified_gmt":"2022-01-04T17:18:41","slug":"dodik-politikanstvo-ambasadora-da-dolaze-samo-na-obelezavanje-11-jula","status":"publish","type":"post","link":"https:\/\/centralmedia.rs\/index.php\/2021\/07\/10\/dodik-politikanstvo-ambasadora-da-dolaze-samo-na-obelezavanje-11-jula\/","title":{"rendered":"Dodik: Politikanstvo ambasadora da dolaze samo na obele\u017eavanje 11. jula"},"content":{"rendered":"<p>BANJALUKA- Politikanstvo stranih ambasadora to \u0161to dolaze samo na obilje\u017eavanje 11. jula, a da obilje\u017eavanje doga\u0111aja u Srebrenici u Sarajevu zloupotrebljavaju za obra\u010dune, u pogledu svoje politi\u010dke platforme.<\/p>\n<p>To nije dalo ni drugima pa ni nama da na civilizovan i pristojan na\u010din odamo po\u0161tu svima koji su stradali, \u0161to trebamo u\u010diniti i ovaj put bez obzira na mimikriju koju oni poku\u0161avaju da naprave od tog doga\u0111aja, koji, kao \u0161to smo mogli da vidimo iz izvje\u0161taja me\u0111unarodne komisije koja je zavr\u0161ila rad prije mjesec dana, da se ta famozna rije\u010d koju oni upoterbljavaju &#8220;genocid&#8221; ne mo\u017ee staviti ispred tih doga\u0111aja &#8211; rekao je Dodik u intervjuu Srni.<\/p>\n<p>On je istakao da to treba da bude jasno i da bude potpuno podr\u017eana od svih takva kvalifikacija.<\/p>\n<p>&#8211; Treba da bude podr\u017eana od svih racionalnih, normalnih ljudi, prije svega nas Srba jer vidimo da upravo ta satanizacija treba da poslu\u017ei da se opere njihova ne\u010dasna istorija koja je bila uvijek u slu\u017ebi okupatora i onih koji su dolazili, konverita koji su se prebacivali iz vjere u vjeru &#8211; rekao je Dodik.<\/p>\n<p>On je ukazao na podatke da je predak Denisa Zvizdi\u0107a &#8211; Juro Zvizdi\u0107, kome su Turci napastvovali \u017eenu, da bi za\u0161titio porodicu, odlu\u010dio da promijeni vjeru i prihvatio islam.<\/p>\n<p>&#8211; Mislim da bi bilo korektno da na to pitanje odgovaramo za nekoliko dana, da pustimo da sutra na najmirniji na\u010din, porodice, prije svega, odaju po\u0161tu stradalim Bo\u0161njacima, mi isto tako stradalim Srbima &#8211; naveo je Dodik.<\/p>\n<p>On je dodao da su neistinite politi\u010dke konotacije koje su nesumnjivo postavljene od bo\u0161nja\u010dke politike, da se samo obilje\u017eava i samo se poku\u0161ava re\u0107i da su u Srebrenici stradali Bo\u0161njaci, a ne jednako i Srbi.<\/p>\n<p>&#8211; Ne\u0107u i\u0107i dalje oko ovoga mada imam \u0161ta da ka\u017eem jer po\u0161tujem bol porodica i bo\u0161nja\u010dkih i ovom prilikom sam spreman da im uputim sau\u010de\u0161\u0107e i da u tom pogledu dopustimo da bez politi\u010dkih prepucavanja u miru obi\u0111u grobna mjesta svojih \u010dlanova porodice i na taj na\u010din budu sa njima &#8211; istakao je Dodik.<\/p>\n<p>On je dodao da je o stalnom sahranjivanju nekih iz Viteza koji nemaju veze sa tim i drugih mjesta, mnogo toga re\u010deno.<\/p>\n<p>&#8211; Ima podataka da su tabuti prazni, da u njima nema posmrtnih ostataka, nego se samo stavi ime &#8211; rekao je Dodik.<\/p>\n<p>\u010cinjenicu da delegacije iz regiona i ambasadori dolaze samo na obilje\u017eavanje 11. jula, a niko osim predstavnika Srbije na obilje\u017eavanje stradanja Srba, Dodik je nazvao \u010distim politikantstvom ambasadora i stranih delegacija.<\/p>\n<p>&#8211; Pogotovo ta pri\u010da o \/predsjedniku Crne Gore Milu\/ \u0110ukanovi\u0107u koji je bio logistika za te doga\u0111aje jer je opremao i davao neke logisti\u010dke stvari za Vojsku Republike Srpske, ako ba\u0161 ho\u0107e na taj na\u010din da se to posmatra &#8211; rekao je Dodik.<\/p>\n<p>On je dodao da je Vojska Republike Srpske bila \u010dasna i branila srpski narod, a da je druga dimenzija \u0161to ho\u0107e neko to da satanizuje.<\/p>\n<p>&#8211; Prisustvo stranih ambasadora prije svega je rezultat stereotipa koji je napravljen &#8211; istakao je Dodik.<\/p>\n<p>On je rekao da je danas u novinama pro\u010ditao izjavu \u0161vedskog nau\u010dnika koji govori o tome da je nemogu\u0107e dokazati da je to bio genocid, imaju\u0107i u vidu da ne postoji lokalni genocid i da je to izmi\u0161ljotina jednog Amerikanca koji je muslimanske vjeroispovijesti, profesora, koji je u Kongresu svojevremeno tra\u017eio podr\u0161ku za to da se stvar oko genocida revitalizuje i da se na taj na\u010din uspostavi tretman navodnih lokalnih genocida, \u0161to ne postoji.<\/p>\n<p>&#8211; Ta platforma Kongresa je bila osnov za presu\u0111ivanje u Ha\u0161kom tribunalu i sada svi to nastoje da odr\u017ee kao takvo. To je i svojevrsno poni\u017eavanje Holokausta igenocida koji su do\u017eivjeli Jevreji, recimo, u Drugom svjetskom ratu, a da ne pri\u010damo o genocidu nad Srbima koji nisu nikada htjeli da prihvate &#8211; ukazao je Dodik.<\/p>\n<p>On je rekao da je pro\u0161li vijek bio vijek genocida nad Srbima &#8220;od strane onih koji \u0107e sutra do\u0107i kao stranci da to posjete&#8221;.<\/p>\n<p>&#8211; Imate pogovaranje da je Inckov otac bio SS oficir. Ja nosim naslje\u0111e i vaspitan sam u partizanskoj porodice, moj i jedan i drugi djed bili su partizani. Ja sam vaspitan na tim vrijednostima kao \u0161to je vjerovatno Incko vaspitan na vrijednostima svog oca. I \u0161ta mi sada treba da \u0107utimo o tome i da ka\u017eemo da su oni nama dobrodo\u0161li. Vidite da nisu &#8211; naglasio je Dodik.<\/p>\n<p>Prema njegovim rije\u010dima, mr\u017enja prema Srbima ugra\u0111ena je u germanski kod koji se &#8220;protezao kroz pro\u0161li vijek i visoke predstavnike koje ovde stalno guraju&#8221;.<\/p>\n<p>&#8211; \u0160ta oni imaju da upravljaju nama ovde u Republici Srpskoj? Mogu da vole ili ne vole, ali mislim da kona\u010dno treba da se skinu sa na\u0161e grba\u010de i da nas puste na miru da ovde gradimo miran \u017eivot i da se borimo sa izazovima, a ne da nas stalno oni upotrbljavaju i zloupotrebljavaju onako kao oni ho\u0107e &#8211; rekao je Dodik.<\/p>\n<p>On je naveo da Incku ne smetaju nazivi ulica po Sarajevu fa\u0161isti\u010dkih prvaka iz Drugog svjetskog rata &#8220;a onda je oti\u0161ao da se zgra\u017eava nad nekim moralom na nekoj privatnoj imovini&#8221;.<\/p>\n<p>&#8211; \u010covjek koji ima svoju ku\u0107u, ima pravo da slika \u0161ta ho\u0107e, ne\u0107e mu Incko i to odre\u0111ivati i govoriti i ulaziti u spava\u0107u sobu, kao \u0161to su Turci radili svojevremeno. To govori o njihovom kontinuitetu, prije svega, insistiranja na stereotipu da samo jedni ne valjaju, a drugi su navodno \u017ertve &#8211; rekao je Dodik.<\/p>\n<p>Prema njegovim rije\u010dima, sva politika devedesetih godina napravljena je na satanizaciji i la\u017enoj pri\u010di o tome kako su Srbi pobili 300 hiljada Bo\u0161njaka, odnosno muslimana, a sada je jasno da to nije tako i da je to bila neistina.<\/p>\n<p>&#8211; I Dejtonski sporazum i na\u010din formiranja BiH pobijedio je koncepciju o referendumu kojom je trebalo narodi da se opredilijele ho\u0107e li i li ne\u0107e zajedno, \u0161to je bilo jedino racionalno, ali su onda rekli da ne mogu to dozvoliti jer su Srbi pobili 300 hiljada Bo\u0161njaka &#8211; rekao je Dodik.<\/p>\n<p>On je naglasi da se ista politika se nastavlja i dalje i da nije bilo nikavog genocida, a da &#8220;mogu da rade \u0161ta god ho\u0107e&#8221;.<\/p>\n<p>&#8211; Ne \u017eelim da vrije\u0111am nijednog muslimana, ne \u017eelim da vrije\u0111am nijednu porodicu stradalih Bo\u0161njaka, njima je svijet sru\u0161en kada su njihovi \u010dlanovi porodice stradali. Samo oni politi\u010dki motivisani na tome insistiraju &#8211; rekao Dodik i dodao da su politizacije dio jedne farse koja se pravi uporno i poku\u0161ava prodati svijetu.<\/p>\n<p>Dodik je istakao da \u0107e Republika Srpska opstati i ja\u010dati, te da ona svoju snagu pokazuje sve vrijeme svog postojanja.<\/p>\n<p>&#8211; Republika Srpska je neupitna i niko ne mo\u017ee da je umanji ili ukine osim neopreza koji bi narod srpske u\u010dinio i dao povjerenje nekima koji sada poku\u0161avaju da ga prevare &#8211; rekao je Dodik.<\/p>\n<p>On je naglasio da iz niza ste\u010denih istorijskih razloga BiH ne mo\u017ee da bude dr\u017eava, ali stranci koji \u0107e se sutra postrojiti u Poto\u010darima uporno \u0107e htjeti da promijene mi\u0161ljenje srpskog naroda o tome.<\/p>\n<p>&#8211; Oni misle da je pristojno da BiH mo\u017ee i mora, a mi koji \u017eivimo taj \u017eivot i smatramo da ona za nas nije dobra mi ne smijemo da ka\u017eemo da to nije tako. Ta vrsta odnosa stranaca prema nama pro\u0107i \u0107e jednog dana, pro\u0161li smo mnoge stvari, pa \u0107emo i to. Srbi su konsolidovan narod bez obzira \u0161to su oni u\u010dinili sve da ga uni\u0161te i \u0161to nam brane da Srpska i Srbija budu jedno i u dr\u017eavno-pravnom smislu. Mi to \u017eivimo kako god i \u0161ta god oni u\u010dinili &#8211; rekao je Dodik.<\/p>\n<p>On je naglasio da je jedina istina da su Srbi u Srpskoj i Srbi u Srbiji jedan narod koji pripada srpskom nacionalnom bi\u0107u i dr\u017eavnom okviru.<\/p>\n<p>&#8211; Srbi, za razliku od Bo\u0161njaka, veoma su svjesni doga\u0111aja koji su se de\u0161avali u postupku raspada biv\u0161e Jugosalvije. Mi smo narod koji je najvi\u0161e stradao i koji je najvi\u0161e raseljen, a danas smo u Hrvatskoj ili FBiH gotovo egzoti\u010dna pojava. U Sloveniji ne dozvoljvaju ni da budemo nacionalna manjina, iako je tamo vi\u0161e Srba nego drugih naroda kojima su dali taj status. Da ne pri\u010damo o Crnoj Gori i borbi na\u0161ih ljudi da imaju pravo kao \u0161to imaju i drugi, ni\u0161ta drugo i ne tra\u017ee. Oni prihvataju Crnu Goru kao svoju dr\u017eavu i samo tra\u017ee da budu politi\u010dki faktor onoliko koliko su prisutni, jer u toj zemlji \u017eivi vi\u0161e od 30 odsto srpske populacije. Kad tome dodamo jo\u0161 i Kosovo i poziciju na\u0161eg naroda u Makedoniji onda imamo jasan pregled o polo\u017eaju Srba &#8211; ukazao je Dodik.<\/p>\n<p>U tom pogledu, ka\u017ee Dodik, kada se pogleda insistiranje na tome da jedan izolovan doga\u0111aj kakav je Srebrenica do te mjere maksimalizujete i internacionalizujete onda je jasno da je to globalisti\u010dka potreba za okupljanjem oko izmi\u0161ljenih mitova.<\/p>\n<p>&#8211; Od Srebrenice se poku\u0161ava napraviti osniva\u010dki mit za naciju koja je posljednjih decenija tri puta mijenjala svoj identitet. Prije 30, 40 godina bili su Srbi muhamedanske vjere, zatim muslimani sa malim &#8220;m&#8221;, a od 1993. Bo\u0161njaci.<\/p>\n<p>Oni su stalno konvertovali svoje nacionalno pripadni\u0161tvo, a svijet poku\u0161ava da ih etablira jer mogu da ih koriste za saveznike. Za razliku od Bo\u0161njaka, Srbi su istorijski narod koji je bio uporan u nastojanjima da o\u010duva svoju slobodu i brani Evrope jo\u0161 od vremena Turaka i njihove najezde. Taj mali narod je stao pred tu velesilu, stradao je i bio potu\u010den ali taj zov slobode nije nestao nikada, ni poslije u balkanskim ratovima, u Prvom i Drugom svjetskom ratu, za vrijeme NATO bombardovanje&#8230; Srbi su ljudi koji se razlikuju od Bo\u0161njaka i drugih naroda, jer mi ne kalkuli\u0161emo sa svojom slobodom svjesni da \u0107emo istrpiti ogromne gubitke, ali svoju slobodu ne damo &#8211; istakao je Dodik.<\/p>\n<p>On je rekao da su Srbi mo\u017eda mogli da budu malo manje gordi i snishodljivi i da ra\u0161ire ruke \u010dim neki stranac nai\u0111e, ali onda to ne bi bili Srbi, ve\u0107 bi bili servilni narod.<\/p>\n","protected":false},"excerpt":{"rendered":"<p>BANJALUKA- Politikanstvo stranih ambasadora to \u0161to dolaze samo na obilje\u017eavanje 11. jula, a da obilje\u017eavanje doga\u0111aja u Srebrenici u Sarajevu zloupotrebljavaju za obra\u010dune, u pogledu &hellip; <\/p>\n","protected":false},"author":2,"featured_media":6671,"comment_status":"open","ping_status":"open","sticky":false,"template":"","format":"standard","meta":{"footnotes":""},"categories":[2],"tags":[5310,5258,3123],"_links":{"self":[{"href":"https:\/\/centralmedia.rs\/index.php\/wp-json\/wp\/v2\/posts\/27465"}],"collection":[{"href":"https:\/\/centralmedia.rs\/index.php\/wp-json\/wp\/v2\/posts"}],"about":[{"href":"https:\/\/centralmedia.rs\/index.php\/wp-json\/wp\/v2\/types\/post"}],"author":[{"embeddable":true,"href":"https:\/\/centralmedia.rs\/index.php\/wp-json\/wp\/v2\/users\/2"}],"replies":[{"embeddable":true,"href":"https:\/\/centralmedia.rs\/index.php\/wp-json\/wp\/v2\/comments?post=27465"}],"version-history":[{"count":1,"href":"https:\/\/centralmedia.rs\/index.php\/wp-json\/wp\/v2\/posts\/27465\/revisions"}],"predecessor-version":[{"id":27466,"href":"https:\/\/centralmedia.rs\/index.php\/wp-json\/wp\/v2\/posts\/27465\/revisions\/27466"}],"wp:featuredmedia":[{"embeddable":true,"href":"https:\/\/centralmedia.rs\/index.php\/wp-json\/wp\/v2\/media\/6671"}],"wp:attachment":[{"href":"https:\/\/centralmedia.rs\/index.php\/wp-json\/wp\/v2\/media?parent=27465"}],"wp:term":[{"taxonomy":"category","embeddable":true,"href":"https:\/\/centralmedia.rs\/index.php\/wp-json\/wp\/v2\/categories?post=27465"},{"taxonomy":"post_tag","embeddable":true,"href":"https:\/\/centralmedia.rs\/index.php\/wp-json\/wp\/v2\/tags?post=27465"}],"curies":[{"name":"wp","href":"https:\/\/api.w.org\/{rel}","templated":true}]}}