{"id":27467,"date":"2021-07-10T19:58:01","date_gmt":"2021-07-10T17:58:01","guid":{"rendered":"http:\/\/centralmedia.rs\/?p=27467"},"modified":"2021-07-16T15:07:33","modified_gmt":"2021-07-16T13:07:33","slug":"filipovic-zlocini-nad-srbima-podrinja-imaju-elemente-genocida","status":"publish","type":"post","link":"https:\/\/centralmedia.rs\/index.php\/2021\/07\/10\/filipovic-zlocini-nad-srbima-podrinja-imaju-elemente-genocida\/","title":{"rendered":"Filipovi\u0107: Zlo\u010dini nad Srbima podrinja imaju elemente genocida"},"content":{"rendered":"<p>Predsjednik Op\u0161tinske organizacije porodica zarobljenih i poginulih boraca i nestalih civila Bratunac Radojka Filipovi\u0107 izjavila je danas da zlo\u010dini nad Srbima Podrinja imaju sve elemente genocida.<\/p>\n<p>Filipovi\u0107eva je istakla da su Srbi u Podrinju masovno ubijani i u Prvom i u Drugom svjetskom ratu, a i u odbrambeno-otad\u017ebinskom.<\/p>\n<p>Ona je podsjetila na stradanje porodice Ljubomira Mla\u0111enovi\u0107a iz Je\u017eestice u op\u0161tini Bratunac kojem su u Drugom svjetskom ratu ubili oca, majku, \u010detvorogodi\u0161nju k\u0107er, a trudnoj supruzi rasporili stomak i izvadili mu\u0161ku bebu.<\/p>\n<p>&#8211; Ljubomirovog brata Petra su zaklali zajedno sa suprugom i \u010detiri k\u0107eri koje su imale 20, 17, 15 i 13 godina &#8211; navela je Filipovi\u0107eva u obra\u0107anju na obilje\u017eavanju 29 godina od zlo\u010dina nad srpskim narodom iz srednjeg Podrinja koji su od aprila 1992. do polovine januara 1993. godine po\u010dinile muslimanske snage.<\/p>\n<p>Ona je rekla da je Ljubomir odveden u logor, te da se u Je\u017eesticu vratio nakon rata, ponovo o\u017eenio i sa suprugom Savkom izrodio tri sina i dvije k\u0107eri.<\/p>\n<p>Filipovi\u0107eva je navela da je Ljubomir na Petrovdan 1992. godine te\u0161ko ranjen dok je obavljao radove na njivi, odakle je preba\u010den u Beograd na lije\u010denje.<\/p>\n<p>&#8211; Muslimani iz Srebrenice 8. avgusta iste godine upali su u Je\u017eesticu i na ku\u0107nom pragu mu zaklali suprugu Savku, sinu Draganu sjekirom rasjecaju glavu, a sinu An\u0111elku odsijecaju glavu &#8211; rekla je Filipovi\u0107eva.<\/p>\n<p>Ona je dodala da su muslimani An\u0111elkovu glavu kao trofej odnijeli Naseru Ori\u0107u u Srebrenicu.<\/p>\n<p>&#8211; An\u0111elkova glava je poslu\u017eila kao lopta za fudbal na igrali\u0161tu u Srebrenici, a Ljubomir je od tuge, nedugo nakon toga, preminuo u Beogradu &#8211; ispri\u010dala je Filipovi\u0107eva, podsje\u0107aju\u0107i na stra\u0161ne zlo\u010dine koje su muslimani \u010dinili na podru\u010dju Podrinja.<\/p>\n<p>Ona je naglasila da se sve ovo de\u0161avalo Srbima u Podrinju, a pripisivalo im se da su izvr\u0161ili agresiju i genocid.<\/p>\n<p>Filipovi\u0107eva napominje da se u svijet plasirala jednostrana pri\u010da, samo o stradanju Bo\u0161njaka u julu 1995. godine.<\/p>\n<p>&#8211; Niko nije htio da \u010duje istinu da su na ovim prostorima i Srbi ubijani i da je prva \u017ertva na ovim prostorima bio Ljubo Stjepanovi\u0107, koji je ubijen 20. aprila 1992. godine u zasjedi u Poto\u010darima &#8211; rekla je ona.<\/p>\n<p>Filipovi\u0107eva je istakla da su Srbi ubijani na velike praznike, na Bo\u017ei\u0107, na srpsku Novu godinu, na Vidovdan, \u0110ur\u0111evdan, Petrovdan, Nikoljdan.<\/p>\n<p>&nbsp;<\/p>\n","protected":false},"excerpt":{"rendered":"<p>Predsjednik Op\u0161tinske organizacije porodica zarobljenih i poginulih boraca i nestalih civila Bratunac Radojka Filipovi\u0107 izjavila je danas da zlo\u010dini nad Srbima Podrinja imaju sve elemente &hellip; <\/p>\n","protected":false},"author":2,"featured_media":27469,"comment_status":"open","ping_status":"open","sticky":false,"template":"","format":"standard","meta":{"footnotes":""},"categories":[2],"tags":[5256,5259,5258],"_links":{"self":[{"href":"https:\/\/centralmedia.rs\/index.php\/wp-json\/wp\/v2\/posts\/27467"}],"collection":[{"href":"https:\/\/centralmedia.rs\/index.php\/wp-json\/wp\/v2\/posts"}],"about":[{"href":"https:\/\/centralmedia.rs\/index.php\/wp-json\/wp\/v2\/types\/post"}],"author":[{"embeddable":true,"href":"https:\/\/centralmedia.rs\/index.php\/wp-json\/wp\/v2\/users\/2"}],"replies":[{"embeddable":true,"href":"https:\/\/centralmedia.rs\/index.php\/wp-json\/wp\/v2\/comments?post=27467"}],"version-history":[{"count":1,"href":"https:\/\/centralmedia.rs\/index.php\/wp-json\/wp\/v2\/posts\/27467\/revisions"}],"predecessor-version":[{"id":27468,"href":"https:\/\/centralmedia.rs\/index.php\/wp-json\/wp\/v2\/posts\/27467\/revisions\/27468"}],"wp:featuredmedia":[{"embeddable":true,"href":"https:\/\/centralmedia.rs\/index.php\/wp-json\/wp\/v2\/media\/27469"}],"wp:attachment":[{"href":"https:\/\/centralmedia.rs\/index.php\/wp-json\/wp\/v2\/media?parent=27467"}],"wp:term":[{"taxonomy":"category","embeddable":true,"href":"https:\/\/centralmedia.rs\/index.php\/wp-json\/wp\/v2\/categories?post=27467"},{"taxonomy":"post_tag","embeddable":true,"href":"https:\/\/centralmedia.rs\/index.php\/wp-json\/wp\/v2\/tags?post=27467"}],"curies":[{"name":"wp","href":"https:\/\/api.w.org\/{rel}","templated":true}]}}