{"id":27470,"date":"2021-07-10T20:04:32","date_gmt":"2021-07-10T18:04:32","guid":{"rendered":"http:\/\/centralmedia.rs\/?p=27470"},"modified":"2021-07-15T22:24:17","modified_gmt":"2021-07-15T20:24:17","slug":"kulturno-zabavno-leto-u-svilajncu","status":"publish","type":"post","link":"https:\/\/centralmedia.rs\/index.php\/2021\/07\/10\/kulturno-zabavno-leto-u-svilajncu\/","title":{"rendered":"KULTURNO ZABAVNO LETO U SVILAJNCU"},"content":{"rendered":"<p>SVILAJNAC-U okviru Kulturno-zabavnog leta 2021. u Svilajncu planiani su mnogobrojni koncerti i nastupi na Trgu Stevana Sin\u0111eli\u0107a. Prvi nastup na kome \u0107e u\u017eivati publika iz celog regiona je koncert grupe Hari Mata Hari 15. jula od 21 \u010das.<\/p>\n","protected":false},"excerpt":{"rendered":"<p>SVILAJNAC-U okviru Kulturno-zabavnog leta 2021. u Svilajncu planiani su mnogobrojni koncerti i nastupi na Trgu Stevana Sin\u0111eli\u0107a. Prvi nastup na kome \u0107e u\u017eivati publika iz &hellip; <\/p>\n","protected":false},"author":2,"featured_media":27471,"comment_status":"open","ping_status":"open","sticky":false,"template":"","format":"standard","meta":{"footnotes":""},"categories":[1524,2,23,887,1517,3055],"tags":[5260,38],"_links":{"self":[{"href":"https:\/\/centralmedia.rs\/index.php\/wp-json\/wp\/v2\/posts\/27470"}],"collection":[{"href":"https:\/\/centralmedia.rs\/index.php\/wp-json\/wp\/v2\/posts"}],"about":[{"href":"https:\/\/centralmedia.rs\/index.php\/wp-json\/wp\/v2\/types\/post"}],"author":[{"embeddable":true,"href":"https:\/\/centralmedia.rs\/index.php\/wp-json\/wp\/v2\/users\/2"}],"replies":[{"embeddable":true,"href":"https:\/\/centralmedia.rs\/index.php\/wp-json\/wp\/v2\/comments?post=27470"}],"version-history":[{"count":1,"href":"https:\/\/centralmedia.rs\/index.php\/wp-json\/wp\/v2\/posts\/27470\/revisions"}],"predecessor-version":[{"id":27472,"href":"https:\/\/centralmedia.rs\/index.php\/wp-json\/wp\/v2\/posts\/27470\/revisions\/27472"}],"wp:featuredmedia":[{"embeddable":true,"href":"https:\/\/centralmedia.rs\/index.php\/wp-json\/wp\/v2\/media\/27471"}],"wp:attachment":[{"href":"https:\/\/centralmedia.rs\/index.php\/wp-json\/wp\/v2\/media?parent=27470"}],"wp:term":[{"taxonomy":"category","embeddable":true,"href":"https:\/\/centralmedia.rs\/index.php\/wp-json\/wp\/v2\/categories?post=27470"},{"taxonomy":"post_tag","embeddable":true,"href":"https:\/\/centralmedia.rs\/index.php\/wp-json\/wp\/v2\/tags?post=27470"}],"curies":[{"name":"wp","href":"https:\/\/api.w.org\/{rel}","templated":true}]}}