{"id":27475,"date":"2021-07-12T15:47:48","date_gmt":"2021-07-12T13:47:48","guid":{"rendered":"http:\/\/centralmedia.rs\/?p=27475"},"modified":"2021-07-16T15:07:42","modified_gmt":"2021-07-16T13:07:42","slug":"pomen-i-parastos-srbima-ubijenim-na-petrovdan-1992-godine-da-se-ne-zboravi-foto","status":"publish","type":"post","link":"https:\/\/centralmedia.rs\/index.php\/2021\/07\/12\/pomen-i-parastos-srbima-ubijenim-na-petrovdan-1992-godine-da-se-ne-zboravi-foto\/","title":{"rendered":"Pomen i parastos Srbima ubijenim na Petrovdan 1992. godine &#8211; DA SE NE ZBORAVI (FOTO)"},"content":{"rendered":"<p>U srebreni\u010dkim selima Sase i Zalazje i bratuna\u010dkim Bilja\u010da i Zagoni u toku je obilje\u017eavanje 29 godina od stradanja 69 srpskih civila i vojnika u koje su na Petrovdan 1992. godine ubile muslimanske snage.<\/p>\n<div id='gallery-1' class='gallery galleryid-27475 gallery-columns-5 gallery-size-thumbnail'><figure class='gallery-item'>\n\t\t\t<div class='gallery-icon landscape'>\n\t\t\t\t<a href='https:\/\/centralmedia.rs\/index.php\/2021\/07\/12\/pomen-i-parastos-srbima-ubijenim-na-petrovdan-1992-godine-da-se-ne-zboravi-foto\/genocid-nad-srbima1-2\/'><img loading=\"lazy\" decoding=\"async\" width=\"150\" height=\"150\" src=\"https:\/\/centralmedia.rs\/wp-content\/uploads\/2021\/07\/genocid-nad-srbima1-150x150.jpg\" class=\"attachment-thumbnail size-thumbnail\" alt=\"\" \/><\/a>\n\t\t\t<\/div><\/figure><figure class='gallery-item'>\n\t\t\t<div class='gallery-icon landscape'>\n\t\t\t\t<a href='https:\/\/centralmedia.rs\/index.php\/2021\/07\/12\/pomen-i-parastos-srbima-ubijenim-na-petrovdan-1992-godine-da-se-ne-zboravi-foto\/genocid-nad-srbima2\/'><img loading=\"lazy\" decoding=\"async\" width=\"150\" height=\"150\" src=\"https:\/\/centralmedia.rs\/wp-content\/uploads\/2021\/07\/genocid-nad-srbima2-150x150.jpg\" class=\"attachment-thumbnail size-thumbnail\" alt=\"\" \/><\/a>\n\t\t\t<\/div><\/figure><figure class='gallery-item'>\n\t\t\t<div class='gallery-icon landscape'>\n\t\t\t\t<a href='https:\/\/centralmedia.rs\/index.php\/2021\/07\/12\/pomen-i-parastos-srbima-ubijenim-na-petrovdan-1992-godine-da-se-ne-zboravi-foto\/genocid-nad-srbima3\/'><img loading=\"lazy\" decoding=\"async\" width=\"150\" height=\"150\" src=\"https:\/\/centralmedia.rs\/wp-content\/uploads\/2021\/07\/genocid-nad-srbima3-150x150.jpg\" class=\"attachment-thumbnail size-thumbnail\" alt=\"\" \/><\/a>\n\t\t\t<\/div><\/figure><figure class='gallery-item'>\n\t\t\t<div class='gallery-icon landscape'>\n\t\t\t\t<a href='https:\/\/centralmedia.rs\/index.php\/2021\/07\/12\/pomen-i-parastos-srbima-ubijenim-na-petrovdan-1992-godine-da-se-ne-zboravi-foto\/genocid-nad-srbima4jpg\/'><img loading=\"lazy\" decoding=\"async\" width=\"150\" height=\"150\" src=\"https:\/\/centralmedia.rs\/wp-content\/uploads\/2021\/07\/genocid-nad-srbima4jpg-150x150.jpg\" class=\"attachment-thumbnail size-thumbnail\" alt=\"\" \/><\/a>\n\t\t\t<\/div><\/figure><figure class='gallery-item'>\n\t\t\t<div class='gallery-icon landscape'>\n\t\t\t\t<a href='https:\/\/centralmedia.rs\/index.php\/2021\/07\/12\/pomen-i-parastos-srbima-ubijenim-na-petrovdan-1992-godine-da-se-ne-zboravi-foto\/genocid-nad-srbima5\/'><img loading=\"lazy\" decoding=\"async\" width=\"150\" height=\"150\" src=\"https:\/\/centralmedia.rs\/wp-content\/uploads\/2021\/07\/genocid-nad-srbima5-150x150.jpg\" class=\"attachment-thumbnail size-thumbnail\" alt=\"\" \/><\/a>\n\t\t\t<\/div><\/figure>\n\t\t<\/div>\n\n<p>U toku je parastos kod spomenika i kosturnice na Zalazju za Srbe ubijene na Petrovdan 1992. godine, kao i za sve ostale srpske vojnike i civile iz ove op\u0161tine poginule u odbrambeno-otad\u017ebinskom ratu, ali i \u017ertve ovog sela koje su ubile usta\u0161e drugi dan Troji\u010dindana 1943. godine.<\/p>\n<div id='gallery-2' class='gallery galleryid-27475 gallery-columns-5 gallery-size-thumbnail'><figure class='gallery-item'>\n\t\t\t<div class='gallery-icon landscape'>\n\t\t\t\t<a href='https:\/\/centralmedia.rs\/index.php\/2021\/07\/12\/pomen-i-parastos-srbima-ubijenim-na-petrovdan-1992-godine-da-se-ne-zboravi-foto\/genocid-nad-srbima6\/'><img loading=\"lazy\" decoding=\"async\" width=\"150\" height=\"150\" src=\"https:\/\/centralmedia.rs\/wp-content\/uploads\/2021\/07\/genocid-nad-srbima6-150x150.jpg\" class=\"attachment-thumbnail size-thumbnail\" alt=\"\" srcset=\"https:\/\/centralmedia.rs\/wp-content\/uploads\/2021\/07\/genocid-nad-srbima6-150x150.jpg 150w, https:\/\/centralmedia.rs\/wp-content\/uploads\/2021\/07\/genocid-nad-srbima6-300x300.jpg 300w, https:\/\/centralmedia.rs\/wp-content\/uploads\/2021\/07\/genocid-nad-srbima6-768x768.jpg 768w, https:\/\/centralmedia.rs\/wp-content\/uploads\/2021\/07\/genocid-nad-srbima6-420x420.jpg 420w, https:\/\/centralmedia.rs\/wp-content\/uploads\/2021\/07\/genocid-nad-srbima6-640x640.jpg 640w, https:\/\/centralmedia.rs\/wp-content\/uploads\/2021\/07\/genocid-nad-srbima6-681x681.jpg 681w, https:\/\/centralmedia.rs\/wp-content\/uploads\/2021\/07\/genocid-nad-srbima6.jpg 1000w\" sizes=\"(max-width: 150px) 100vw, 150px\" \/><\/a>\n\t\t\t<\/div><\/figure><figure class='gallery-item'>\n\t\t\t<div class='gallery-icon landscape'>\n\t\t\t\t<a href='https:\/\/centralmedia.rs\/index.php\/2021\/07\/12\/pomen-i-parastos-srbima-ubijenim-na-petrovdan-1992-godine-da-se-ne-zboravi-foto\/genocid-nad-srbima7\/'><img loading=\"lazy\" decoding=\"async\" width=\"150\" height=\"150\" src=\"https:\/\/centralmedia.rs\/wp-content\/uploads\/2021\/07\/genocid-nad-srbima7-150x150.jpg\" class=\"attachment-thumbnail size-thumbnail\" alt=\"\" \/><\/a>\n\t\t\t<\/div><\/figure><figure class='gallery-item'>\n\t\t\t<div class='gallery-icon landscape'>\n\t\t\t\t<a href='https:\/\/centralmedia.rs\/index.php\/2021\/07\/12\/pomen-i-parastos-srbima-ubijenim-na-petrovdan-1992-godine-da-se-ne-zboravi-foto\/genocid-nad-srbima8\/'><img loading=\"lazy\" decoding=\"async\" width=\"150\" height=\"150\" src=\"https:\/\/centralmedia.rs\/wp-content\/uploads\/2021\/07\/genocid-nad-srbima8-150x150.jpg\" class=\"attachment-thumbnail size-thumbnail\" alt=\"\" \/><\/a>\n\t\t\t<\/div><\/figure><figure class='gallery-item'>\n\t\t\t<div class='gallery-icon landscape'>\n\t\t\t\t<a href='https:\/\/centralmedia.rs\/index.php\/2021\/07\/12\/pomen-i-parastos-srbima-ubijenim-na-petrovdan-1992-godine-da-se-ne-zboravi-foto\/genocid-nad-srbima9\/'><img loading=\"lazy\" decoding=\"async\" width=\"150\" height=\"150\" src=\"https:\/\/centralmedia.rs\/wp-content\/uploads\/2021\/07\/genocid-nad-srbima9-150x150.jpg\" class=\"attachment-thumbnail size-thumbnail\" alt=\"\" \/><\/a>\n\t\t\t<\/div><\/figure><figure class='gallery-item'>\n\t\t\t<div class='gallery-icon landscape'>\n\t\t\t\t<a href='https:\/\/centralmedia.rs\/index.php\/2021\/07\/12\/pomen-i-parastos-srbima-ubijenim-na-petrovdan-1992-godine-da-se-ne-zboravi-foto\/genocid-nad-srbima10\/'><img loading=\"lazy\" decoding=\"async\" width=\"150\" height=\"150\" src=\"https:\/\/centralmedia.rs\/wp-content\/uploads\/2021\/07\/genocid-nad-srbima10-150x150.jpg\" class=\"attachment-thumbnail size-thumbnail\" alt=\"\" \/><\/a>\n\t\t\t<\/div><\/figure>\n\t\t<\/div>\n\n<p>Parastosu prisustvuju ministar unutra\u0161njih poslova Republike Srpske Dragan Luka\u010d i ministar unutra\u0161njih poslova Srbije Aleksandar Vulin.<\/p>\n<div id='gallery-3' class='gallery galleryid-27475 gallery-columns-3 gallery-size-thumbnail'><figure class='gallery-item'>\n\t\t\t<div class='gallery-icon landscape'>\n\t\t\t\t<a href='https:\/\/centralmedia.rs\/index.php\/2021\/07\/12\/pomen-i-parastos-srbima-ubijenim-na-petrovdan-1992-godine-da-se-ne-zboravi-foto\/genocid-nad-srbima11\/'><img loading=\"lazy\" decoding=\"async\" width=\"150\" height=\"150\" src=\"https:\/\/centralmedia.rs\/wp-content\/uploads\/2021\/07\/genocid-nad-srbima11-150x150.jpg\" class=\"attachment-thumbnail size-thumbnail\" alt=\"\" \/><\/a>\n\t\t\t<\/div><\/figure><figure class='gallery-item'>\n\t\t\t<div class='gallery-icon landscape'>\n\t\t\t\t<a href='https:\/\/centralmedia.rs\/index.php\/2021\/07\/12\/pomen-i-parastos-srbima-ubijenim-na-petrovdan-1992-godine-da-se-ne-zboravi-foto\/genocid-nad-srbima12\/'><img loading=\"lazy\" decoding=\"async\" width=\"150\" height=\"150\" src=\"https:\/\/centralmedia.rs\/wp-content\/uploads\/2021\/07\/genocid-nad-srbima12-150x150.jpg\" class=\"attachment-thumbnail size-thumbnail\" alt=\"\" \/><\/a>\n\t\t\t<\/div><\/figure><figure class='gallery-item'>\n\t\t\t<div class='gallery-icon portrait'>\n\t\t\t\t<a href='https:\/\/centralmedia.rs\/index.php\/2021\/07\/12\/pomen-i-parastos-srbima-ubijenim-na-petrovdan-1992-godine-da-se-ne-zboravi-foto\/genocid-nad-srbima13\/'><img loading=\"lazy\" decoding=\"async\" width=\"150\" height=\"150\" src=\"https:\/\/centralmedia.rs\/wp-content\/uploads\/2021\/07\/genocid-nad-srbima13-150x150.jpg\" class=\"attachment-thumbnail size-thumbnail\" alt=\"\" \/><\/a>\n\t\t\t<\/div><\/figure>\n\t\t<\/div>\n\n<p>Slu\u017eena je liturgija u Crkvi Pokrova Presvete Bogorodice u Srebrenici.<\/p>\n<p>\u010clanovi porodica poginulih, rodbina, kom\u0161ije, saborci i delegacije posjetila su mjesta stradanja i polo\u017eila cvije\u0107e kod spomen-obilje\u017eja na groblju u Bratuncu i strati\u0161tima u Bilja\u010di i Sasama.<\/p>\n<p>Cve\u0107e na spomen-obele\u017eje polo\u017eili su ministar unutra\u0161njih poslova Republike Srpske Dragan Luka\u010d i izaslanik predsednika Srbije i ministar unutra\u0161njih poslova Srbije Aleksandar Vulin, na\u010delnici op\u0161tina Bratunac i Srebrenica Sr\u0111an Ranki\u0107 i Mladen Gruji\u010di\u0107. O zlo\u010dinima po\u010dinjenim nad Srbima i stradanju srpskog naroda u 20. veku i poslednjem ratu govorili su Luka\u010d, Vulin i Gruji\u010di\u0107.<\/p>\n<p>Oni su podsetili na brojna masovna srpska stradanja u ovom kraju i \u0161irom BiH u svim ratovima za koja niko nije odgovarao, kao i na nepravdu koju Srbima nanose Ha\u0161ki i Sud BiH, te na licemeran odnos predstavnika me\u0111unarodne zajednice koji razli\u010dito tretiraju \u017ertve ignori\u0161u\u0107i srpske u odnosu na \u017ertve drugih naroda. Pozvali su na jedinstvo i slogu i \u010duvanje istine o srpskom stradanju, kao i njegovanje se\u0107anja i preno\u0161enju istine o tim stradanjima na mla\u0111a pokolenja da im se sudbina ne bi ponovila.<\/p>\n<p>&#8211; Srebrenica je potpuno zapostavljena kada je re\u010d o srpskim \u017ertvama. Niko nije osu\u0111en za zlo\u010dine nad srebreni\u010dkim Srbima u Ha\u0161kom tribunalu i to je razlog za\u0161to ne verujemo u rad me\u0111unarodnog, ali i Suda BiH koji pravdu dele selektivno, poru\u010dio je Gruji\u010di\u0107.<\/p>\n<p>Milorad Stanojevi\u0107 je pre 29 godina ranjen na Zalazju, a poginuo mu je brat Bo\u017eo i ranjen otac.<\/p>\n<p>&#8211; Po istom scenariju radili su i 1943. i 1992. godine ubijaju\u0107i sve \u0161to su stigli Naser Ori\u0107 i njegovi sledbenici. Zarobljene su gvozdenim vilama boli u Srebrenici. Hag i Sud BiH \u0161tite muslimanske zlo\u010dince i sudstvo Srbije treba da preuzme te predmete, poru\u010dio je Stanojevi\u0107 kome je u pro\u0161lom ratu poginuo i drugi brat Radislav.<\/p>\n<p>Staka Cvjetinovi\u0107 je tako\u0111e ogor\u010dena na rad ha\u0161kog i pravosu\u0111a BiH. \u00a0-Mu\u017e Ivan nestao je ovde na Zalazju pre 29 godina i na\u0111en i sahranjen nakon 20 godina. Za njega i ostale koji su \u017eivi zarobljeni pa ubijeni u Srebrenici jo\u0161 niko nije odgovarao, iako postoje svjedo\u010denja i o\u010devici su davali izjave, ali oni koji odlu\u010duju to omalova\u017eavaju, navela je Cvjetinovi\u0107eva.<\/p>\n<p>Ona je istakao da nema pravde za Srbe i da mladima treba prenositi \u0161ta se de\u0161avalo, da znaju da im se to ne ponovi.<\/p>\n<p>Pre parastosa, \u010dlanovi porodica poginulih, saborci, bora\u010dke i op\u0161tinske delegacije Srebrenice i Bratunca polo\u017eili su cve\u0107e na groblju u Bratuncu, gde je sahranjen najve\u0107i broj ubijenih, te na srpskim strati\u0161tima u Bilja\u010di i Sasama. \u010clanovi porodica i predstavnici Bora\u010dke i Organizacije porodica zarobljenih i poginulih boraca i nestalih civila iz Srebrenice ponovo su danas izrazili nezadovoljstvo zbog rada Tu\u017eila\u0161tva i Suda BiH.<\/p>\n<p>Slu\u017eenjem parastosa na Zalazju zavr\u0161en je 25. memorijalni program &#8220;Petrovdanski dani&#8221; koji je, povodom 29 godina od stradanja srebreni\u010dkih Srba, organizovao srebreni\u010dki Odbor za obele\u017eavanje srpskog stradanja.<\/p>\n<p>Tog tragi\u010dnog Petrovdana jake muslimanske snage iz Srebrenice pod komandom ratnog komandanta muslimanskih snaga u Srebrenici Nasera Ori\u0107a nastavile su sistematsko i plansko etni\u010dko \u010di\u0161\u0107enje Srba u srebreni\u010dkoj op\u0161tini zapo\u010deto u aprilu te godine. Upale su u vi\u0161e srpskih sela u srebreni\u010dkoj i bratuna\u010dkoj op\u0161tini ubijaju\u0107i, plja\u010dkaju\u0107i i pale\u0107i sve \u0161to su stigle. Osim 69 poginulih na Petrovdan 1992. godine, nestalo je i zarobljeno jo\u0161 22 Srba od kojih se 10 jo\u0161 vode kao nestali, a veliki broj je ranjen. Nakon mu\u010denja i zlostavljanja u srebreni\u010dkim logorima svi su ubijeni, a posmrtne ostatke njih 10 slu\u010dajno je prona\u0161ao tim za tra\u017eenje nestalih iz Tuzle 10. juna 2011. godine u Zalazju, prilikom tra\u017eenja muslimanskih \u017ertava. \u00a0Nakon vi\u0161e od godinu dana, ti posmrtni ostaci su identifikovani i sahranjeni 2012. godine na Petrovdan, dva su prona\u0111ena i sahranjena ranije, a za jo\u0161 10 Srba nestalih tog dana i dalje se traga.<\/p>\n<p>&nbsp;<\/p>\n","protected":false},"excerpt":{"rendered":"<p>U srebreni\u010dkim selima Sase i Zalazje i bratuna\u010dkim Bilja\u010da i Zagoni u toku je obilje\u017eavanje 29 godina od stradanja 69 srpskih civila i vojnika u &hellip; <\/p>\n","protected":false},"author":2,"featured_media":27476,"comment_status":"open","ping_status":"open","sticky":false,"template":"","format":"standard","meta":{"footnotes":""},"categories":[2],"tags":[5256,5258,5261,5263,5262],"_links":{"self":[{"href":"https:\/\/centralmedia.rs\/index.php\/wp-json\/wp\/v2\/posts\/27475"}],"collection":[{"href":"https:\/\/centralmedia.rs\/index.php\/wp-json\/wp\/v2\/posts"}],"about":[{"href":"https:\/\/centralmedia.rs\/index.php\/wp-json\/wp\/v2\/types\/post"}],"author":[{"embeddable":true,"href":"https:\/\/centralmedia.rs\/index.php\/wp-json\/wp\/v2\/users\/2"}],"replies":[{"embeddable":true,"href":"https:\/\/centralmedia.rs\/index.php\/wp-json\/wp\/v2\/comments?post=27475"}],"version-history":[{"count":3,"href":"https:\/\/centralmedia.rs\/index.php\/wp-json\/wp\/v2\/posts\/27475\/revisions"}],"predecessor-version":[{"id":27496,"href":"https:\/\/centralmedia.rs\/index.php\/wp-json\/wp\/v2\/posts\/27475\/revisions\/27496"}],"wp:featuredmedia":[{"embeddable":true,"href":"https:\/\/centralmedia.rs\/index.php\/wp-json\/wp\/v2\/media\/27476"}],"wp:attachment":[{"href":"https:\/\/centralmedia.rs\/index.php\/wp-json\/wp\/v2\/media?parent=27475"}],"wp:term":[{"taxonomy":"category","embeddable":true,"href":"https:\/\/centralmedia.rs\/index.php\/wp-json\/wp\/v2\/categories?post=27475"},{"taxonomy":"post_tag","embeddable":true,"href":"https:\/\/centralmedia.rs\/index.php\/wp-json\/wp\/v2\/tags?post=27475"}],"curies":[{"name":"wp","href":"https:\/\/api.w.org\/{rel}","templated":true}]}}