{"id":27492,"date":"2021-07-12T15:59:04","date_gmt":"2021-07-12T13:59:04","guid":{"rendered":"http:\/\/centralmedia.rs\/?p=27492"},"modified":"2021-07-16T15:07:48","modified_gmt":"2021-07-16T13:07:48","slug":"gideon-grajf-niko-ne-treba-da-mi-objasnjava-sta-je-genocid-dokazali-smo-da-ga-u-srebrenici-nije-bilo","status":"publish","type":"post","link":"https:\/\/centralmedia.rs\/index.php\/2021\/07\/12\/gideon-grajf-niko-ne-treba-da-mi-objasnjava-sta-je-genocid-dokazali-smo-da-ga-u-srebrenici-nije-bilo\/","title":{"rendered":"Gideon Grajf: Niko ne treba da mi obja\u0161njava \u0161ta je genocid, dokazali smo da ga u Srebrenici nije bilo"},"content":{"rendered":"<p>Izve\u0161taj Nezavisne me\u0111unarodne komisije za istra\u017eivanje stradanja svih naroda u srebreni\u010dkoj regiji u periodu 1992\u20131995. Godine govori da ,,genocida nije bio ni na koji na\u010din i to je dokazano\u201d. Predsednik komisije, glavni istra\u017eiva\u010d izraelskog Instituta za Holokaust \u201c\u0160em Olam\u201d i istori\u010dar Gideon Grajf, o nalazima izve\u0161taja govorio je za Radio-televiziju Republike Srpske.<\/p>\n<p>Me\u0111unarodna nezavisna komisija za istra\u017eivanje stradanja svih naroda na podru\u010dju Srebrenice od 1992. do 1995. godine radila je dve godine. U javnost su iza\u0161li sa vi\u0161e 1.200 stranica izve\u0161taja.<\/p>\n<p>&#8220;Ja sam Jevrejin i znam \u0161ta genocid zna\u010di. Pripadam starom narodu nad kojim je izvr\u0161en genocid, najve\u0107i genocid u istoriji \u010dove\u010danstva. Meni niko ne treba da obja\u0161njava \u0161ta je genocid. Navedeni doga\u0111aji nisu genocid ni na koji na\u010din i mi smo to dokazali. Dakle, ne to nije na\u0161e mi\u0161ljenje, mi smo to dokazali&#8221;, nagla\u0161ava Gideon Grajf, predsednik Me\u0111unarodne nezavisne komisije za istra\u017eivanje stradanja u Srebrenici.<\/p>\n<p>Dodaje da se nije radilo o genocidu i da se ne mo\u017ee nazvati genocid, a ako neko koristi taj termin, ka\u017ee Grajf \u2013 treba ga izbrisati iz istorije.<\/p>\n<p>&#8220;To je va\u017eno zato \u0161to su optu\u017ebe o po\u010dinjenom genocidu veoma ozbiljne, zato \u0161to odluka o \u010dinjenju genocida predstavlja te\u017eak zlo\u010din, a u ovom slu\u010daju to delo ne postoji. Naravno po\u010dinjen je zlo\u010din, ali taj zlo\u010din uop\u0161te se ne mo\u017ee nazvati genocid i mislim da je to veoma va\u017eno&#8221;, isti\u010de Grajf.<\/p>\n<p>Na izve\u0161taju je, ka\u017ee Gideon Grajf, radilo 10 stru\u010dnjaka iz razli\u010ditih oblasti. Uveren je da su ta\u010dno prikazali \u0161ta se de\u0161avalo u Srebrenici.<\/p>\n<p>&#8220;Drugi zaklju\u010dak se odnosi na broj \u017ertava. Taj broj smo korigovali. Nije bilo vi\u0161e od 3.714 \u017ertava. U na\u0161oj komisiji imali smo stru\u010dnjake za brojanje i izra\u010dunavanje broja \u017ertava i ustanovili su taj broj. Taj broj treba da bude zapisan u istoriji, ni manje ni vi\u0161e. Naravno, svaka smrt je tragedija, u\u017easna, toga smo svesni, ali broj \u017ertava je tako\u0111e bitan&#8221;, ukazuje Grajf.<\/p>\n<p>Namera Komisije je bila da izve\u0161taj bude objektivan, nau\u010dno utemeljen, autenti\u010dan i pouzdan, ka\u017ee Grajf i isti\u010de da su se bavili i srpskim \u017ertvama.<\/p>\n<p>&#8220;Neprijateljstva i napadi na mnoga srpska sela po\u010deli su jo\u0161 1992, mo\u017eda i ranije napadani su srpski civili. Umesto da se srpska strana optu\u017euje za agresiju, treba optu\u017eiti drugu stranu. Dakle, ne\u0161to se desilo u me\u0111uvremenu, agresor je postao \u017ertva, a \u017ertva agresor. Mi smo to ispravili&#8221;, isti\u010de Grajf.<\/p>\n<p>\u010cinjenice, ka\u017ee Grajf, treba da budu jedini faktor kada opisujemo istorijske doga\u0111aje.<\/p>\n<p>&nbsp;<\/p>\n","protected":false},"excerpt":{"rendered":"<p>Izve\u0161taj Nezavisne me\u0111unarodne komisije za istra\u017eivanje stradanja svih naroda u srebreni\u010dkoj regiji u periodu 1992\u20131995. Godine govori da ,,genocida nije bio ni na koji na\u010din &hellip; <\/p>\n","protected":false},"author":2,"featured_media":27493,"comment_status":"open","ping_status":"open","sticky":false,"template":"","format":"standard","meta":{"footnotes":""},"categories":[2],"tags":[5264,1728,5265,5207],"_links":{"self":[{"href":"https:\/\/centralmedia.rs\/index.php\/wp-json\/wp\/v2\/posts\/27492"}],"collection":[{"href":"https:\/\/centralmedia.rs\/index.php\/wp-json\/wp\/v2\/posts"}],"about":[{"href":"https:\/\/centralmedia.rs\/index.php\/wp-json\/wp\/v2\/types\/post"}],"author":[{"embeddable":true,"href":"https:\/\/centralmedia.rs\/index.php\/wp-json\/wp\/v2\/users\/2"}],"replies":[{"embeddable":true,"href":"https:\/\/centralmedia.rs\/index.php\/wp-json\/wp\/v2\/comments?post=27492"}],"version-history":[{"count":2,"href":"https:\/\/centralmedia.rs\/index.php\/wp-json\/wp\/v2\/posts\/27492\/revisions"}],"predecessor-version":[{"id":27495,"href":"https:\/\/centralmedia.rs\/index.php\/wp-json\/wp\/v2\/posts\/27492\/revisions\/27495"}],"wp:featuredmedia":[{"embeddable":true,"href":"https:\/\/centralmedia.rs\/index.php\/wp-json\/wp\/v2\/media\/27493"}],"wp:attachment":[{"href":"https:\/\/centralmedia.rs\/index.php\/wp-json\/wp\/v2\/media?parent=27492"}],"wp:term":[{"taxonomy":"category","embeddable":true,"href":"https:\/\/centralmedia.rs\/index.php\/wp-json\/wp\/v2\/categories?post=27492"},{"taxonomy":"post_tag","embeddable":true,"href":"https:\/\/centralmedia.rs\/index.php\/wp-json\/wp\/v2\/tags?post=27492"}],"curies":[{"name":"wp","href":"https:\/\/api.w.org\/{rel}","templated":true}]}}