{"id":27497,"date":"2021-07-12T16:12:58","date_gmt":"2021-07-12T14:12:58","guid":{"rendered":"http:\/\/centralmedia.rs\/?p=27497"},"modified":"2022-01-04T18:18:10","modified_gmt":"2022-01-04T17:18:10","slug":"palma-ma-kakva-albanija-jel-se-vi-to-zafrkavate-sa-mnom-na-odmor-idete-tamo-gde-vas-vole","status":"publish","type":"post","link":"https:\/\/centralmedia.rs\/index.php\/2021\/07\/12\/palma-ma-kakva-albanija-jel-se-vi-to-zafrkavate-sa-mnom-na-odmor-idete-tamo-gde-vas-vole\/","title":{"rendered":"PALMA : \u201cMA KAKVA ALBANIJA, JEL SE VI TO ZAFRKAVATE SA MNOM \u2013 NA ODMOR IDETE TAMO GDE VAS VOLE \u201d"},"content":{"rendered":"<p>JAGODINA-\u201cOni gra\u0111ani Srbije koji za odmor ne \u017eele da idu van Srbije, neka svoj godi\u0161nji odmor provedu u srpskim turisti\u010dki centrima kao \u0161tu su Jagodina, Vrnja\u010dka Banja, Zlatibor, Stara planina, Soko Banja, Ni\u0161ka Banja, Prolom Banja i sli\u010dno, a oni koji \u017eele da idu van Srbije neka odmor provedu u prijateljskim zemljama kao \u0161to su Gr\u010dka ili Egipat. Ja u Crnu Goru kao turista ne\u0107u da idem. Nemam ni\u0161ta protiv Crne Gore, Crnogorci su dobar narod i oni nisu za politku koju provode Milo \u0110ukanovi\u0107 i Zdravko Krivokapi\u0107. Gra\u0111ani Srbije neka odlu\u010de gde \u0107e ko da ide na odmor, ali Crna Gora je prva priznala nezavisnost Kosova, glasala da Kosovo u\u0111e u UNESKO i INTERPOL i glasala da se u Srebrenici desio genocid\u201d, izjavio je predsednik Jedinstvene Srbije Dragan Markovi\u0107 Palma za TV Prva u uklju\u010denju iz Paralije gde se nalazi u radnoj poseti. A na pitanje \u0161ta misli o letovanju u Albaniji Markovi\u0107 je rekao : \u201cMa kakva Albanija, jel se vi to zafrkavate sa mnom, na odmor idete tamo gde vas vole\u201d.<\/p>\n<p>VODIM 1000 POLjOPRIVREDNIKA U PARALIJU KRAJEM AVGUSTA I PO\u010cETKOM SEPTEMBRA \u2013 USLOV JE DA GRCI DOZVOLE MUZIKU U\u017dIVO<\/p>\n<p>Dragan Markovi\u0107 je rekao da u Paraliji dogovara cene za dolazak 1000 poljoprivrenika iz cele Srbije krajem avgusta i po\u010detkom septembra. \u201cNovac za tu svrhu, za dolazak 1000 poljorpivrednika iz cele Srbije u Paraliju bi\u0107e upla\u0107en sa ra\u010duna Jedinstvene Srbije. Jedinstvena Srbija, kao parlamentarna stanka dobija pare iz bud\u017eeta koji pune gra\u0111ani i te pare na taj na\u010din \u017eelimo da vra\u0107amo gra\u0111anima. Taj novac ne \u017eelimo da koristimo u predizbornoj kampanji za olovke i upalja\u010de, kao \u0161to rade neke opozicione stranke u Srbiji.<\/p>\n<p>To vi\u0161e ne prolazi. Glasa se za dela, kao \u0161to radi najve\u0107a stranka u Srbiji i njen predsednik i predsednik Srbije Aleksandar Vu\u010di\u0107, a Jedinstvena Srbija i SPS im poma\u017eemo. Kriterijum za odlazak ne\u0107e biti ko je ve\u0107i ili manji poljoprivrednik, ve\u0107 \u0107e i\u0107i i oni koji imaju 30 krava i 200 ovaca i oni koji imaju 2 krave i pet ovaca. Kriterijum \u0107e biti da idu oni koji do sada nigde nisu putovali. Vodimo gospodu poljoprivredne proizvo\u0111a\u010de, jer ta gospoda hrane Srbiju, To nisu seljaci, to su gospoda. Ja ovih dana u Paraliji razgovaram sa vlasnicima hotela o njihovom boravku ovde i treba da dobijemo privilegovane cene, jel nije isto kada neko dolazi 30 godina ovde kao ja i neko ko do\u0111e prvi put. O\u010dekujemo da Grci od prvog avgusta ukinu meru koja je sada na snazi da nije dozvoljena u\u017eivo muzika, jer mi smo narod koji voli muziku. Ukoliko se to ne desi odlo\u017ei\u0107emo to putovanje za neka bolja vremena\u201d, rekao je Markovi\u0107.<\/p>\n<p>JEDITE NA\u0160E JABUKE PETROVKE, A NE UVOZNE<\/p>\n<p>\u201cSvima koji danas slave \u017eelim sre\u0107nu krsnu slavu Svetog Petra i Pavla, a posebno gra\u0111anima Jagodine, jer danas je slava na\u0161eg grada. Izvinjavam se mojim jagodincima \u0161to danas nisam tamo ali ja i ovde radim za njih. I ja najv\u0161e volim da jedem na\u0161e srpske jabuke petrovke, one su najsla\u0111e i moja poruka svima u Srbiji je \u201cjedite na\u0161e jabuke petrovke, a ne uvozne jer sve \u0161to je iz Srbije je najbolje\u201d, poru\u010dio je Markovi\u0107.<\/p>\n<p>&nbsp;<\/p>\n<p>&nbsp;<\/p>\n","protected":false},"excerpt":{"rendered":"<p>JAGODINA-\u201cOni gra\u0111ani Srbije koji za odmor ne \u017eele da idu van Srbije, neka svoj godi\u0161nji odmor provedu u srpskim turisti\u010dki centrima kao \u0161tu su Jagodina, &hellip; <\/p>\n","protected":false},"author":2,"featured_media":27498,"comment_status":"open","ping_status":"open","sticky":false,"template":"","format":"standard","meta":{"footnotes":""},"categories":[1524,2,1514,5643,13,887,12],"tags":[842,5268,5267,367,5266],"_links":{"self":[{"href":"https:\/\/centralmedia.rs\/index.php\/wp-json\/wp\/v2\/posts\/27497"}],"collection":[{"href":"https:\/\/centralmedia.rs\/index.php\/wp-json\/wp\/v2\/posts"}],"about":[{"href":"https:\/\/centralmedia.rs\/index.php\/wp-json\/wp\/v2\/types\/post"}],"author":[{"embeddable":true,"href":"https:\/\/centralmedia.rs\/index.php\/wp-json\/wp\/v2\/users\/2"}],"replies":[{"embeddable":true,"href":"https:\/\/centralmedia.rs\/index.php\/wp-json\/wp\/v2\/comments?post=27497"}],"version-history":[{"count":1,"href":"https:\/\/centralmedia.rs\/index.php\/wp-json\/wp\/v2\/posts\/27497\/revisions"}],"predecessor-version":[{"id":27499,"href":"https:\/\/centralmedia.rs\/index.php\/wp-json\/wp\/v2\/posts\/27497\/revisions\/27499"}],"wp:featuredmedia":[{"embeddable":true,"href":"https:\/\/centralmedia.rs\/index.php\/wp-json\/wp\/v2\/media\/27498"}],"wp:attachment":[{"href":"https:\/\/centralmedia.rs\/index.php\/wp-json\/wp\/v2\/media?parent=27497"}],"wp:term":[{"taxonomy":"category","embeddable":true,"href":"https:\/\/centralmedia.rs\/index.php\/wp-json\/wp\/v2\/categories?post=27497"},{"taxonomy":"post_tag","embeddable":true,"href":"https:\/\/centralmedia.rs\/index.php\/wp-json\/wp\/v2\/tags?post=27497"}],"curies":[{"name":"wp","href":"https:\/\/api.w.org\/{rel}","templated":true}]}}