{"id":27500,"date":"2021-07-12T16:23:16","date_gmt":"2021-07-12T14:23:16","guid":{"rendered":"http:\/\/centralmedia.rs\/?p=27500"},"modified":"2021-07-16T15:07:58","modified_gmt":"2021-07-16T13:07:58","slug":"petrovdan-u-jagodini","status":"publish","type":"post","link":"https:\/\/centralmedia.rs\/index.php\/2021\/07\/12\/petrovdan-u-jagodini\/","title":{"rendered":"PETROVDAN U JAGODINI"},"content":{"rendered":"<p>JAGODINA- Gradska slava Petrovdan u Jagodini obele\u017eena ej rezanje slavskog kola\u010da u Skup\u0161tini grada Jagodina, a naredni kola\u010dar je odbornik Goran Jeli\u010di\u0107. U Crkvi Svetih Apostola Petra i Pavla slu\u017eena je \u00a0Sveta Liturgija a kola\u010dar je bio odbornik Du\u0161an Markovi\u0107. U porti crkve odr\u017ean je etno sajam. Ve\u010deras od 21 sat je rok koncert u centru grada.<\/p>\n<div id='gallery-1' class='gallery galleryid-27500 gallery-columns-3 gallery-size-thumbnail'><figure class='gallery-item'>\n\t\t\t<div class='gallery-icon landscape'>\n\t\t\t\t<a href='https:\/\/centralmedia.rs\/index.php\/2021\/07\/12\/petrovdan-u-jagodini\/petrovdan1-2\/'><img loading=\"lazy\" decoding=\"async\" width=\"150\" height=\"150\" src=\"https:\/\/centralmedia.rs\/wp-content\/uploads\/2021\/07\/petrovdan1-150x150.jpg\" class=\"attachment-thumbnail size-thumbnail\" alt=\"\" \/><\/a>\n\t\t\t<\/div><\/figure><figure class='gallery-item'>\n\t\t\t<div class='gallery-icon landscape'>\n\t\t\t\t<a href='https:\/\/centralmedia.rs\/index.php\/2021\/07\/12\/petrovdan-u-jagodini\/petrovdan2-2\/'><img loading=\"lazy\" decoding=\"async\" width=\"150\" height=\"150\" src=\"https:\/\/centralmedia.rs\/wp-content\/uploads\/2021\/07\/petrovdan2-150x150.jpg\" class=\"attachment-thumbnail size-thumbnail\" alt=\"\" \/><\/a>\n\t\t\t<\/div><\/figure><figure class='gallery-item'>\n\t\t\t<div class='gallery-icon landscape'>\n\t\t\t\t<a href='https:\/\/centralmedia.rs\/index.php\/2021\/07\/12\/petrovdan-u-jagodini\/petrovdan-3\/'><img loading=\"lazy\" decoding=\"async\" width=\"150\" height=\"150\" src=\"https:\/\/centralmedia.rs\/wp-content\/uploads\/2021\/07\/petrovdan-150x150.jpg\" class=\"attachment-thumbnail size-thumbnail\" alt=\"\" \/><\/a>\n\t\t\t<\/div><\/figure>\n\t\t<\/div>\n\n<p>&nbsp;<\/p>\n<p>&nbsp;<\/p>\n","protected":false},"excerpt":{"rendered":"<p>JAGODINA- Gradska slava Petrovdan u Jagodini obele\u017eena ej rezanje slavskog kola\u010da u Skup\u0161tini grada Jagodina, a naredni kola\u010dar je odbornik Goran Jeli\u010di\u0107. U Crkvi Svetih &hellip; <\/p>\n","protected":false},"author":2,"featured_media":27501,"comment_status":"open","ping_status":"open","sticky":false,"template":"","format":"standard","meta":{"footnotes":""},"categories":[14,1524,2,1514,887,12],"tags":[58,965,5269],"_links":{"self":[{"href":"https:\/\/centralmedia.rs\/index.php\/wp-json\/wp\/v2\/posts\/27500"}],"collection":[{"href":"https:\/\/centralmedia.rs\/index.php\/wp-json\/wp\/v2\/posts"}],"about":[{"href":"https:\/\/centralmedia.rs\/index.php\/wp-json\/wp\/v2\/types\/post"}],"author":[{"embeddable":true,"href":"https:\/\/centralmedia.rs\/index.php\/wp-json\/wp\/v2\/users\/2"}],"replies":[{"embeddable":true,"href":"https:\/\/centralmedia.rs\/index.php\/wp-json\/wp\/v2\/comments?post=27500"}],"version-history":[{"count":3,"href":"https:\/\/centralmedia.rs\/index.php\/wp-json\/wp\/v2\/posts\/27500\/revisions"}],"predecessor-version":[{"id":27506,"href":"https:\/\/centralmedia.rs\/index.php\/wp-json\/wp\/v2\/posts\/27500\/revisions\/27506"}],"wp:featuredmedia":[{"embeddable":true,"href":"https:\/\/centralmedia.rs\/index.php\/wp-json\/wp\/v2\/media\/27501"}],"wp:attachment":[{"href":"https:\/\/centralmedia.rs\/index.php\/wp-json\/wp\/v2\/media?parent=27500"}],"wp:term":[{"taxonomy":"category","embeddable":true,"href":"https:\/\/centralmedia.rs\/index.php\/wp-json\/wp\/v2\/categories?post=27500"},{"taxonomy":"post_tag","embeddable":true,"href":"https:\/\/centralmedia.rs\/index.php\/wp-json\/wp\/v2\/tags?post=27500"}],"curies":[{"name":"wp","href":"https:\/\/api.w.org\/{rel}","templated":true}]}}