{"id":27514,"date":"2021-07-13T18:20:26","date_gmt":"2021-07-13T16:20:26","guid":{"rendered":"http:\/\/centralmedia.rs\/?p=27514"},"modified":"2021-07-19T21:32:32","modified_gmt":"2021-07-19T19:32:32","slug":"formiran-savez-paracinska-akcija-prvi-cilj-zastita-planine-baba-kao-spomenika-prirode","status":"publish","type":"post","link":"https:\/\/centralmedia.rs\/index.php\/2021\/07\/13\/formiran-savez-paracinska-akcija-prvi-cilj-zastita-planine-baba-kao-spomenika-prirode\/","title":{"rendered":"FORMIRAN SAVEZ ,,PARA\u0106INSKA AKCIJA\u201d- PRVI CILJ ZA\u0160TITA PLANINE BABA KAO SPOMENIKA PRIRODE"},"content":{"rendered":"<p>PARA\u0106IN-Savez ,,Para\u0107inska akcija&#8221; formiralo je vi\u0161e udru\u017eenja iz Pra\u0107ina, odnosno udru\u017eenja Pridru\u017ei se, Pokret dostojanstvenih, Pravo i transparentnost, Sigurno napred, Gra\u0111anski pokret-slobodan izbor i Gra\u0111ani za lokalnu demokratiju. Kako je istaknuto prvi cilj bi\u0107e za\u0161tita planine Baba kao Spomenika prirode.<\/p>\n<div id='gallery-1' class='gallery galleryid-27514 gallery-columns-4 gallery-size-thumbnail'><figure class='gallery-item'>\n\t\t\t<div class='gallery-icon landscape'>\n\t\t\t\t<a href='https:\/\/centralmedia.rs\/index.php\/2021\/07\/13\/formiran-savez-paracinska-akcija-prvi-cilj-zastita-planine-baba-kao-spomenika-prirode\/paracinska-akcija\/'><img loading=\"lazy\" decoding=\"async\" width=\"150\" height=\"150\" src=\"https:\/\/centralmedia.rs\/wp-content\/uploads\/2021\/07\/para\u0107inska-akcija-150x150.jpg\" class=\"attachment-thumbnail size-thumbnail\" alt=\"\" \/><\/a>\n\t\t\t<\/div><\/figure><figure class='gallery-item'>\n\t\t\t<div class='gallery-icon landscape'>\n\t\t\t\t<a href='https:\/\/centralmedia.rs\/index.php\/2021\/07\/13\/formiran-savez-paracinska-akcija-prvi-cilj-zastita-planine-baba-kao-spomenika-prirode\/paracinska-akcija1\/'><img loading=\"lazy\" decoding=\"async\" width=\"150\" height=\"150\" src=\"https:\/\/centralmedia.rs\/wp-content\/uploads\/2021\/07\/para\u0107inska-akcija1-150x150.jpg\" class=\"attachment-thumbnail size-thumbnail\" alt=\"\" \/><\/a>\n\t\t\t<\/div><\/figure><figure class='gallery-item'>\n\t\t\t<div class='gallery-icon landscape'>\n\t\t\t\t<a href='https:\/\/centralmedia.rs\/index.php\/2021\/07\/13\/formiran-savez-paracinska-akcija-prvi-cilj-zastita-planine-baba-kao-spomenika-prirode\/paracinska-akcija3\/'><img loading=\"lazy\" decoding=\"async\" width=\"150\" height=\"150\" src=\"https:\/\/centralmedia.rs\/wp-content\/uploads\/2021\/07\/para\u0107inska-akcija3-150x150.jpg\" class=\"attachment-thumbnail size-thumbnail\" alt=\"\" \/><\/a>\n\t\t\t<\/div><\/figure><figure class='gallery-item'>\n\t\t\t<div class='gallery-icon landscape'>\n\t\t\t\t<a href='https:\/\/centralmedia.rs\/index.php\/2021\/07\/13\/formiran-savez-paracinska-akcija-prvi-cilj-zastita-planine-baba-kao-spomenika-prirode\/paracinska-akcija2\/'><img loading=\"lazy\" decoding=\"async\" width=\"150\" height=\"150\" src=\"https:\/\/centralmedia.rs\/wp-content\/uploads\/2021\/07\/para\u0107inska-akcija2-150x150.jpg\" class=\"attachment-thumbnail size-thumbnail\" alt=\"\" \/><\/a>\n\t\t\t<\/div><\/figure>\n\t\t<\/div>\n\n<p>-Za to nam je potrebna podr\u0161ka \u0161ire javnosti, nestrana\u010dkih udru\u017eenja , organizacija i pojedinaca. U pravo to \u0107e biti prvi cilj saveza, koji \u0107e delovati od danas i njegov rad bi\u0107e javan, re\u010dno je na konferenciji za novinare.<\/p>\n<div id='gallery-2' class='gallery galleryid-27514 gallery-columns-3 gallery-size-full'><figure class='gallery-item'>\n\t\t\t<div class='gallery-icon portrait'>\n\t\t\t\t<a href='https:\/\/centralmedia.rs\/index.php\/2021\/07\/13\/formiran-savez-paracinska-akcija-prvi-cilj-zastita-planine-baba-kao-spomenika-prirode\/ministarstvo-gradjevine\/'><img loading=\"lazy\" decoding=\"async\" width=\"1026\" height=\"1574\" src=\"https:\/\/centralmedia.rs\/wp-content\/uploads\/2021\/07\/ministarstvo-gradjevine.jpg\" class=\"attachment-full size-full\" alt=\"\" srcset=\"https:\/\/centralmedia.rs\/wp-content\/uploads\/2021\/07\/ministarstvo-gradjevine.jpg 1026w, https:\/\/centralmedia.rs\/wp-content\/uploads\/2021\/07\/ministarstvo-gradjevine-196x300.jpg 196w, https:\/\/centralmedia.rs\/wp-content\/uploads\/2021\/07\/ministarstvo-gradjevine-768x1178.jpg 768w, https:\/\/centralmedia.rs\/wp-content\/uploads\/2021\/07\/ministarstvo-gradjevine-667x1024.jpg 667w, https:\/\/centralmedia.rs\/wp-content\/uploads\/2021\/07\/ministarstvo-gradjevine-274x420.jpg 274w, https:\/\/centralmedia.rs\/wp-content\/uploads\/2021\/07\/ministarstvo-gradjevine-640x982.jpg 640w, https:\/\/centralmedia.rs\/wp-content\/uploads\/2021\/07\/ministarstvo-gradjevine-681x1045.jpg 681w\" sizes=\"(max-width: 1026px) 100vw, 1026px\" \/><\/a>\n\t\t\t<\/div><\/figure><figure class='gallery-item'>\n\t\t\t<div class='gallery-icon portrait'>\n\t\t\t\t<a href='https:\/\/centralmedia.rs\/index.php\/2021\/07\/13\/formiran-savez-paracinska-akcija-prvi-cilj-zastita-planine-baba-kao-spomenika-prirode\/ministarstvo-gradjevine1\/'><img loading=\"lazy\" decoding=\"async\" width=\"1012\" height=\"1478\" src=\"https:\/\/centralmedia.rs\/wp-content\/uploads\/2021\/07\/ministarstvo-gradjevine1.jpg\" class=\"attachment-full size-full\" alt=\"\" srcset=\"https:\/\/centralmedia.rs\/wp-content\/uploads\/2021\/07\/ministarstvo-gradjevine1.jpg 1012w, https:\/\/centralmedia.rs\/wp-content\/uploads\/2021\/07\/ministarstvo-gradjevine1-205x300.jpg 205w, https:\/\/centralmedia.rs\/wp-content\/uploads\/2021\/07\/ministarstvo-gradjevine1-768x1122.jpg 768w, https:\/\/centralmedia.rs\/wp-content\/uploads\/2021\/07\/ministarstvo-gradjevine1-701x1024.jpg 701w, https:\/\/centralmedia.rs\/wp-content\/uploads\/2021\/07\/ministarstvo-gradjevine1-288x420.jpg 288w, https:\/\/centralmedia.rs\/wp-content\/uploads\/2021\/07\/ministarstvo-gradjevine1-640x935.jpg 640w, https:\/\/centralmedia.rs\/wp-content\/uploads\/2021\/07\/ministarstvo-gradjevine1-681x995.jpg 681w\" sizes=\"(max-width: 1012px) 100vw, 1012px\" \/><\/a>\n\t\t\t<\/div><\/figure><figure class='gallery-item'>\n\t\t\t<div class='gallery-icon portrait'>\n\t\t\t\t<a href='https:\/\/centralmedia.rs\/index.php\/2021\/07\/13\/formiran-savez-paracinska-akcija-prvi-cilj-zastita-planine-baba-kao-spomenika-prirode\/ministarstvo-gradjevine2\/'><img loading=\"lazy\" decoding=\"async\" width=\"952\" height=\"1260\" src=\"https:\/\/centralmedia.rs\/wp-content\/uploads\/2021\/07\/ministarstvo-gradjevine2.jpg\" class=\"attachment-full size-full\" alt=\"\" srcset=\"https:\/\/centralmedia.rs\/wp-content\/uploads\/2021\/07\/ministarstvo-gradjevine2.jpg 952w, https:\/\/centralmedia.rs\/wp-content\/uploads\/2021\/07\/ministarstvo-gradjevine2-227x300.jpg 227w, https:\/\/centralmedia.rs\/wp-content\/uploads\/2021\/07\/ministarstvo-gradjevine2-768x1016.jpg 768w, https:\/\/centralmedia.rs\/wp-content\/uploads\/2021\/07\/ministarstvo-gradjevine2-774x1024.jpg 774w, https:\/\/centralmedia.rs\/wp-content\/uploads\/2021\/07\/ministarstvo-gradjevine2-317x420.jpg 317w, https:\/\/centralmedia.rs\/wp-content\/uploads\/2021\/07\/ministarstvo-gradjevine2-640x847.jpg 640w, https:\/\/centralmedia.rs\/wp-content\/uploads\/2021\/07\/ministarstvo-gradjevine2-681x901.jpg 681w\" sizes=\"(max-width: 952px) 100vw, 952px\" \/><\/a>\n\t\t\t<\/div><\/figure>\n\t\t<\/div>\n\n<p>-GG \u201eOdbranimo planinu Babu, Planu i Le\u0161je\u201c koju \u010dine me\u0161tani vi\u0161e ugro\u017eenih sela , kao i me\u0161tani Para\u0107ina ve\u0107 skoro dve godine bavi se o\u010duvanjem planine Babe. Preduze\u0107e ,, Kru\u0161evac put\u201c je bez saglasnosti me\u0161tana, bez usvojenog PDR-a zapo\u010delo eksploataciju kre\u010dnjaka na ovoj planini u martu 2020. godine i time po nama u\u010dinilo jedno veliko zlo, ovoj planini i narodu koji \u017eivi na ovim prostorima. Radovi na tzv kopu ,,Le\u0161je\u201c traju i dalje bez obzira na zabranu inspekcije Ministarstva za\u0161tite \u017eivotne sredine od 12. marta 2021. godine. Investitor se pravda time da ne vr\u0161i eksploataciju ve\u0107 samo istra\u017eivanje \u010dime ne samo da kr\u0161i zakon ve\u0107 vre\u0111a inteligenciju i zdrav razum svih me\u0161tana, jer stotine kamiona samlevenog kamena koji se svakodnevno odvoze sa tzv kopa ,,Le\u0161je\u201c op\u0161tinskim putem kroz Le\u0161je i Planu, svakodnevni rad tri drobilice, nekoliko bagera i ostalih te\u0161kih ma\u0161ina nije nikako istra\u017eni rad ve\u0107 eksploatacija u punom obimu. Podnesak u vezi toga Ministarstvu za\u0161tite \u017eivotne sredine podnela je Organizacija RERI iz Beograda koja se bavi za\u0161titom \u017eivotne sredine i narednih dana o\u010dekujemo epilog a jedina pravno uemenjena stvar jeste obustava svih daljih radova na nelegalnom kamenolomu ,,Le\u0161je\u201c Postoji \u010ditav niz nelogi\u010dnost od samog po\u010detka izrade dokumentacije za tzv. kamenolom ,, Le\u0161je\u201c kao i niz nelogi\u010dnosti u toku samog njegovog nelegalnog rada. GG Odbranimo planinu Babu, Planu i Le\u0161je je zato pokrenula niz aktivnosti kako bi na svetlo dana iza\u0161le po nama namerno pre\u0107utane istine. Jedna od njih je istorijski lokalitet grada Petrusa na Babi \u010dije se zidine duga\u010dke nekoliko stotina metara nalaze neposredno iznad nelegalnog kamenoloma na tzv Preslu i to je rekognosciranjem Zavi\u010dajnog muzeja u Para\u0107inu konstatovano u jesen 2018. godine. Pokrenuli smo i to pitanje kod nadle\u017enih institucija i u skorije vreme o\u010dekujemo njihovu reakciju a jedina ispravna odluka je da se radovi na kamenolomu zaustave a grad Petrus na Babi za\u0161titi kao spomenik kulture. Jer ako ovako nastavimo onda ne ugro\u017eavamo samo sada\u0161nju generaciju koja \u017eivi na ovom prostoru ve\u0107 i kulturno istorijsko nasle\u0111e \u010dimo potpuno gubimo svoj identitet. Pre mesec dana imali smo priliku da se u ranom javnom uvidu upoznamo sa PDR-om. Svakako firmi koja je to radila nije bilo lako jer kako uradti ne\u0161to, i uklopiti PDR u postoje\u0107e stanje na terenu kada su nelegalni radovi ve\u0107 poodmakli. Ovo je ne\u0161to \u0161to je tre\u0a0falo raditi pre po\u010detka bilo kakve aktivnosti na kopu. GG Odbranimo planinu Babu, Planu i Le\u0161je od po\u010detka govori da Informacija o lokaciji izdata 2019. godine nije u skladu sa Prostornim planom Op\u0161tine Para\u0107in. Predvi\u0111eno je da se planina Baba za\u0161titi kao spomenik prirode. Potvrda na\u0161eg stava stigla je pre destak dana iz Ministarstva Garevinarstva , saobra\u0111aja i infrastrukute. a Posle ovog dokumenta jasno je da Informacija o lokaciji nije u skladu sa Prostornim planom Op\u0161tine Para\u0107in, a uslovne saglasnosti Ministarstva Za\u0161tite \u017eivotne sredine od 20.11.2019. god i Ministarstva rudarstva i energetike od 28.02.2020. upravo se pozivaju na Informaciju o lokaciji koja se prakti\u010dno ovim dokumentom stavlja van snage a samim tim i dva pomenuta re\u0161enja dva Ministarstva. Pou\u010deni sada ve\u0107 ranijim iskustvima da se investitor oglu\u0161uje o dokumentaciju koja mu ne ide u prilog ponovo smo anga\u017eovali RERI koji \u0107e se pravnim sredstvima verujemo izboriti za po\u0161tovanje zakona od strane investitora. Na kraj bih napomenuo da je udru\u017eenje ,,Pridru\u017ei se&#8221; prvo prepoznalo aktivnosti GG Odbranimo planinu Babu, Planu i Le\u0161je\u201c i krenulo u realizaciju odbrane planine Babe kroz projekat ,,Odbranimo planinu Babu\u201c, istaknuto je na konferenciji za novinare.<\/p>\n<p>&nbsp;<\/p>\n","protected":false},"excerpt":{"rendered":"<p>PARA\u0106IN-Savez ,,Para\u0107inska akcija&#8221; formiralo je vi\u0161e udru\u017eenja iz Pra\u0107ina, odnosno udru\u017eenja Pridru\u017ei se, Pokret dostojanstvenih, Pravo i transparentnost, Sigurno napred, Gra\u0111anski pokret-slobodan izbor i Gra\u0111ani &hellip; <\/p>\n","protected":false},"author":2,"featured_media":27515,"comment_status":"open","ping_status":"open","sticky":false,"template":"","format":"standard","meta":{"footnotes":""},"categories":[14,1524,2,1516,12],"tags":[4833,5271,5270,5272],"_links":{"self":[{"href":"https:\/\/centralmedia.rs\/index.php\/wp-json\/wp\/v2\/posts\/27514"}],"collection":[{"href":"https:\/\/centralmedia.rs\/index.php\/wp-json\/wp\/v2\/posts"}],"about":[{"href":"https:\/\/centralmedia.rs\/index.php\/wp-json\/wp\/v2\/types\/post"}],"author":[{"embeddable":true,"href":"https:\/\/centralmedia.rs\/index.php\/wp-json\/wp\/v2\/users\/2"}],"replies":[{"embeddable":true,"href":"https:\/\/centralmedia.rs\/index.php\/wp-json\/wp\/v2\/comments?post=27514"}],"version-history":[{"count":1,"href":"https:\/\/centralmedia.rs\/index.php\/wp-json\/wp\/v2\/posts\/27514\/revisions"}],"predecessor-version":[{"id":27522,"href":"https:\/\/centralmedia.rs\/index.php\/wp-json\/wp\/v2\/posts\/27514\/revisions\/27522"}],"wp:featuredmedia":[{"embeddable":true,"href":"https:\/\/centralmedia.rs\/index.php\/wp-json\/wp\/v2\/media\/27515"}],"wp:attachment":[{"href":"https:\/\/centralmedia.rs\/index.php\/wp-json\/wp\/v2\/media?parent=27514"}],"wp:term":[{"taxonomy":"category","embeddable":true,"href":"https:\/\/centralmedia.rs\/index.php\/wp-json\/wp\/v2\/categories?post=27514"},{"taxonomy":"post_tag","embeddable":true,"href":"https:\/\/centralmedia.rs\/index.php\/wp-json\/wp\/v2\/tags?post=27514"}],"curies":[{"name":"wp","href":"https:\/\/api.w.org\/{rel}","templated":true}]}}