{"id":27527,"date":"2021-07-13T18:43:52","date_gmt":"2021-07-13T16:43:52","guid":{"rendered":"http:\/\/centralmedia.rs\/?p=27527"},"modified":"2021-07-19T21:32:22","modified_gmt":"2021-07-19T19:32:22","slug":"ana-spasojevic-ocarala-publiku","status":"publish","type":"post","link":"https:\/\/centralmedia.rs\/index.php\/2021\/07\/13\/ana-spasojevic-ocarala-publiku\/","title":{"rendered":"ANA SPASOJEVI\u0106 O\u010cARALA PUBLIKU"},"content":{"rendered":"<p>SVILAJNAC-Svilajna\u010dka publika imala je privilegiju da u\u017eiva u koncertu klasi\u010dne muzike i prelepom glasu solistkinje Jane Spasojevi\u0107, koja je sa velikih scena Evrope, Azije i Australije do\u0161la da nastupi u svom rodnom gradu.<\/p>\n<div id='gallery-1' class='gallery galleryid-27527 gallery-columns-3 gallery-size-thumbnail'><figure class='gallery-item'>\n\t\t\t<div class='gallery-icon landscape'>\n\t\t\t\t<a href='https:\/\/centralmedia.rs\/index.php\/2021\/07\/13\/ana-spasojevic-ocarala-publiku\/jana\/'><img loading=\"lazy\" decoding=\"async\" width=\"150\" height=\"150\" src=\"https:\/\/centralmedia.rs\/wp-content\/uploads\/2021\/07\/JANA-150x150.jpg\" class=\"attachment-thumbnail size-thumbnail\" alt=\"\" \/><\/a>\n\t\t\t<\/div><\/figure><figure class='gallery-item'>\n\t\t\t<div class='gallery-icon landscape'>\n\t\t\t\t<a href='https:\/\/centralmedia.rs\/index.php\/2021\/07\/13\/ana-spasojevic-ocarala-publiku\/jana1\/'><img loading=\"lazy\" decoding=\"async\" width=\"150\" height=\"150\" src=\"https:\/\/centralmedia.rs\/wp-content\/uploads\/2021\/07\/JANA1-150x150.jpg\" class=\"attachment-thumbnail size-thumbnail\" alt=\"\" \/><\/a>\n\t\t\t<\/div><\/figure><figure class='gallery-item'>\n\t\t\t<div class='gallery-icon landscape'>\n\t\t\t\t<a href='https:\/\/centralmedia.rs\/index.php\/2021\/07\/13\/ana-spasojevic-ocarala-publiku\/jana2\/'><img loading=\"lazy\" decoding=\"async\" width=\"150\" height=\"150\" src=\"https:\/\/centralmedia.rs\/wp-content\/uploads\/2021\/07\/JANA2-150x150.jpg\" class=\"attachment-thumbnail size-thumbnail\" alt=\"\" \/><\/a>\n\t\t\t<\/div><\/figure>\n\t\t<\/div>\n\n<p>Mala letnja scena Centra za kulturu Svilajnac bila je sino\u0107 puna, a ovim nastupom i zvani\u010dno je po\u010delo Kulturno-zabavno leto 2021, u okviru koga publiku o\u010dekuju brojna kulturna de\u0161avanja do kraja avgusta.<\/p>\n","protected":false},"excerpt":{"rendered":"<p>SVILAJNAC-Svilajna\u010dka publika imala je privilegiju da u\u017eiva u koncertu klasi\u010dne muzike i prelepom glasu solistkinje Jane Spasojevi\u0107, koja je sa velikih scena Evrope, Azije i &hellip; <\/p>\n","protected":false},"author":2,"featured_media":27533,"comment_status":"open","ping_status":"open","sticky":false,"template":"","format":"standard","meta":{"footnotes":""},"categories":[1524,2,15,887,12,1517],"tags":[5276,38],"_links":{"self":[{"href":"https:\/\/centralmedia.rs\/index.php\/wp-json\/wp\/v2\/posts\/27527"}],"collection":[{"href":"https:\/\/centralmedia.rs\/index.php\/wp-json\/wp\/v2\/posts"}],"about":[{"href":"https:\/\/centralmedia.rs\/index.php\/wp-json\/wp\/v2\/types\/post"}],"author":[{"embeddable":true,"href":"https:\/\/centralmedia.rs\/index.php\/wp-json\/wp\/v2\/users\/2"}],"replies":[{"embeddable":true,"href":"https:\/\/centralmedia.rs\/index.php\/wp-json\/wp\/v2\/comments?post=27527"}],"version-history":[{"count":1,"href":"https:\/\/centralmedia.rs\/index.php\/wp-json\/wp\/v2\/posts\/27527\/revisions"}],"predecessor-version":[{"id":27532,"href":"https:\/\/centralmedia.rs\/index.php\/wp-json\/wp\/v2\/posts\/27527\/revisions\/27532"}],"wp:featuredmedia":[{"embeddable":true,"href":"https:\/\/centralmedia.rs\/index.php\/wp-json\/wp\/v2\/media\/27533"}],"wp:attachment":[{"href":"https:\/\/centralmedia.rs\/index.php\/wp-json\/wp\/v2\/media?parent=27527"}],"wp:term":[{"taxonomy":"category","embeddable":true,"href":"https:\/\/centralmedia.rs\/index.php\/wp-json\/wp\/v2\/categories?post=27527"},{"taxonomy":"post_tag","embeddable":true,"href":"https:\/\/centralmedia.rs\/index.php\/wp-json\/wp\/v2\/tags?post=27527"}],"curies":[{"name":"wp","href":"https:\/\/api.w.org\/{rel}","templated":true}]}}