{"id":27536,"date":"2021-07-14T13:04:15","date_gmt":"2021-07-14T11:04:15","guid":{"rendered":"http:\/\/centralmedia.rs\/?p=27536"},"modified":"2022-01-04T18:17:58","modified_gmt":"2022-01-04T17:17:58","slug":"palma-srbi-nemojte-da-prodajemo-golgotu-za-jeftiniju-koka-kolu-u-albaniji","status":"publish","type":"post","link":"https:\/\/centralmedia.rs\/index.php\/2021\/07\/14\/palma-srbi-nemojte-da-prodajemo-golgotu-za-jeftiniju-koka-kolu-u-albaniji\/","title":{"rendered":"PALMA : SRBI NEMOJTE DA PRODAJEMO GOLGOTU ZA JEFTINIJU KOKA KOLU U ALBANIJI"},"content":{"rendered":"<p>JAGODINA-\u201eJa molim Srbe da ne idu u Albaniju na letovanje. Albanija je krivac i podstrekiva\u010d svega onoga \u0161to su radili kosovski Albanci Srbima na Kosovu i Metohiji. Ja ne mogu da shvatim da neko ka\u017ee \u201emeni je lepo u Albaniji\u201c. Mi ne smemo tu golgotu koju smo do\u017eiveli i u 1. svetskom ratu i u 2. svetskom ratu i u poslednjim de\u0161avanjima na Kosovu i Metohiji, kada su stravi\u010dni zlo\u010dini \u010dinjeni nad Srbima i kada su gotovi svi Srbi proterani sa Kosova i Metohije, zahvaljaju\u0107i i dr\u017eavi Albaniji, da prodamo za ne\u0161to \u0161to se zove jeftinija koka kola za pet posto u odnosu na druge destinacije\u201c, izjavio je predsednik Jedinstvene Srbije Dragan Markovi\u0107 Palma. Osvrnuv\u0161i se na napade dela opozicije u Srbiji na vladaju\u0107e partije u Srbiji Markovi\u0107 je rekao : \u201ePas laje, vetar nosi a dela ostaju ve\u010dito. Neki iz opozicije u Srbiji ni\u0161ta ne rade, ve\u0107 samo laju kao psi lutalice. Ali taj lave\u017e vi\u0161e nikoga ne pla\u0161i, a posebno ne one koji imaju dela i rezultate. Neka oni laju, a mi \u0107emo da radimo\u201c, rekao je Markovi\u0107. \u201eSrbija je po\u010dela da smeta nekim republikama biv\u0161e Jugoslavije i nekima u svetu, ne zato \u0161to radi ne\u0161to protiv njih, ve\u0107 zato \u0161to ima br\u017ei ekonomski razvoj i \u0161to su rezultati Srbije bolji u svemu. Srbija je lider u ovom delu sveta po dovo\u0111enju investitora i otvaranju novih fabrika i novih radnih mesta, Srbija ima najmanju stopu nezaposlenosti u istoriji, najve\u0107i rast BDP \u2013 a, najve\u0107i prosek plata i penzija u zadnjih 30 godina. Srbija vi\u0161e ne zavisi od pomo\u0107i nekih mo\u0107nih dr\u017eava i Srbiji vi\u0161e ne trebaju donacije, jer je Srbija danas postala i donator i investitor i van svojih granica. Koliko smo stotina hiljada samo vakcina donirali susedima i drugim dr\u017eavama i koliko je Srbija investirala u razne projekte u okru\u017eenju. Od primaoca donacija Srbija je danas postala donator. I Srbija je mnogima postala trn u oku zato \u0161to je uspela svojom politikom, zahvaljuju\u0107i predsedniku Aleksandru Vu\u010di\u0107u i tada\u0161njem ministru spoljnih poslova Ivici Da\u010di\u0107u da na glasanju u INTERPOL \u2013 u i UNESKU pobedi i mo\u0107ne sile kada su lobirale da takozvano nezavisno Kosovo postane \u010dlan tih svetskih organizacija.<\/p>\n<div id='gallery-1' class='gallery galleryid-27536 gallery-columns-3 gallery-size-thumbnail'><figure class='gallery-item'>\n\t\t\t<div class='gallery-icon portrait'>\n\t\t\t\t<a href='https:\/\/centralmedia.rs\/index.php\/2021\/07\/14\/palma-srbi-nemojte-da-prodajemo-golgotu-za-jeftiniju-koka-kolu-u-albaniji\/palma-2-5\/'><img loading=\"lazy\" decoding=\"async\" width=\"150\" height=\"150\" src=\"https:\/\/centralmedia.rs\/wp-content\/uploads\/2021\/07\/PALMA-2-150x150.jpg\" class=\"attachment-thumbnail size-thumbnail\" alt=\"\" \/><\/a>\n\t\t\t<\/div><\/figure><figure class='gallery-item'>\n\t\t\t<div class='gallery-icon landscape'>\n\t\t\t\t<a href='https:\/\/centralmedia.rs\/index.php\/2021\/07\/14\/palma-srbi-nemojte-da-prodajemo-golgotu-za-jeftiniju-koka-kolu-u-albaniji\/palma-3-3\/'><img loading=\"lazy\" decoding=\"async\" width=\"150\" height=\"150\" src=\"https:\/\/centralmedia.rs\/wp-content\/uploads\/2021\/07\/PALMA-3-150x150.jpg\" class=\"attachment-thumbnail size-thumbnail\" alt=\"\" \/><\/a>\n\t\t\t<\/div><\/figure><figure class='gallery-item'>\n\t\t\t<div class='gallery-icon landscape'>\n\t\t\t\t<a href='https:\/\/centralmedia.rs\/index.php\/2021\/07\/14\/palma-srbi-nemojte-da-prodajemo-golgotu-za-jeftiniju-koka-kolu-u-albaniji\/palma-1-8\/'><img loading=\"lazy\" decoding=\"async\" width=\"150\" height=\"150\" src=\"https:\/\/centralmedia.rs\/wp-content\/uploads\/2021\/07\/PALMA-1-150x150.jpg\" class=\"attachment-thumbnail size-thumbnail\" alt=\"\" \/><\/a>\n\t\t\t<\/div><\/figure>\n\t\t<\/div>\n\n<p>&nbsp;<\/p>\n<p>HA\u0160KE PRESUDE IMAJU ZA CILJ AMNESTIJU NATO<\/p>\n<p>&nbsp;<\/p>\n<p>Danas Srbija tra\u017ei samo da se po\u0161tuje me\u0111unarodno pravo i da se ne donose politi\u010dke odluke kao u Ha\u0161kom tribunalu, ve\u0107 po me\u0111unarodnom pravu. Ha\u0161ke presude imale su za cilj amnestiju NATO pakta za bombardovanje na\u0161e dr\u017eave i zlo\u010dine koje je NATO po\u010dinio 1999. godine u Srbiji i Crnoj Gori. Rezoluciju koju je usvojio parlament Crne Gore o zabrani negiranja genocida u Srebrenici nije pisana u Podgorici niti u Sarajevu i ona koju je usvojila Skup\u0161tina Kosova je identi\u010dna i takva \u0107e verovatno biti usvojena i u Hrvatskom saboru i u parlamentu Slovenije, a mo\u017eda i u Severnoj Makedoniji. Ja pozivam autore te rezolucije da uporede broj Srba koji je \u017eiveo 1991. godine u Zagrebu, Zadru, Splitu, \u0160ibeniku, Osijeku Sarajevu, Tuzli, Mostaru, Srebrenici, Bratuncu, Kravicama, Pri\u0161tini, Prizrenu, \u0110akovici, Gnjilanu, Uro\u0161evcu, Pe\u0107i sa brojem Srba koji \u017eive danas u tim gradovima i lako \u0107e mo\u0107i da vide nad kojim narodom je izvr\u0161en i genocid i etni\u010dko \u010di\u0161\u0107enje\u201c, kazao je Markovi\u0107.<\/p>\n","protected":false},"excerpt":{"rendered":"<p>JAGODINA-\u201eJa molim Srbe da ne idu u Albaniju na letovanje. Albanija je krivac i podstrekiva\u010d svega onoga \u0161to su radili kosovski Albanci Srbima na Kosovu &hellip; <\/p>\n","protected":false},"author":2,"featured_media":27537,"comment_status":"open","ping_status":"open","sticky":false,"template":"","format":"standard","meta":{"footnotes":""},"categories":[1524,2,1514,5643,13,887,12],"tags":[5277,5278,120,5279],"_links":{"self":[{"href":"https:\/\/centralmedia.rs\/index.php\/wp-json\/wp\/v2\/posts\/27536"}],"collection":[{"href":"https:\/\/centralmedia.rs\/index.php\/wp-json\/wp\/v2\/posts"}],"about":[{"href":"https:\/\/centralmedia.rs\/index.php\/wp-json\/wp\/v2\/types\/post"}],"author":[{"embeddable":true,"href":"https:\/\/centralmedia.rs\/index.php\/wp-json\/wp\/v2\/users\/2"}],"replies":[{"embeddable":true,"href":"https:\/\/centralmedia.rs\/index.php\/wp-json\/wp\/v2\/comments?post=27536"}],"version-history":[{"count":1,"href":"https:\/\/centralmedia.rs\/index.php\/wp-json\/wp\/v2\/posts\/27536\/revisions"}],"predecessor-version":[{"id":27540,"href":"https:\/\/centralmedia.rs\/index.php\/wp-json\/wp\/v2\/posts\/27536\/revisions\/27540"}],"wp:featuredmedia":[{"embeddable":true,"href":"https:\/\/centralmedia.rs\/index.php\/wp-json\/wp\/v2\/media\/27537"}],"wp:attachment":[{"href":"https:\/\/centralmedia.rs\/index.php\/wp-json\/wp\/v2\/media?parent=27536"}],"wp:term":[{"taxonomy":"category","embeddable":true,"href":"https:\/\/centralmedia.rs\/index.php\/wp-json\/wp\/v2\/categories?post=27536"},{"taxonomy":"post_tag","embeddable":true,"href":"https:\/\/centralmedia.rs\/index.php\/wp-json\/wp\/v2\/tags?post=27536"}],"curies":[{"name":"wp","href":"https:\/\/api.w.org\/{rel}","templated":true}]}}