{"id":27557,"date":"2021-07-15T21:57:15","date_gmt":"2021-07-15T19:57:15","guid":{"rendered":"http:\/\/centralmedia.rs\/?p=27557"},"modified":"2022-01-04T18:17:43","modified_gmt":"2022-01-04T17:17:43","slug":"hiljadu-jagodinskih-naprednjaka-docekalo-glisica-i-sapica","status":"publish","type":"post","link":"https:\/\/centralmedia.rs\/index.php\/2021\/07\/15\/hiljadu-jagodinskih-naprednjaka-docekalo-glisica-i-sapica\/","title":{"rendered":"HILJADU JAGODINSKIH NAPREDNJAKA  DO\u010cEKALO GLI\u0160I\u0106A I \u0160API\u0106A"},"content":{"rendered":"<p>JAGODINA-Preko hiljadu \u010dlanova Gradskog odbora Srpske napredne stranke u Jagodini prisustvovalo je sastanku sa visokim funkcionerima Srpske napredne stranke i to predsednikom Izvr\u0161nog odbora Srpske napredne stranke Darkom Gli\u0161i\u0107em, potpredsednikom Glavnog odbora Srpske napredne stranke Aleksandrom \u0160api\u0107em i koordinatorom Izvr\u0161nog odbora za Pomoravski okrug Aleksandrom Joki\u0107em.<\/p>\n<p>Prisutne je najpre pozdravio predsednik Gradskog odbora Srpske napredne stranke u Jagodini i narodni poslanik Nikola Radosavljevi\u0107 koji je rekao:<\/p>\n<p>&#8220;\u017deleo bih sve vas ovde da pozdravim, \u017eelim da se zahvalim \u0161to ste na dana\u0161nji dan kada je temperatura 41 stepen ovde u Jagodini u ovolikom broju do\u0161li, ali i da damo jedan veliki aplauz svima onima koji nisu mogli da u\u0111u u salu Kulturnog centra. Samo jednu stvar mogu da vam ka\u017eem, a to je da Gradski odbor u Jagodini radi dobro, da ostvaruje odli\u010dne rezultate, da smo na pro\u0161lim izborima imali 58% glasova i idemo do pobede. \u017divela Srbija, \u017eivela Jagodina\u201d.<\/p>\n<p>Obra\u0107aju\u0107i se prisutnima predsednik Izvr\u0161nog odbora Srpske napredne stranke Darko Gli\u0161i\u0107 je rekao:<\/p>\n<p>\u201dPred nama su veliki poslovi, velike obaveze. Va\u0161a brojnost i va\u0161a odlu\u010dnost koju vidim daje mi za pravo da o\u010dekujem i dalje dobre rezultate ovde u sredini u kojoj nije lako da radite i ja to razumem u potpunosti, ali izazovi koji jesu ispred nas su vrlo va\u017eni. Po\u010detkom 2022. godine \u010dekaju nas predsedni\u010dki izbori, a vrlo verovatno i parlamentarni i niz nekih drugih izbora koji imaju veliki zna\u010daj poput gradskih izbora u Beogradu i svaki na\u0161 gradski i op\u0161tinski odbor mora da da svoj doprinos i proba da pomogne da ti rezultati budu takvi da se politika koja je puno toga dobrog dala ovoj dr\u017eavi nastavi i ja sam uveren da \u0107ete vi to uspeti da iznesete na pravi na\u010din, ponavljam i ako radite u okolnostima i u sredini gde vam uop\u0161te nije lako i komotno kao \u0161to je to u drugim regionima. Dakle, jedina smo stranka koja ima taj karakter sabornosti, da okuplja, da privla\u010di za razliku od drugih stranaka koje su iznedrile vi\u0161e ne mo\u017eemo da pobrojimo koliko novih stranaka.\u201d<\/p>\n<p>Nakon toga govorio je i potpredsednik Glavnog odbora Srpske napredne stranke Aleksandar \u0160api\u0107 koji je rekao:<\/p>\n<p>\u201cO\u010dekuje nas te\u017eak period, znamo svi kako sve ovde funkcioni\u0161e kao \u0161to je i rekao predsednik Izvr\u0161nog odbora. Poverenje svakog dana raste u Srpsku naprednu stranku koja odavno nije vi\u0161e samo stranka, ona je pokret. Ona je organizacija koja okuplja ljude razli\u010dtih vera, nacija, opredeljenja, interesovanja, profesija, uzrasta. Mi smo jedna \u0161iroka organizacija koja ima jednu najva\u017eniju zajedni\u010dku crtu, a to je da se borimo za svoju op\u0161tinu, svoj grad, za svoju dr\u017eavu i svoj narod. Jedna stvar koju svuda govorim. Nikada ne smemo da zaboravimo za\u0161to se bavimo ovim poslom. Mnogi na na\u0161oj politi\u010dkoj sceni su \u010desto znali da zaborave pa ih je onda narod ka\u017enjavao onda kada su to najmanje o\u010dekivali. Znate kada postanu li\u010dni interesi i strana\u010dki interesi iznad op\u0161tih interesa, va\u017eniji od onog zbog \u010dega ste tu, onda narod ima pravo da do\u0111e i &#8220;ugasi vam svetlo\u201d. To se de\u0161avalo mnogima koji to nisu o\u010dekivali misle\u0107i da \u0107e ve\u010dito da budu tu gde jesu. Srpska napredna stranka je svesna da moramo svaki dan da se dokazujemo i da svakog dana opravdamo poverenje. Moramo da poka\u017eemo razumevanje i za one koji nas ne razumeju, da poka\u017eemo \u0161irinu i za one koji ne glasaju za nas, ne glasaju danas, glasa\u0107e sutra\u201d zaklju\u010dio je \u0160api\u0107.<\/p>\n<p>Op\u0161ti utisak sa sastanka je da Gradski odbor Srpske napredne stranke u Jagodini radi i funkcioni\u0161e odli\u010dno i da su jagodinski naprednjaci spremni za sve izazove koji predstoje.<\/p>\n<p>&nbsp;<\/p>\n<p>Izvor: Gradski odbor SNS u Jagodini<\/p>\n","protected":false},"excerpt":{"rendered":"<p>JAGODINA-Preko hiljadu \u010dlanova Gradskog odbora Srpske napredne stranke u Jagodini prisustvovalo je sastanku sa visokim funkcionerima Srpske napredne stranke i to predsednikom Izvr\u0161nog odbora Srpske &hellip; <\/p>\n","protected":false},"author":2,"featured_media":27558,"comment_status":"open","ping_status":"open","sticky":false,"template":"","format":"standard","meta":{"footnotes":""},"categories":[1524,2,1514,5643,13,887,12],"tags":[5285,58,5284,136],"_links":{"self":[{"href":"https:\/\/centralmedia.rs\/index.php\/wp-json\/wp\/v2\/posts\/27557"}],"collection":[{"href":"https:\/\/centralmedia.rs\/index.php\/wp-json\/wp\/v2\/posts"}],"about":[{"href":"https:\/\/centralmedia.rs\/index.php\/wp-json\/wp\/v2\/types\/post"}],"author":[{"embeddable":true,"href":"https:\/\/centralmedia.rs\/index.php\/wp-json\/wp\/v2\/users\/2"}],"replies":[{"embeddable":true,"href":"https:\/\/centralmedia.rs\/index.php\/wp-json\/wp\/v2\/comments?post=27557"}],"version-history":[{"count":1,"href":"https:\/\/centralmedia.rs\/index.php\/wp-json\/wp\/v2\/posts\/27557\/revisions"}],"predecessor-version":[{"id":27559,"href":"https:\/\/centralmedia.rs\/index.php\/wp-json\/wp\/v2\/posts\/27557\/revisions\/27559"}],"wp:featuredmedia":[{"embeddable":true,"href":"https:\/\/centralmedia.rs\/index.php\/wp-json\/wp\/v2\/media\/27558"}],"wp:attachment":[{"href":"https:\/\/centralmedia.rs\/index.php\/wp-json\/wp\/v2\/media?parent=27557"}],"wp:term":[{"taxonomy":"category","embeddable":true,"href":"https:\/\/centralmedia.rs\/index.php\/wp-json\/wp\/v2\/categories?post=27557"},{"taxonomy":"post_tag","embeddable":true,"href":"https:\/\/centralmedia.rs\/index.php\/wp-json\/wp\/v2\/tags?post=27557"}],"curies":[{"name":"wp","href":"https:\/\/api.w.org\/{rel}","templated":true}]}}