{"id":27582,"date":"2021-07-17T15:09:10","date_gmt":"2021-07-17T13:09:10","guid":{"rendered":"http:\/\/centralmedia.rs\/?p=27582"},"modified":"2021-07-19T21:31:25","modified_gmt":"2021-07-19T19:31:25","slug":"autosedista-za-bebe","status":"publish","type":"post","link":"https:\/\/centralmedia.rs\/index.php\/2021\/07\/17\/autosedista-za-bebe\/","title":{"rendered":"AUTOSEDI\u0160TA ZA BEBE"},"content":{"rendered":"<p>SVILAJNAC-U Prirodnja\u010dkom centru ju\u010de su podeljeni bebi paketi i autosedi\u0161ta za bebe ro\u0111ene u maju i junu ove godine na teritoriji op\u0161tine Svilajnac. U ovom periodu ro\u0111eno je 22 bebe u toj op\u0161tini i to 13 devoj\u010dica i 9 de\u010daka.<\/p>\n<div id='gallery-1' class='gallery galleryid-27582 gallery-columns-5 gallery-size-thumbnail'><figure class='gallery-item'>\n\t\t\t<div class='gallery-icon landscape'>\n\t\t\t\t<a href='https:\/\/centralmedia.rs\/index.php\/2021\/07\/17\/autosedista-za-bebe\/bebe1-6\/'><img loading=\"lazy\" decoding=\"async\" width=\"150\" height=\"150\" src=\"https:\/\/centralmedia.rs\/wp-content\/uploads\/2021\/07\/BEBE1-150x150.jpg\" class=\"attachment-thumbnail size-thumbnail\" alt=\"\" \/><\/a>\n\t\t\t<\/div><\/figure><figure class='gallery-item'>\n\t\t\t<div class='gallery-icon landscape'>\n\t\t\t\t<a href='https:\/\/centralmedia.rs\/index.php\/2021\/07\/17\/autosedista-za-bebe\/bebe2-5\/'><img loading=\"lazy\" decoding=\"async\" width=\"150\" height=\"150\" src=\"https:\/\/centralmedia.rs\/wp-content\/uploads\/2021\/07\/BEBE2-150x150.jpg\" class=\"attachment-thumbnail size-thumbnail\" alt=\"\" \/><\/a>\n\t\t\t<\/div><\/figure><figure class='gallery-item'>\n\t\t\t<div class='gallery-icon landscape'>\n\t\t\t\t<a href='https:\/\/centralmedia.rs\/index.php\/2021\/07\/17\/autosedista-za-bebe\/bebe3-5\/'><img loading=\"lazy\" decoding=\"async\" width=\"150\" height=\"150\" src=\"https:\/\/centralmedia.rs\/wp-content\/uploads\/2021\/07\/BEBE3-150x150.jpg\" class=\"attachment-thumbnail size-thumbnail\" alt=\"\" \/><\/a>\n\t\t\t<\/div><\/figure><figure class='gallery-item'>\n\t\t\t<div class='gallery-icon landscape'>\n\t\t\t\t<a href='https:\/\/centralmedia.rs\/index.php\/2021\/07\/17\/autosedista-za-bebe\/bebe4-2\/'><img loading=\"lazy\" decoding=\"async\" width=\"150\" height=\"150\" src=\"https:\/\/centralmedia.rs\/wp-content\/uploads\/2021\/07\/BEBE4-150x150.jpg\" class=\"attachment-thumbnail size-thumbnail\" alt=\"\" \/><\/a>\n\t\t\t<\/div><\/figure><figure class='gallery-item'>\n\t\t\t<div class='gallery-icon landscape'>\n\t\t\t\t<a href='https:\/\/centralmedia.rs\/index.php\/2021\/07\/17\/autosedista-za-bebe\/bebe-14\/'><img loading=\"lazy\" decoding=\"async\" width=\"150\" height=\"150\" src=\"https:\/\/centralmedia.rs\/wp-content\/uploads\/2021\/07\/BEBE-150x150.jpg\" class=\"attachment-thumbnail size-thumbnail\" alt=\"\" \/><\/a>\n\t\t\t<\/div><\/figure>\n\t\t<\/div>\n\n<p>Dobrodo\u0161licu najmla\u0111im sugra\u0111anima po\u017eelela je Dragana Radevi\u0107, zamenik predsednika op\u0161tine Svilajnac:<\/p>\n<p>\u201eOd ove godine odlu\u010dili smo da svaka ro\u0111ena beba na teritoriji na\u0161e op\u0161tine uz bebi paket sa osnovnim priborom i kozmetikom za bebe dobije i autosedi\u0161te. Ovo je simboli\u010dni poklon dobrodo\u0161lice za na\u0161e najva\u017enije sugra\u0111ane, a meni je uvek \u010dast i privilegija da mogu da ih pozdravim i upoznam\u201c \u2013 izjavila je ona.<\/p>\n<p>Direktorka Centra za brigu o porodici Ivana Petrovi\u0107 istakla je da ovo prva organizovana grupna podela poklona za bebe od januara 2020. godine, jer zbog pandemije izazvane Covidom 19 to nije bilo mogu\u0107e sprovesti, a da je od po\u010detka ove aktivnosti do sada ukupno bila 21 podela bebi paketa.<\/p>\n","protected":false},"excerpt":{"rendered":"<p>SVILAJNAC-U Prirodnja\u010dkom centru ju\u010de su podeljeni bebi paketi i autosedi\u0161ta za bebe ro\u0111ene u maju i junu ove godine na teritoriji op\u0161tine Svilajnac. U ovom &hellip; <\/p>\n","protected":false},"author":2,"featured_media":27583,"comment_status":"open","ping_status":"open","sticky":false,"template":"","format":"standard","meta":{"footnotes":""},"categories":[14,1524,2,887,12,1517],"tags":[4256,444,38],"_links":{"self":[{"href":"https:\/\/centralmedia.rs\/index.php\/wp-json\/wp\/v2\/posts\/27582"}],"collection":[{"href":"https:\/\/centralmedia.rs\/index.php\/wp-json\/wp\/v2\/posts"}],"about":[{"href":"https:\/\/centralmedia.rs\/index.php\/wp-json\/wp\/v2\/types\/post"}],"author":[{"embeddable":true,"href":"https:\/\/centralmedia.rs\/index.php\/wp-json\/wp\/v2\/users\/2"}],"replies":[{"embeddable":true,"href":"https:\/\/centralmedia.rs\/index.php\/wp-json\/wp\/v2\/comments?post=27582"}],"version-history":[{"count":1,"href":"https:\/\/centralmedia.rs\/index.php\/wp-json\/wp\/v2\/posts\/27582\/revisions"}],"predecessor-version":[{"id":27588,"href":"https:\/\/centralmedia.rs\/index.php\/wp-json\/wp\/v2\/posts\/27582\/revisions\/27588"}],"wp:featuredmedia":[{"embeddable":true,"href":"https:\/\/centralmedia.rs\/index.php\/wp-json\/wp\/v2\/media\/27583"}],"wp:attachment":[{"href":"https:\/\/centralmedia.rs\/index.php\/wp-json\/wp\/v2\/media?parent=27582"}],"wp:term":[{"taxonomy":"category","embeddable":true,"href":"https:\/\/centralmedia.rs\/index.php\/wp-json\/wp\/v2\/categories?post=27582"},{"taxonomy":"post_tag","embeddable":true,"href":"https:\/\/centralmedia.rs\/index.php\/wp-json\/wp\/v2\/tags?post=27582"}],"curies":[{"name":"wp","href":"https:\/\/api.w.org\/{rel}","templated":true}]}}