{"id":27592,"date":"2021-07-17T16:06:37","date_gmt":"2021-07-17T14:06:37","guid":{"rendered":"http:\/\/centralmedia.rs\/?p=27592"},"modified":"2021-07-19T21:31:10","modified_gmt":"2021-07-19T19:31:10","slug":"viteski-sabor-kod-zabrege-otkazan","status":"publish","type":"post","link":"https:\/\/centralmedia.rs\/index.php\/2021\/07\/17\/viteski-sabor-kod-zabrege-otkazan\/","title":{"rendered":"VITE\u0160KI SABOR KOD ZABREGE OTKAZAN"},"content":{"rendered":"<p>PARA\u0106IN- Manifestacija Vite\u0161ki sabor u Zabregi kod Para\u0107ina otkazana je zbog lo\u0161ih vremenskih uslova. Organizatori su najavili novi termin odr\u017eavanja. Bilo je planiran defile desetak vite\u0161kih dru\u017eina iz \u00a0Srbije, vite\u0161ke igre, prezentacija borbi, ga\u0111anja lukom i strelom i radionice za decu.<\/p>\n","protected":false},"excerpt":{"rendered":"<p>PARA\u0106IN- Manifestacija Vite\u0161ki sabor u Zabregi kod Para\u0107ina otkazana je zbog lo\u0161ih vremenskih uslova. Organizatori su najavili novi termin odr\u017eavanja. Bilo je planiran defile desetak &hellip; <\/p>\n","protected":false},"author":2,"featured_media":4423,"comment_status":"open","ping_status":"open","sticky":false,"template":"","format":"standard","meta":{"footnotes":""},"categories":[1524,2,1516,16,12],"tags":[4850,156,5292,4863],"_links":{"self":[{"href":"https:\/\/centralmedia.rs\/index.php\/wp-json\/wp\/v2\/posts\/27592"}],"collection":[{"href":"https:\/\/centralmedia.rs\/index.php\/wp-json\/wp\/v2\/posts"}],"about":[{"href":"https:\/\/centralmedia.rs\/index.php\/wp-json\/wp\/v2\/types\/post"}],"author":[{"embeddable":true,"href":"https:\/\/centralmedia.rs\/index.php\/wp-json\/wp\/v2\/users\/2"}],"replies":[{"embeddable":true,"href":"https:\/\/centralmedia.rs\/index.php\/wp-json\/wp\/v2\/comments?post=27592"}],"version-history":[{"count":1,"href":"https:\/\/centralmedia.rs\/index.php\/wp-json\/wp\/v2\/posts\/27592\/revisions"}],"predecessor-version":[{"id":27593,"href":"https:\/\/centralmedia.rs\/index.php\/wp-json\/wp\/v2\/posts\/27592\/revisions\/27593"}],"wp:featuredmedia":[{"embeddable":true,"href":"https:\/\/centralmedia.rs\/index.php\/wp-json\/wp\/v2\/media\/4423"}],"wp:attachment":[{"href":"https:\/\/centralmedia.rs\/index.php\/wp-json\/wp\/v2\/media?parent=27592"}],"wp:term":[{"taxonomy":"category","embeddable":true,"href":"https:\/\/centralmedia.rs\/index.php\/wp-json\/wp\/v2\/categories?post=27592"},{"taxonomy":"post_tag","embeddable":true,"href":"https:\/\/centralmedia.rs\/index.php\/wp-json\/wp\/v2\/tags?post=27592"}],"curies":[{"name":"wp","href":"https:\/\/api.w.org\/{rel}","templated":true}]}}