{"id":27604,"date":"2021-07-17T21:38:38","date_gmt":"2021-07-17T19:38:38","guid":{"rendered":"http:\/\/centralmedia.rs\/?p=27604"},"modified":"2022-01-04T18:16:38","modified_gmt":"2022-01-04T17:16:38","slug":"obelezeno-75-godina-od-zlocinackog-ubistva-komunista-odrzan-parastos-deneralu-drazi-mihailovicu-u-jagodini","status":"publish","type":"post","link":"https:\/\/centralmedia.rs\/index.php\/2021\/07\/17\/obelezeno-75-godina-od-zlocinackog-ubistva-komunista-odrzan-parastos-deneralu-drazi-mihailovicu-u-jagodini\/","title":{"rendered":"OBELE\u017dENO 75 GODINA OD ZLO\u010cINA\u010cKOG UBISTVA KOMUNISTA &#8211;  ODR\u017dAN PARASTOS \u0110ENERALU DRA\u017dI MIHAILOVI\u0106U U JAGODINI"},"content":{"rendered":"<p>JAGODINA-\u00a0U crkvi Svetih apostola Petra i Pavla u Jagodini odra\u017ean je parastos \u0111eneralu Dragoljubu Dra\u017ei Mihailovi\u0107u. Na skroman na\u010din obele\u017eeno je 75 godina od zlo\u010dina\u010dkog ubistava komunista prvog gerilca i antifa\u0161iste u Evropi. Mihailovi\u0107 je 15. jula 1946. godine\u00a0 osu\u0111en na smrt, a dva dana kasnije streljan. Istaknuti srpski komunisti dobili su glavne role egzekutora, verovatno za dokazivanje pred Titom.\u00a0 Kako pi\u0161u mediji, Mihailovi\u0107a je iz pi\u0161tolja brutalno likvidirao u Lisi\u010dijem Potoku na\u010delnik OZNE za Srbiju Slobodan Penezi\u0107 Krcun (26), koji i dan danas ima ulicu u centru Jagodine, dok su sporedne, ali ne manje va\u017ene uloge, Milo\u0161a Mini\u0107a i Leke Rankovi\u0107a. Telo Mihailovi\u0107a je zverski raskomadano sekirom i no\u017eem, deo je polo\u017een u jamu sa kiselinom na Avali, a glava zalivena voskom i leva ruka su zakopani posebno. Poslednja epizoda sahranjivanja Mihailovi\u0107evih ostataka odigrala se u smederevskoj \u017delezari 1994. godine kada su u visoku pe\u0107 Mini\u0107 i drugari ubacili glavu. Nije poznata sudbina leve ruke. Nije poznato gde je sahranjeno telo Mihailovi\u0107a komandanta Jugoslovenske vojske u otad\u017ebini. Mihailovi\u0107 je rehabilitovao Vi\u0161i sud u Beogradu 2015. godine\u00a0 i vratio mu gra\u0111anska prava koja su mu bila oduzeta u politi\u010dko-ideolo\u0161kom procesu komunisti\u010dkog re\u017eima 1946. Godine.<\/p>\n<p><img loading=\"lazy\" decoding=\"async\" class=\"alignnone wp-image-27606 size-full\" src=\"http:\/\/centralmedia.rs\/wp-content\/uploads\/2021\/07\/draza-mihailovic.jpg\" alt=\"\" width=\"719\" height=\"873\" srcset=\"https:\/\/centralmedia.rs\/wp-content\/uploads\/2021\/07\/draza-mihailovic.jpg 719w, https:\/\/centralmedia.rs\/wp-content\/uploads\/2021\/07\/draza-mihailovic-247x300.jpg 247w, https:\/\/centralmedia.rs\/wp-content\/uploads\/2021\/07\/draza-mihailovic-346x420.jpg 346w, https:\/\/centralmedia.rs\/wp-content\/uploads\/2021\/07\/draza-mihailovic-640x777.jpg 640w, https:\/\/centralmedia.rs\/wp-content\/uploads\/2021\/07\/draza-mihailovic-681x827.jpg 681w\" sizes=\"(max-width: 719px) 100vw, 719px\" \/><\/p>\n<p>-Danas 75 godina nakon smrti \u0111enerala i njegove rehabilitacije od pre par godina u kojoj sam uzeo u\u010de\u0161\u0107a, njegov lik i delo iz godine u godinu okuplja sve ve\u0107i broj po\u0161tovaoca. Tome u prilog ide \u010dinjenica da je ove godine na Ravnoj Gori u na\u0161oj organizaciji bilo preko 500 mladih ljudi. Ta slika je znak da \u0111eneralova ideja \u017eivi i da \u0107e \u017eiveti stotinama godina nakon njegove smrti. Na nama je da njegovu ideju sledimo, jer je to velika ideja sjedinjenja i ujedinjenja srpskog naroda. Zato neka je ve\u010dna slava i veliko hvala na\u0161em besmrtnom \u010ci\u010di, rekao je Du\u0161an Markovi\u0107, predsednik Prave Srbije.<\/p>\n<p>Ruski car Nikolaj II Romanov i njegova porodica ubijeni su na dana\u0161nji dan, 17. jula 1918. Godine. Tako\u0111e, zlo\u010din komunista. Prema zvani\u010dnoj verziji, cara\u00a0Nikolaja II, njegovu suprugu Aleksandru, njihove \u010detiri c\u0301erke\u00a0Anastasiju, Mariju, Olgu i Tatjanu\u00a0i njihovog sina carevic\u0301a\u00a0Alekseja, kao i \u010detiri \u010dlana kraljevske posluge, bolj\u0161evici su streljali u podrumu kuc\u0301e u Jekaterinburgu 1918. godine.<\/p>\n<p><img loading=\"lazy\" decoding=\"async\" class=\"alignnone wp-image-27607 size-full\" src=\"http:\/\/centralmedia.rs\/wp-content\/uploads\/2021\/07\/sveti-romanovi.jpg\" alt=\"\" width=\"768\" height=\"431\" srcset=\"https:\/\/centralmedia.rs\/wp-content\/uploads\/2021\/07\/sveti-romanovi.jpg 768w, https:\/\/centralmedia.rs\/wp-content\/uploads\/2021\/07\/sveti-romanovi-300x168.jpg 300w, https:\/\/centralmedia.rs\/wp-content\/uploads\/2021\/07\/sveti-romanovi-748x420.jpg 748w, https:\/\/centralmedia.rs\/wp-content\/uploads\/2021\/07\/sveti-romanovi-640x359.jpg 640w, https:\/\/centralmedia.rs\/wp-content\/uploads\/2021\/07\/sveti-romanovi-681x382.jpg 681w\" sizes=\"(max-width: 768px) 100vw, 768px\" \/><\/p>\n<p>Ruska Zagrani\u010dka crkva je 1981. kanonizovala carsku porodicu, a isto je u\u010dinila i moskovska Patrijar\u0161ija. Ova carska porodica 2000. godine progla\u0161ena je svecima.<\/p>\n<p><img loading=\"lazy\" decoding=\"async\" class=\"alignnone wp-image-27608 size-large\" src=\"http:\/\/centralmedia.rs\/wp-content\/uploads\/2021\/07\/sava-gonjokarlova\u010dki-1024x517.jpg\" alt=\"\" width=\"640\" height=\"323\" srcset=\"https:\/\/centralmedia.rs\/wp-content\/uploads\/2021\/07\/sava-gonjokarlova\u010dki-1024x517.jpg 1024w, https:\/\/centralmedia.rs\/wp-content\/uploads\/2021\/07\/sava-gonjokarlova\u010dki-300x151.jpg 300w, https:\/\/centralmedia.rs\/wp-content\/uploads\/2021\/07\/sava-gonjokarlova\u010dki-768x388.jpg 768w, https:\/\/centralmedia.rs\/wp-content\/uploads\/2021\/07\/sava-gonjokarlova\u010dki-832x420.jpg 832w, https:\/\/centralmedia.rs\/wp-content\/uploads\/2021\/07\/sava-gonjokarlova\u010dki-640x323.jpg 640w, https:\/\/centralmedia.rs\/wp-content\/uploads\/2021\/07\/sava-gonjokarlova\u010dki-681x344.jpg 681w, https:\/\/centralmedia.rs\/wp-content\/uploads\/2021\/07\/sava-gonjokarlova\u010dki.jpg 1432w\" sizes=\"(max-width: 640px) 100vw, 640px\" \/><\/p>\n<p>Srpska pravoslavna crkva danas proslavlja Svetog sve\u0161tenomu\u010denika Savu Gornjokarlova\u010dkog, episkopa Savu Trlaji\u0107a, svetovno ime Svetozar. Za episkopa gornjokarlova\u010dkog izabran je 22. juna 1938. godine. Posle smrti episkopa pakra\u010dkog Mirona (1941), bio je i administrator Pakra\u010dke eparhije. Po\u010detkom drugog svetskog rata 1941, odbio je ponudu italijanskih okupacionih snaga da napusti eparhiju i pre\u0111e u Beograd. Uhap\u0161en je 17. jula 1941. i zato\u010den zajedno sa jo\u0161 trojicom srpskih sve\u0161tenika i trinaest uglednih Srba u \u0161talu usta\u0161e Josipa Tomljenovi\u0107a u Pla\u0161kom. Posle mu\u010denja usta\u0161e su vladiku Platona, zajedno sa sve\u0161tenicima: Bogoljubom Gakovi\u0107em, \u0110urom Stojanovi\u0107em i Stanislavom Nasadilom, vezali u lance i 19. jula odveli u Gospi\u0107. Tu su mu\u010deni sve do polovine avgusta, kada je vladika odveden sa 2.000 Srba prema planini Velebit. Negde na ovoj planini ispio je \u010da\u0161u mu\u010deni\u010dke smrti sa hiljadama pravoslavnih Srba. Ni danas se ne zna gde je postradao episkop gornjokarlova\u010dki Platon. Na redovnom zasedanju Svetog arhijerejskog sabora 1998. godine, vladika Sava progla\u0161en je svetog i u\u010dislen u Imenoslkov Srpske crkve kao sve\u0161tenomu\u010denik.<\/p>\n","protected":false},"excerpt":{"rendered":"<p>JAGODINA-\u00a0U crkvi Svetih apostola Petra i Pavla u Jagodini odra\u017ean je parastos \u0111eneralu Dragoljubu Dra\u017ei Mihailovi\u0107u. Na skroman na\u010din obele\u017eeno je 75 godina od zlo\u010dina\u010dkog &hellip; <\/p>\n","protected":false},"author":2,"featured_media":27605,"comment_status":"open","ping_status":"open","sticky":false,"template":"","format":"standard","meta":{"footnotes":""},"categories":[14,1524,2,1514,5643,887,12],"tags":[5126,5294,5122,3230,4776],"_links":{"self":[{"href":"https:\/\/centralmedia.rs\/index.php\/wp-json\/wp\/v2\/posts\/27604"}],"collection":[{"href":"https:\/\/centralmedia.rs\/index.php\/wp-json\/wp\/v2\/posts"}],"about":[{"href":"https:\/\/centralmedia.rs\/index.php\/wp-json\/wp\/v2\/types\/post"}],"author":[{"embeddable":true,"href":"https:\/\/centralmedia.rs\/index.php\/wp-json\/wp\/v2\/users\/2"}],"replies":[{"embeddable":true,"href":"https:\/\/centralmedia.rs\/index.php\/wp-json\/wp\/v2\/comments?post=27604"}],"version-history":[{"count":7,"href":"https:\/\/centralmedia.rs\/index.php\/wp-json\/wp\/v2\/posts\/27604\/revisions"}],"predecessor-version":[{"id":27616,"href":"https:\/\/centralmedia.rs\/index.php\/wp-json\/wp\/v2\/posts\/27604\/revisions\/27616"}],"wp:featuredmedia":[{"embeddable":true,"href":"https:\/\/centralmedia.rs\/index.php\/wp-json\/wp\/v2\/media\/27605"}],"wp:attachment":[{"href":"https:\/\/centralmedia.rs\/index.php\/wp-json\/wp\/v2\/media?parent=27604"}],"wp:term":[{"taxonomy":"category","embeddable":true,"href":"https:\/\/centralmedia.rs\/index.php\/wp-json\/wp\/v2\/categories?post=27604"},{"taxonomy":"post_tag","embeddable":true,"href":"https:\/\/centralmedia.rs\/index.php\/wp-json\/wp\/v2\/tags?post=27604"}],"curies":[{"name":"wp","href":"https:\/\/api.w.org\/{rel}","templated":true}]}}