{"id":27622,"date":"2021-07-19T21:05:20","date_gmt":"2021-07-19T19:05:20","guid":{"rendered":"http:\/\/centralmedia.rs\/?p=27622"},"modified":"2021-07-21T19:34:33","modified_gmt":"2021-07-21T17:34:33","slug":"eu-donirala-10-miliona-evra-krov-nad-glavom-dobija-421-porodica-medu-njima-su-i-porodice-iz-svilajnca","status":"publish","type":"post","link":"https:\/\/centralmedia.rs\/index.php\/2021\/07\/19\/eu-donirala-10-miliona-evra-krov-nad-glavom-dobija-421-porodica-medu-njima-su-i-porodice-iz-svilajnca\/","title":{"rendered":"EU donirala 10 miliona evra &#8211; krov nad glavom dobija 421 porodica, me\u0111u njima su i porodice iz Svilajnca"},"content":{"rendered":"<p>SVILAJNAC- Evropska unija izdvojila je 10,2 miliona evra za izgradnju, kupovinu i rekonstrukciju stanova i ku\u0107a, kao i za mere socijalne inkluzije, za 421 porodicu u 19 gradova i op\u0161tina u Srbiji, saop\u0161tila je Kancelarija Ujedinjenih nacija za projektne usluge u Srbiji (The United Nations Office for Project Services, UNOPS).<\/p>\n<p>Donaciju za obezbe\u0111ivanje krova nad glavom za stanovnike iz osetljivih dru\u0161tvenih grupa dobili su Boljevac, Vladi\u010din Han, Vrnja\u010dka Banja, Vr\u0161ac, Gad\u017ein Han, \u017dagubica, Koceljeva, Kula, Lebane, Loznica, Ljubovija, Novi Pazar, Od\u017eaci, Pan\u010devo, Ra\u0161ka, Svilajnac, Topola, \u010ca\u010dak i \u0160abac.<\/p>\n<p>Donacija Evropske unije omogu\u0107i\u0107e izgradnju, kupovinu i rekonstrukciju socijalnih stanova i ku\u0107a i tako obezbediti krov nad glavom 421 porodici sa oko 1.500 \u010dlanova, navodi se u izjavi UNOPS za medije.<\/p>\n<p>Dragana Radevi\u0107, zamenica predsednika op\u0161tine Svilajnac navodi da je projektom planirana i prekvalifikacija i dokvalifikacija.<\/p>\n<p>&#8220;Planirana je i prevencija kada govorimo o kovidu, planirano je uklju\u010divanje romske populacije u kulturni i zabavni \u017eivot op\u0161tine&#8221;, dodaje\u00a0Radevi\u0107.<\/p>\n<p>Doga\u0111aju na kom je obele\u017een po\u010detak sprovo\u0111enja projekata socijalnog stanovanja i aktivne inkluzije prisustvovali su \u0161ef Delegacije EU u Srbiji Sem Fabrici (Fabrizi), ministar gra\u0111evinarstva, saobra\u0107aja i infrastrukture Tomislav Momirovi\u0107, ministarka za rad, zapo\u0161ljavanje, bora\u010dka i socijalna pitanja Darija Kisi\u0107 Tepav\u010devi\u0107 i ministarka za evropske integracije Jadranka Joksimovi\u0107.<\/p>\n<p>&nbsp;<\/p>\n","protected":false},"excerpt":{"rendered":"<p>SVILAJNAC- Evropska unija izdvojila je 10,2 miliona evra za izgradnju, kupovinu i rekonstrukciju stanova i ku\u0107a, kao i za mere socijalne inkluzije, za 421 porodicu &hellip; <\/p>\n","protected":false},"author":2,"featured_media":4252,"comment_status":"open","ping_status":"open","sticky":false,"template":"","format":"standard","meta":{"footnotes":""},"categories":[1524,2,13,887,12,1517],"tags":[5297,3466,38],"_links":{"self":[{"href":"https:\/\/centralmedia.rs\/index.php\/wp-json\/wp\/v2\/posts\/27622"}],"collection":[{"href":"https:\/\/centralmedia.rs\/index.php\/wp-json\/wp\/v2\/posts"}],"about":[{"href":"https:\/\/centralmedia.rs\/index.php\/wp-json\/wp\/v2\/types\/post"}],"author":[{"embeddable":true,"href":"https:\/\/centralmedia.rs\/index.php\/wp-json\/wp\/v2\/users\/2"}],"replies":[{"embeddable":true,"href":"https:\/\/centralmedia.rs\/index.php\/wp-json\/wp\/v2\/comments?post=27622"}],"version-history":[{"count":1,"href":"https:\/\/centralmedia.rs\/index.php\/wp-json\/wp\/v2\/posts\/27622\/revisions"}],"predecessor-version":[{"id":27623,"href":"https:\/\/centralmedia.rs\/index.php\/wp-json\/wp\/v2\/posts\/27622\/revisions\/27623"}],"wp:featuredmedia":[{"embeddable":true,"href":"https:\/\/centralmedia.rs\/index.php\/wp-json\/wp\/v2\/media\/4252"}],"wp:attachment":[{"href":"https:\/\/centralmedia.rs\/index.php\/wp-json\/wp\/v2\/media?parent=27622"}],"wp:term":[{"taxonomy":"category","embeddable":true,"href":"https:\/\/centralmedia.rs\/index.php\/wp-json\/wp\/v2\/categories?post=27622"},{"taxonomy":"post_tag","embeddable":true,"href":"https:\/\/centralmedia.rs\/index.php\/wp-json\/wp\/v2\/tags?post=27622"}],"curies":[{"name":"wp","href":"https:\/\/api.w.org\/{rel}","templated":true}]}}