{"id":2763,"date":"2016-04-16T11:35:07","date_gmt":"2016-04-16T11:35:07","guid":{"rendered":"http:\/\/centralmedia.rs\/?p=2763"},"modified":"2017-01-20T02:27:36","modified_gmt":"2017-01-20T02:27:36","slug":"u-vukmanovcu-kod-rekovca-napadnut-clan-sns","status":"publish","type":"post","link":"https:\/\/centralmedia.rs\/index.php\/2016\/04\/16\/u-vukmanovcu-kod-rekovca-napadnut-clan-sns\/","title":{"rendered":"U VUKMANOVCU KOD REKOVCA NAPADNUT \u010cLAN SNS"},"content":{"rendered":"<p>REKOVAC-Povodom fizi\u010dkog napada na \u010dlana SNS u Vukmanovcu kod Rekovca loklani odbore te partije u saop\u0161tenju je osudio takvo pona\u0161aje. Mladi\u0107 je hospitalizovan u Domu zdravlja u toj op\u0161tini.<br \/>\n-Ovaj skandalozni \u010din je atak na celu listu koju predvodi Aleksandar Vu\u010di\u0107 u na\u0161oj op\u0161tini. Osu\u0111ujem napad na aktivistu i \u010dlana Srpske napredne stranke koji se dogodio danas u Vukmanovcu. Na\u0161 \u010dlan je udaren nekoliko puta u predelu glave samo zato \u0161to je nosio zastavu sa obele\u017ejem stranke. \u2013 izjavio je Miroslav Stevanovski poverenik OO SNS u Rekovcu.<\/p>\n<p>&nbsp;<\/p>\n<p><strong><em><a href=\"https:\/\/centralmedia.rs\/wp-content\/uploads\/2016\/12\/grb.jpg\"><img loading=\"lazy\" decoding=\"async\" class=\"aligncenter size-medium wp-image-6520\" src=\"https:\/\/centralmedia.rs\/wp-content\/uploads\/2016\/12\/grb-210x300.jpg\" alt=\"\" width=\"210\" height=\"300\" srcset=\"https:\/\/centralmedia.rs\/wp-content\/uploads\/2016\/12\/grb-210x300.jpg 210w, https:\/\/centralmedia.rs\/wp-content\/uploads\/2016\/12\/grb.jpg 276w\" sizes=\"(max-width: 210px) 100vw, 210px\" \/><\/a>Pozitivni primeri Razglednica iz Rekovca \u2013 Projekat se realizuje uz pomo\u0107 sredstava iz bud\u017eeta Op\u0161tine Rekovac.<\/em><\/strong><\/p>\n","protected":false},"excerpt":{"rendered":"<p>REKOVAC-Povodom fizi\u010dkog napada na \u010dlana SNS u Vukmanovcu kod Rekovca loklani odbore te partije u saop\u0161tenju je osudio takvo pona\u0161aje. Mladi\u0107 je hospitalizovan u Domu &hellip; <\/p>\n","protected":false},"author":4,"featured_media":2764,"comment_status":"open","ping_status":"open","sticky":false,"template":"","format":"standard","meta":{"footnotes":""},"categories":[1524,20,2,887,1519,12],"tags":[716,441,136],"_links":{"self":[{"href":"https:\/\/centralmedia.rs\/index.php\/wp-json\/wp\/v2\/posts\/2763"}],"collection":[{"href":"https:\/\/centralmedia.rs\/index.php\/wp-json\/wp\/v2\/posts"}],"about":[{"href":"https:\/\/centralmedia.rs\/index.php\/wp-json\/wp\/v2\/types\/post"}],"author":[{"embeddable":true,"href":"https:\/\/centralmedia.rs\/index.php\/wp-json\/wp\/v2\/users\/4"}],"replies":[{"embeddable":true,"href":"https:\/\/centralmedia.rs\/index.php\/wp-json\/wp\/v2\/comments?post=2763"}],"version-history":[{"count":0,"href":"https:\/\/centralmedia.rs\/index.php\/wp-json\/wp\/v2\/posts\/2763\/revisions"}],"wp:featuredmedia":[{"embeddable":true,"href":"https:\/\/centralmedia.rs\/index.php\/wp-json\/wp\/v2\/media\/2764"}],"wp:attachment":[{"href":"https:\/\/centralmedia.rs\/index.php\/wp-json\/wp\/v2\/media?parent=2763"}],"wp:term":[{"taxonomy":"category","embeddable":true,"href":"https:\/\/centralmedia.rs\/index.php\/wp-json\/wp\/v2\/categories?post=2763"},{"taxonomy":"post_tag","embeddable":true,"href":"https:\/\/centralmedia.rs\/index.php\/wp-json\/wp\/v2\/tags?post=2763"}],"curies":[{"name":"wp","href":"https:\/\/api.w.org\/{rel}","templated":true}]}}