{"id":27634,"date":"2021-07-20T14:47:30","date_gmt":"2021-07-20T12:47:30","guid":{"rendered":"http:\/\/centralmedia.rs\/?p=27634"},"modified":"2021-07-28T20:42:05","modified_gmt":"2021-07-28T18:42:05","slug":"opstini-svilajnac-urucen-ugovor-za-realizaciju-projekta-socijalnog-stanovanja-i-aktivne-inkluzije","status":"publish","type":"post","link":"https:\/\/centralmedia.rs\/index.php\/2021\/07\/20\/opstini-svilajnac-urucen-ugovor-za-realizaciju-projekta-socijalnog-stanovanja-i-aktivne-inkluzije\/","title":{"rendered":"OP\u0160TINI SVILAJNAC URU\u010cEN UGOVOR ZA REALIZACIJU PROJEKTA SOCIJALNOG STANOVANJA I AKTIVNE INKLUZIJE"},"content":{"rendered":"<p>SVILAJNAC- Op\u0161tina Svilajnac jedna je od 19 op\u0161tina u Srbiji koja je dobila sredstva Evropske unije za realizaciju projekta socijalnog stanovanja i aktivne inkluzije, a ju\u010de je i sve\u010dano uru\u010den ugovor o njegovoj realizaciji.<\/p>\n<div id='gallery-1' class='gallery galleryid-27634 gallery-columns-4 gallery-size-thumbnail'><figure class='gallery-item'>\n\t\t\t<div class='gallery-icon portrait'>\n\t\t\t\t<a href='https:\/\/centralmedia.rs\/index.php\/2021\/07\/20\/opstini-svilajnac-urucen-ugovor-za-realizaciju-projekta-socijalnog-stanovanja-i-aktivne-inkluzije\/eu-i-sv1\/'><img loading=\"lazy\" decoding=\"async\" width=\"150\" height=\"150\" src=\"https:\/\/centralmedia.rs\/wp-content\/uploads\/2021\/07\/eu-i-sv1-150x150.jpg\" class=\"attachment-thumbnail size-thumbnail\" alt=\"\" \/><\/a>\n\t\t\t<\/div><\/figure><figure class='gallery-item'>\n\t\t\t<div class='gallery-icon landscape'>\n\t\t\t\t<a href='https:\/\/centralmedia.rs\/index.php\/2021\/07\/20\/opstini-svilajnac-urucen-ugovor-za-realizaciju-projekta-socijalnog-stanovanja-i-aktivne-inkluzije\/eu-i-sv2\/'><img loading=\"lazy\" decoding=\"async\" width=\"150\" height=\"150\" src=\"https:\/\/centralmedia.rs\/wp-content\/uploads\/2021\/07\/eu-i-sv2-150x150.jpg\" class=\"attachment-thumbnail size-thumbnail\" alt=\"\" \/><\/a>\n\t\t\t<\/div><\/figure><figure class='gallery-item'>\n\t\t\t<div class='gallery-icon landscape'>\n\t\t\t\t<a href='https:\/\/centralmedia.rs\/index.php\/2021\/07\/20\/opstini-svilajnac-urucen-ugovor-za-realizaciju-projekta-socijalnog-stanovanja-i-aktivne-inkluzije\/eu-i-sv3\/'><img loading=\"lazy\" decoding=\"async\" width=\"150\" height=\"150\" src=\"https:\/\/centralmedia.rs\/wp-content\/uploads\/2021\/07\/eu-i-sv3-150x150.jpg\" class=\"attachment-thumbnail size-thumbnail\" alt=\"\" \/><\/a>\n\t\t\t<\/div><\/figure><figure class='gallery-item'>\n\t\t\t<div class='gallery-icon landscape'>\n\t\t\t\t<a href='https:\/\/centralmedia.rs\/index.php\/2021\/07\/20\/opstini-svilajnac-urucen-ugovor-za-realizaciju-projekta-socijalnog-stanovanja-i-aktivne-inkluzije\/eu-i-sv4\/'><img loading=\"lazy\" decoding=\"async\" width=\"150\" height=\"150\" src=\"https:\/\/centralmedia.rs\/wp-content\/uploads\/2021\/07\/eu-i-sv4-150x150.jpg\" class=\"attachment-thumbnail size-thumbnail\" alt=\"\" \/><\/a>\n\t\t\t<\/div><\/figure>\n\t\t<\/div>\n\n<p>Ceremoniji dodele ugovora prisustvovala je zamenik predsednika op\u0161tine Svilajnac Dragana Radevi\u0107, koja je izjavila da je projektom predvi\u0111ena izgradnja stambenog objekta sa 26 stambenih jedinica namenjenih romskoj populaciji:<\/p>\n<p>\u201eZa nas je ovaj projekat va\u017ean jer \u0107emo njegovom realizacijom re\u0161iti vi\u0161egodi\u0161nji problem neuslovnog \u017eivota romskih porodica u naselju Burdu\u0161 mala u Svilajncu. Ukupna vrednost projekta je 84 miliona dinara, od \u010dega op\u0161tina Svilajnac iz svog bud\u017eeta izdvaja 14 miliona dinara. Ovo je jedan primer dobre prakse za re\u0161avanje stambenih problema, kao jednog od goru\u0107ih problema romske populacije.\u201c<\/p>\n<p>Program sprovodi UNOPS uz podr\u0161ku Ministarstva za evropske integracije, Ministarstva za rad, zapo\u0161ljavanje, bora\u010daka i socijalna pitanja i Minstarstva gra\u0111evinarstva, saobra\u0107aja i infrastrukture.<\/p>\n<p>Projekat traje 16 meseci, a osim izgradnje obuhvata i opremanje stanova osnovnim name\u0161tajem.<\/p>\n<p>Osim re\u0161avanja stambenog pitanja, projektom su predvi\u0111ene i mere aktivne inkluzija Roma kroz unapre\u0111enje njihove zapo\u0161ljivosti i zapo\u0161ljavanja, socijalne i dru\u0161tvene uklju\u010denosti i zdravstvene preventive.<\/p>\n","protected":false},"excerpt":{"rendered":"<p>SVILAJNAC- Op\u0161tina Svilajnac jedna je od 19 op\u0161tina u Srbiji koja je dobila sredstva Evropske unije za realizaciju projekta socijalnog stanovanja i aktivne inkluzije, a &hellip; <\/p>\n","protected":false},"author":2,"featured_media":27635,"comment_status":"open","ping_status":"open","sticky":false,"template":"","format":"standard","meta":{"footnotes":""},"categories":[14,1524,2,887,12,1517],"tags":[225,1895,3466,38],"_links":{"self":[{"href":"https:\/\/centralmedia.rs\/index.php\/wp-json\/wp\/v2\/posts\/27634"}],"collection":[{"href":"https:\/\/centralmedia.rs\/index.php\/wp-json\/wp\/v2\/posts"}],"about":[{"href":"https:\/\/centralmedia.rs\/index.php\/wp-json\/wp\/v2\/types\/post"}],"author":[{"embeddable":true,"href":"https:\/\/centralmedia.rs\/index.php\/wp-json\/wp\/v2\/users\/2"}],"replies":[{"embeddable":true,"href":"https:\/\/centralmedia.rs\/index.php\/wp-json\/wp\/v2\/comments?post=27634"}],"version-history":[{"count":1,"href":"https:\/\/centralmedia.rs\/index.php\/wp-json\/wp\/v2\/posts\/27634\/revisions"}],"predecessor-version":[{"id":27640,"href":"https:\/\/centralmedia.rs\/index.php\/wp-json\/wp\/v2\/posts\/27634\/revisions\/27640"}],"wp:featuredmedia":[{"embeddable":true,"href":"https:\/\/centralmedia.rs\/index.php\/wp-json\/wp\/v2\/media\/27635"}],"wp:attachment":[{"href":"https:\/\/centralmedia.rs\/index.php\/wp-json\/wp\/v2\/media?parent=27634"}],"wp:term":[{"taxonomy":"category","embeddable":true,"href":"https:\/\/centralmedia.rs\/index.php\/wp-json\/wp\/v2\/categories?post=27634"},{"taxonomy":"post_tag","embeddable":true,"href":"https:\/\/centralmedia.rs\/index.php\/wp-json\/wp\/v2\/tags?post=27634"}],"curies":[{"name":"wp","href":"https:\/\/api.w.org\/{rel}","templated":true}]}}