{"id":27655,"date":"2021-07-21T16:42:01","date_gmt":"2021-07-21T14:42:01","guid":{"rendered":"http:\/\/centralmedia.rs\/?p=27655"},"modified":"2021-07-28T20:41:45","modified_gmt":"2021-07-28T18:41:45","slug":"vucic-u-pomoravskom-okrugu-despotovcu-paracinu-i-rekovcu-putevi-vodovod-kanalizacija-i-zdravstveni-aparati","status":"publish","type":"post","link":"https:\/\/centralmedia.rs\/index.php\/2021\/07\/21\/vucic-u-pomoravskom-okrugu-despotovcu-paracinu-i-rekovcu-putevi-vodovod-kanalizacija-i-zdravstveni-aparati\/","title":{"rendered":"VU\u010cI\u0106 U POMORAVSKOM OKRUGU &#8211; DESPOTOVCU, PARA\u0106INU I REKOVCU PUTEVI, VODOVOD, KANALIZACIJA I ZDRAVSTVENI APARATI(FOTO)"},"content":{"rendered":"<p>Predsednik Srbije Aleksandar Vu\u010di\u0107 posetio je danas op\u0161tine Despotovac, Para\u0107in i Rekovac i najavio nova ulaganja putnu i komunalnu infrastrukturu, vodovod i kanalizaciju, te nabavku najsavremenijih dijagnsoti\u010dkih aparata za zdravstvo.<\/p>\n<p>PREDSEDNIK SRBIJE POSETIO JE TEHNI\u010cKU \u0160KOLU, DOM ZDARVLJA I SVETI MANASTIR MANSIJA<\/p>\n<p>DESPOTOVAC- Predsednik je u Despotovcu izjavio da je vi\u0161e od pet miliona evra u prethodne dve godine iz dr\u017eavne kase ulo\u017eeno u projekte u Despotovcu. Za rekonstrukciju Tehni\u010dke \u0161kole Vlada Srbije izdvojila skoro 400 miliona dinara.<\/p>\n<div id='gallery-1' class='gallery galleryid-27655 gallery-columns-3 gallery-size-thumbnail'><figure class='gallery-item'>\n\t\t\t<div class='gallery-icon landscape'>\n\t\t\t\t<a href='https:\/\/centralmedia.rs\/index.php\/2021\/07\/21\/vucic-u-pomoravskom-okrugu-despotovcu-paracinu-i-rekovcu-putevi-vodovod-kanalizacija-i-zdravstveni-aparati\/vucic-despotovac1\/'><img loading=\"lazy\" decoding=\"async\" width=\"150\" height=\"150\" src=\"https:\/\/centralmedia.rs\/wp-content\/uploads\/2021\/07\/vucic-despotovac1-150x150.jpg\" class=\"attachment-thumbnail size-thumbnail\" alt=\"\" \/><\/a>\n\t\t\t<\/div><\/figure><figure class='gallery-item'>\n\t\t\t<div class='gallery-icon landscape'>\n\t\t\t\t<a href='https:\/\/centralmedia.rs\/index.php\/2021\/07\/21\/vucic-u-pomoravskom-okrugu-despotovcu-paracinu-i-rekovcu-putevi-vodovod-kanalizacija-i-zdravstveni-aparati\/vucic-despotovac2\/'><img loading=\"lazy\" decoding=\"async\" width=\"150\" height=\"150\" src=\"https:\/\/centralmedia.rs\/wp-content\/uploads\/2021\/07\/vucic-despotovac2-150x150.jpg\" class=\"attachment-thumbnail size-thumbnail\" alt=\"\" \/><\/a>\n\t\t\t<\/div><\/figure><figure class='gallery-item'>\n\t\t\t<div class='gallery-icon landscape'>\n\t\t\t\t<a href='https:\/\/centralmedia.rs\/index.php\/2021\/07\/21\/vucic-u-pomoravskom-okrugu-despotovcu-paracinu-i-rekovcu-putevi-vodovod-kanalizacija-i-zdravstveni-aparati\/vucic-despotovac3\/'><img loading=\"lazy\" decoding=\"async\" width=\"150\" height=\"150\" src=\"https:\/\/centralmedia.rs\/wp-content\/uploads\/2021\/07\/vucic-despotovac3-150x150.jpg\" class=\"attachment-thumbnail size-thumbnail\" alt=\"\" \/><\/a>\n\t\t\t<\/div><\/figure>\n\t\t<\/div>\n\n<p>&#8211; Radi\u0107emo nekoliko stvari u Despotovcu. Pro\u0161iri\u0107emo \u0161kolu na internat i uraditi novu fiskulturnu salu i da vidimo ima li prostora za bazen. U martu smo krenuli sa promenom azbestnih cevi za vodovod, nekih 28 kilometara. Despotovac je u\u0161ao u program izgradnje kanalizacije. Po\u010detkom slede\u0107e godine \u00a0kre\u0107emo i za dve i po godine zavr\u0161i\u0107emo. Uradi\u0107emo i 14,5 kilometara puta do Krepoljina, istakao je Vu\u010di\u0107.<\/p>\n<p>On je rekao da \u0107e dr\u017eava ulo\u017eiti novac u razvoj namenske industrije i \u00a0da \u0107e poku\u0161ati da prona\u0111u investitora koji bi koristio prostor biv\u0161e Fabrike kablova u Despotovcu. Pored toga, za Dom zdravlja bi\u0107e \u00a0obezb\u0111en mamograf.<\/p>\n<p>&#8211; Nije problem izdvojiti 200.000 evra za mamograf. Jagodina dobiti najbolji skener. \u00a0Novac za mamograf mo\u017eemo da obezbedimo ve\u0107 sutra. Za Jagodinu da nabavimo dobar skener, najbolji, da Pomoravlje dobije najbolji skener, 64. slajsni i da time re\u0161imo problem za vi\u0161e godina, najavio je Vu\u010di\u0107.<\/p>\n<div id='gallery-2' class='gallery galleryid-27655 gallery-columns-3 gallery-size-thumbnail'><figure class='gallery-item'>\n\t\t\t<div class='gallery-icon landscape'>\n\t\t\t\t<a href='https:\/\/centralmedia.rs\/index.php\/2021\/07\/21\/vucic-u-pomoravskom-okrugu-despotovcu-paracinu-i-rekovcu-putevi-vodovod-kanalizacija-i-zdravstveni-aparati\/vucic-manasija\/'><img loading=\"lazy\" decoding=\"async\" width=\"150\" height=\"150\" src=\"https:\/\/centralmedia.rs\/wp-content\/uploads\/2021\/07\/vucic-manasija-150x150.jpg\" class=\"attachment-thumbnail size-thumbnail\" alt=\"\" \/><\/a>\n\t\t\t<\/div><\/figure><figure class='gallery-item'>\n\t\t\t<div class='gallery-icon landscape'>\n\t\t\t\t<a href='https:\/\/centralmedia.rs\/index.php\/2021\/07\/21\/vucic-u-pomoravskom-okrugu-despotovcu-paracinu-i-rekovcu-putevi-vodovod-kanalizacija-i-zdravstveni-aparati\/vucic-manasija1\/'><img loading=\"lazy\" decoding=\"async\" width=\"150\" height=\"150\" src=\"https:\/\/centralmedia.rs\/wp-content\/uploads\/2021\/07\/vucic-manasija1-150x150.jpg\" class=\"attachment-thumbnail size-thumbnail\" alt=\"\" \/><\/a>\n\t\t\t<\/div><\/figure><figure class='gallery-item'>\n\t\t\t<div class='gallery-icon landscape'>\n\t\t\t\t<a href='https:\/\/centralmedia.rs\/index.php\/2021\/07\/21\/vucic-u-pomoravskom-okrugu-despotovcu-paracinu-i-rekovcu-putevi-vodovod-kanalizacija-i-zdravstveni-aparati\/vucic-manasija2\/'><img loading=\"lazy\" decoding=\"async\" width=\"150\" height=\"150\" src=\"https:\/\/centralmedia.rs\/wp-content\/uploads\/2021\/07\/vucic-manasija2-150x150.jpg\" class=\"attachment-thumbnail size-thumbnail\" alt=\"\" \/><\/a>\n\t\t\t<\/div><\/figure>\n\t\t<\/div>\n\n<p>Predsednik Vu\u010di\u0107 obi\u0161ao je Sveti manastir Manasiji, zadu\u017ebinu despota Stefana Lazarevi\u0107a i naglasio da je to jedan od najlep\u0161ih i najvrednijih srpskih manastira.<\/p>\n<p>&#8211; Obe\u0107ali smo pomo\u0107, moraju da se prikop\u010daju na kanalizaciju, to \u0107emo uraditi. Manastir obilaze ljudi iz celog sveta, ovde se odigravaju vite\u0161ke borbe, podsetio je on I dodao da kada se govori o novcu za Despotovac to je oko 60 miliona evra, te da \u0107e biti kao neko mesto u \u0160vajcarskoj kada se zavr\u0161i kanalizacija i vodovod, put prema \u017daguibici, komunalna infrastruktura u Manasiji, bazen, fiskulturna sala i internat.<\/p>\n<p>VU\u010cI\u0106 U SISEVCU<\/p>\n<p>PARA\u0106IN- Vu\u010di\u0107 je posle Despotovca, posetio hotel u izgradnji &#8220;Biogor&#8221; u Sisevcu kod Para\u0107ina. Vrednost investicije porodice odbornice SNS Radojke Milovanovi\u0107 i preduze\u0107a RM Stubica je oko 4,5 miliona evra.<\/p>\n<p>&#8211; Radoslavu i Radojki, njihovoj deci, ho\u0107u posebno da se zahvalim na ogromnom ulaganju. Ono \u0161to dr\u017eava mo\u017ee da uradi jeste da uradimo put, da spojimo dve turisti\u010dke destinacije, Grzu i Sisevac, zahvalio se Vu\u010di\u0107 porodici Milovanovi\u0107, u \u010dijem je vlasni\u0161tvu RM Stubica.<\/p>\n<div id='gallery-3' class='gallery galleryid-27655 gallery-columns-3 gallery-size-thumbnail'><figure class='gallery-item'>\n\t\t\t<div class='gallery-icon landscape'>\n\t\t\t\t<a href='https:\/\/centralmedia.rs\/index.php\/2021\/07\/21\/vucic-u-pomoravskom-okrugu-despotovcu-paracinu-i-rekovcu-putevi-vodovod-kanalizacija-i-zdravstveni-aparati\/vucic-grza\/'><img loading=\"lazy\" decoding=\"async\" width=\"150\" height=\"150\" src=\"https:\/\/centralmedia.rs\/wp-content\/uploads\/2021\/07\/vucic-grza-150x150.jpg\" class=\"attachment-thumbnail size-thumbnail\" alt=\"\" \/><\/a>\n\t\t\t<\/div><\/figure><figure class='gallery-item'>\n\t\t\t<div class='gallery-icon landscape'>\n\t\t\t\t<a href='https:\/\/centralmedia.rs\/index.php\/2021\/07\/21\/vucic-u-pomoravskom-okrugu-despotovcu-paracinu-i-rekovcu-putevi-vodovod-kanalizacija-i-zdravstveni-aparati\/vucic-grza1\/'><img loading=\"lazy\" decoding=\"async\" width=\"150\" height=\"150\" src=\"https:\/\/centralmedia.rs\/wp-content\/uploads\/2021\/07\/vucic-grza1-150x150.jpg\" class=\"attachment-thumbnail size-thumbnail\" alt=\"\" \/><\/a>\n\t\t\t<\/div><\/figure><figure class='gallery-item'>\n\t\t\t<div class='gallery-icon landscape'>\n\t\t\t\t<a href='https:\/\/centralmedia.rs\/index.php\/2021\/07\/21\/vucic-u-pomoravskom-okrugu-despotovcu-paracinu-i-rekovcu-putevi-vodovod-kanalizacija-i-zdravstveni-aparati\/vucic-grza2\/'><img loading=\"lazy\" decoding=\"async\" width=\"150\" height=\"150\" src=\"https:\/\/centralmedia.rs\/wp-content\/uploads\/2021\/07\/vucic-grza2-150x150.jpg\" class=\"attachment-thumbnail size-thumbnail\" alt=\"\" \/><\/a>\n\t\t\t<\/div><\/figure>\n\t\t<\/div>\n\n<p>Vlasnica hotela zahvalila je predsedniku Vu\u010di\u0107u na dolasku, isti\u010du\u0107i da je u Sisevcu u poseti bio samo jo\u0161 jedan predsednik, pre \u010dak 60 godina, odnosno Tito.<\/p>\n<p>Predsednik je najavio izgradnju 4 kilometara puta od Senja do Sisevca, kao i put Sisevac- Grza, u du\u017eini od 18,5 kilometara, te da \u0107e radovi biti zavr\u0161eni do 1. oktobra. Tako\u0111e, najavio je da \u0107e biti ura\u0111en i put od Para\u0107ina preko Drenovca do Pojata.<\/p>\n<p>&#8211; Mnogo mi je drago \u0161to se nalazim u Sisevcu. I manastir svetog Sisoja je divan. Vidim da \u0107e hotel velelepno da izgleda. Priroda je \u010dudesna. U Para\u0107inu je 6.500 nezaposlenih, to je ogroman broj. Va\u017eno je da su tri investitora iz \u0160vajcarske, Austrije i Slovenije zainteresovani za Staklaru. U Para\u0107inu veliki broj nezaposlenih zahteva dovo\u0111enje nekog velikog investitora, rekao je predsednik i najavio je dr\u017eavnu pomo\u0107 za bud\u017eet Para\u0107ina.<\/p>\n<p>PUTVEVI, VODOVOD, KANALIZACIJA, DOM ZDRAVLJA U LEV\u010cU<\/p>\n<p>REKOVAC-Vu\u010di\u0107 je u Rekovcu najavio radove na 3, 5 kilometra puta ka Kragujevcu i da \u0107e radovi po\u010deti \u00a0u roku od 15 dana. Za vodovoda bi\u0107e izdvojeno 57 miliona dianara. Rekovac je u\u0161ao u program ure\u0111ivanja kanalizacione mere. Bi\u0107e rekosntruisan Dom zdravlja.<\/p>\n<p>&#8211; Ono \u0161to je najte\u017ee, moramo na\u0107i neku investiciju za Rekovac, istakao je on i obe\u0107ao manju fabriku, gde \u0107e raditi oko 200 zaposlenih.<\/p>\n<div id='gallery-4' class='gallery galleryid-27655 gallery-columns-2 gallery-size-thumbnail'><figure class='gallery-item'>\n\t\t\t<div class='gallery-icon landscape'>\n\t\t\t\t<a href='https:\/\/centralmedia.rs\/index.php\/2021\/07\/21\/vucic-u-pomoravskom-okrugu-despotovcu-paracinu-i-rekovcu-putevi-vodovod-kanalizacija-i-zdravstveni-aparati\/vucic-rekovac\/'><img loading=\"lazy\" decoding=\"async\" width=\"150\" height=\"150\" src=\"https:\/\/centralmedia.rs\/wp-content\/uploads\/2021\/07\/vucic-rekovac-150x150.jpg\" class=\"attachment-thumbnail size-thumbnail\" alt=\"\" \/><\/a>\n\t\t\t<\/div><\/figure><figure class='gallery-item'>\n\t\t\t<div class='gallery-icon landscape'>\n\t\t\t\t<a href='https:\/\/centralmedia.rs\/index.php\/2021\/07\/21\/vucic-u-pomoravskom-okrugu-despotovcu-paracinu-i-rekovcu-putevi-vodovod-kanalizacija-i-zdravstveni-aparati\/vucic-rekovac1\/'><img loading=\"lazy\" decoding=\"async\" width=\"150\" height=\"150\" src=\"https:\/\/centralmedia.rs\/wp-content\/uploads\/2021\/07\/vucic-rekovac1-150x150.jpg\" class=\"attachment-thumbnail size-thumbnail\" alt=\"\" \/><\/a>\n\t\t\t<\/div><\/figure>\n\t\t<\/div>\n\n<p>Vu\u010di\u0107 je obi\u0161ao i vinariju &#8220;Lastar&#8221; u selu Sekuri\u010d u toj op\u0161tini i \u00a0najavio da \u0107e vinari mo\u0107i da izvoze velike koli\u010dine vina, ako se sa Kinom sklopi sporazum o slobodnoj o trgovini.<\/p>\n<p>&nbsp;<\/p>\n<p>Foto a.vu\u010di\u0107<\/p>\n","protected":false},"excerpt":{"rendered":"<p>Predsednik Srbije Aleksandar Vu\u010di\u0107 posetio je danas op\u0161tine Despotovac, Para\u0107in i Rekovac i najavio nova ulaganja putnu i komunalnu infrastrukturu, vodovod i kanalizaciju, te nabavku &hellip; <\/p>\n","protected":false},"author":2,"featured_media":27656,"comment_status":"open","ping_status":"open","sticky":false,"template":"","format":"standard","meta":{"footnotes":""},"categories":[1518,1524,2,1516,13,1519,12],"tags":[51,156,441,63],"_links":{"self":[{"href":"https:\/\/centralmedia.rs\/index.php\/wp-json\/wp\/v2\/posts\/27655"}],"collection":[{"href":"https:\/\/centralmedia.rs\/index.php\/wp-json\/wp\/v2\/posts"}],"about":[{"href":"https:\/\/centralmedia.rs\/index.php\/wp-json\/wp\/v2\/types\/post"}],"author":[{"embeddable":true,"href":"https:\/\/centralmedia.rs\/index.php\/wp-json\/wp\/v2\/users\/2"}],"replies":[{"embeddable":true,"href":"https:\/\/centralmedia.rs\/index.php\/wp-json\/wp\/v2\/comments?post=27655"}],"version-history":[{"count":2,"href":"https:\/\/centralmedia.rs\/index.php\/wp-json\/wp\/v2\/posts\/27655\/revisions"}],"predecessor-version":[{"id":27669,"href":"https:\/\/centralmedia.rs\/index.php\/wp-json\/wp\/v2\/posts\/27655\/revisions\/27669"}],"wp:featuredmedia":[{"embeddable":true,"href":"https:\/\/centralmedia.rs\/index.php\/wp-json\/wp\/v2\/media\/27656"}],"wp:attachment":[{"href":"https:\/\/centralmedia.rs\/index.php\/wp-json\/wp\/v2\/media?parent=27655"}],"wp:term":[{"taxonomy":"category","embeddable":true,"href":"https:\/\/centralmedia.rs\/index.php\/wp-json\/wp\/v2\/categories?post=27655"},{"taxonomy":"post_tag","embeddable":true,"href":"https:\/\/centralmedia.rs\/index.php\/wp-json\/wp\/v2\/tags?post=27655"}],"curies":[{"name":"wp","href":"https:\/\/api.w.org\/{rel}","templated":true}]}}