{"id":27674,"date":"2021-07-21T19:31:36","date_gmt":"2021-07-21T17:31:36","guid":{"rendered":"http:\/\/centralmedia.rs\/?p=27674"},"modified":"2022-01-04T18:16:00","modified_gmt":"2022-01-04T17:16:00","slug":"opozicija-kritikuje-vucicevu-posetu-pomoravskim-opstinama-privatna-poseta-ili-predizborni-marketing-mozda-nesto-trece","status":"publish","type":"post","link":"https:\/\/centralmedia.rs\/index.php\/2021\/07\/21\/opozicija-kritikuje-vucicevu-posetu-pomoravskim-opstinama-privatna-poseta-ili-predizborni-marketing-mozda-nesto-trece\/","title":{"rendered":"OPOZICIJA KRITIKUJE VU\u010cI\u0106EVU POSETU POMORAVSKIM OP\u0160TINAMA \u2013 PRIVATNA POSETA ILI PREDIZBORNI MARKETING, MO\u017dDA NE\u0160TO TRE\u0106E?"},"content":{"rendered":"<p>PARA\u0106IN- Opozicionari su kritikovali posetu pomoravskim op\u0161tinama predsednika Srbije Aleksandra Vu\u010di\u0107a nazivaju\u0107i je ,,privatnom posetom, predizbornim marketingom ili mo\u017eda ne\u0161to tre\u0107e\u201c?<\/p>\n<p>-Dugo najavljivana poseta Aleksandra Vu\u010di\u0107a na\u0161oj op\u0161tini svela se na privatnu posetu hotelu u Sisevcu, lokalnom odmarali\u0161tu nadomak Para\u0107ina, \u010diji je vlasnik odbornica SNS Radojka Milovanovi\u0107, koja je uprili\u010dena do\u010dekom i ve\u0107 patentiranim na\u010dinom aplaudiranja od strane op\u0161tinskih funkcionera uz nekolicinu lokalnih me\u0161tana.<\/p>\n<p>Rezultat posete su obe\u0107anja o izgradnji dva lokalna puta koja vode do hotela njegove odbornice u lokalnoj skup\u0161tini, te najve\u0107i interes od eventualnog ispunjenja ovih obe\u0107anja ima upravo odbornica SNS Radojka Milovanovi\u0107 i vlasnica najve\u0107eg dela zemlji\u0161ta i objekata u odmarali\u0161tu Sisevac.<\/p>\n<p>Da tragedija bude ve\u0107a, lokalana skup\u0161tina je pre par dana usvojila odluku da se firmi Radojke Milovanovi\u0107, koja je u me\u0111uvremenu preba\u010dena na \u010dlanove naju\u017ee porodice, ustupi zemlji\u0161te povr\u0161ine 1,43 hektara u samom centru Sisevca u zamenu za 39 ari parcele koja ima 10 puta manju vrednost od vrednosti zemlji\u0161ta koje je trampom dobila.<\/p>\n<p>Srpska fabrika stakla, mimo svih ustavnih ovla\u0161\u0107enja koje kao predsednik dr\u017eave ima, nije izostala da bude predmet predsednikovih obe\u0107anja, pa se tako po drugi put obe\u0107ava trajno re\u0161enje ovog nekada\u0161njeg giganta kome je pre par dana Privredni sud proglasio bankrot. Podse\u0107amo javnost da je na predizbornom skupu 2017. godine u centru Para\u0107ina, predsednik Srbije ve\u0107 jednom obe\u0107ao re\u0161avanje svih problema fabrike stakla ali se to obe\u0107anje ispostavilo kao la\u017eno.<\/p>\n<p>Predmet obe\u0107anja je bio i regionalni put Para\u0107in \u2013 Pojate koji je delom saniran ali je ve\u0107i deo pomenute deonice u katastrofalnom stanju. Iako je SNS 9 godina na vlasti, do sada nije prepoznat kao problem gra\u0111ana op\u0161tine Para\u0107in, pogotovu me\u0161tana sela Drenovac iako je prethodna vlast vi\u0161e puta na to ukazivala, ve\u0107 se on obe\u0107ava kada SNS osvaja vlast u Para\u0107inu \u0161to nedvosmisleno zna\u010di da su gra\u0111ani Para\u0107ina 9 godina ka\u017enjavani jer na lokalu nisu podr\u017eavali SNS.<\/p>\n<p>Dr\u017eavni\u010dke posete najvi\u0161ih funkcionera SNS su se pretvorile u privatne obilaske njima bliskim investitorima, u ovom slu\u010daju \u010dak i odbornicima, sa kriminalnim poslovima iz pro\u0161losti, a koji su svoje uto\u010di\u0161te prona\u0161li u SNS, ba\u0161 kao \u0161to je to slu\u010daj i u Para\u0107inu sa Radojkom Milovanovi\u0107, jednom od najve\u0107ih trgovaca cementom od ranih 90. do danas, vlasnicom ribnjaka \u0161irom Srbije, kao i trgovcem sto\u010dne hrane, peleta, gra\u0111evinskog materijala i goriva, koja je Para\u0107incima itekako poznata.<\/p>\n<p>Sve \u0161to SNS radi, radi u interesu svojih tajkuna i kontroverznih biznismena uz opravdanje da je to interes svih gra\u0111ana Srbije, kao \u0161to se pomenute obe\u0107anje deonice puteva i karakteri\u0161u.<\/p>\n<p>Osim privatnog hotela Radojke Milovanovi\u0107 u Sisevcu, ni\u0161ta drugo u samom gradu nije ni moglo da bude predmet posete predsednika dr\u017eave jer za godinu dana vladavine u Para\u0107inu SNS sa svojim koalicionim partnerima nema ni jedan rezultat vredan obilaska bilo kog funkcionera, a posebno ne predsednika dr\u017eave.<\/p>\n<p>Stranka slobode i pravde Para\u0107in obe\u0107ava da \u0107e svo zemlji\u0161te i objekte oteto od op\u0161tine vratiti u javnu svojinu, a da lokalnim tajkunima ne\u0107e biti omogu\u0107eno da se bogate na ra\u010dun gra\u0111ana, sakrivaju\u0107i se iza skup\u0161tinskih odluka svojih prijatelja i drugara, stoji u saop\u0161tenju OO Stranke slobode i pravde Para\u0107in<\/p>\n<p>Sa\u0161a Paunovi\u0107, biv\u0161i predsednik op\u0161tine Para\u0107in, ipak smatra da za ovakvu Vu\u010di\u0107evu preuranjenu kampanju postoji i neki dodatni razlog, prenosi Danas.<\/p>\n<p>-Van svake sumnje re\u010d je o nastavku kampanje \u010dije smo delove ve\u0107 videli u Ni\u0161u, Kragujevcu, Novom Sadu. Neobi\u010dno je da se kampanja ovakvog intenziteta vodi toliko pre termina za predsedni\u010dke izbore i za to mora postojati neki razlog. Obe\u0107anja koja se tom prilikom daju ne treba posebno komentarisati, \u010duli smo ih mnogo, ka\u017ee za Danas Paunovi\u0107.<\/p>\n<p>Jagodinski odbor SSP je u video prilogu obe\u0107anje za nabavku najsavremenijeg skenera za jagodinsku Op\u0161tu bolnicu okarakterisao kao ,,obe\u0107anje ludom radovanje ili ko jo\u0161 veruje u Vu\u010di\u0107eva obe\u0107anja\u201c.<\/p>\n<p>REAGOVANJE RADOJKE MILOVANOVI\u0106 NA SAOP\u0160TENJE SSP<\/p>\n<p>Dragi gospodine ja Vas uop\u0161te ne poznajem.To sto pi\u0161ete, da sam ja lopov i firma lopovska,bogami vide\u0107emo se na sudu. Mora\u0107ete da doka\u017eete ,\u0161ta sam ja to ukrala,sta sam od nekoga uzela i nisam platila. Sve \u0161to ste naveli da sam radila ili jo\u0161 radim je po zakonu.Cela Srbija zna RM STUBICU kao dobru firmu. Ako mislite da mi umanjite ugled prevarili ste se. Znate kako to na mene uti\u010de ,,kao lanjski sneg\u201d. Psi laju ,karavani prolaze. Zemlju sam dobila zamenom, da je sre\u0107a da mi daju \u0111zabe ,kao \u0161to su mnoge op\u0161tine davale. Sisevac je i danas pun. Za\u0161to pre mene neko nije do\u0161ao da ne\u0161to radi. Sad se svi setili kad nesto vredi. I tako ne bi se vi\u0161e sa Vama zamarala. Ja sa RM i ribnjacima imam 200 radnika.Radimo i radimo, a Vi stojte i pi\u0161ite i kukajte da nemate,<\/p>\n<p>Pozdrav<\/p>\n<p>Foto Avucic<\/p>\n","protected":false},"excerpt":{"rendered":"<p>PARA\u0106IN- Opozicionari su kritikovali posetu pomoravskim op\u0161tinama predsednika Srbije Aleksandra Vu\u010di\u0107a nazivaju\u0107i je ,,privatnom posetom, predizbornim marketingom ili mo\u017eda ne\u0161to tre\u0107e\u201c? -Dugo najavljivana poseta Aleksandra &hellip; <\/p>\n","protected":false},"author":2,"featured_media":27663,"comment_status":"open","ping_status":"open","sticky":false,"template":"","format":"standard","meta":{"footnotes":""},"categories":[1524,2,5643,1514,1516,13,12],"tags":[532,156,3534,136,63],"_links":{"self":[{"href":"https:\/\/centralmedia.rs\/index.php\/wp-json\/wp\/v2\/posts\/27674"}],"collection":[{"href":"https:\/\/centralmedia.rs\/index.php\/wp-json\/wp\/v2\/posts"}],"about":[{"href":"https:\/\/centralmedia.rs\/index.php\/wp-json\/wp\/v2\/types\/post"}],"author":[{"embeddable":true,"href":"https:\/\/centralmedia.rs\/index.php\/wp-json\/wp\/v2\/users\/2"}],"replies":[{"embeddable":true,"href":"https:\/\/centralmedia.rs\/index.php\/wp-json\/wp\/v2\/comments?post=27674"}],"version-history":[{"count":8,"href":"https:\/\/centralmedia.rs\/index.php\/wp-json\/wp\/v2\/posts\/27674\/revisions"}],"predecessor-version":[{"id":27744,"href":"https:\/\/centralmedia.rs\/index.php\/wp-json\/wp\/v2\/posts\/27674\/revisions\/27744"}],"wp:featuredmedia":[{"embeddable":true,"href":"https:\/\/centralmedia.rs\/index.php\/wp-json\/wp\/v2\/media\/27663"}],"wp:attachment":[{"href":"https:\/\/centralmedia.rs\/index.php\/wp-json\/wp\/v2\/media?parent=27674"}],"wp:term":[{"taxonomy":"category","embeddable":true,"href":"https:\/\/centralmedia.rs\/index.php\/wp-json\/wp\/v2\/categories?post=27674"},{"taxonomy":"post_tag","embeddable":true,"href":"https:\/\/centralmedia.rs\/index.php\/wp-json\/wp\/v2\/tags?post=27674"}],"curies":[{"name":"wp","href":"https:\/\/api.w.org\/{rel}","templated":true}]}}