{"id":27680,"date":"2021-07-22T12:55:20","date_gmt":"2021-07-22T10:55:20","guid":{"rendered":"http:\/\/centralmedia.rs\/?p=27680"},"modified":"2022-01-04T18:15:53","modified_gmt":"2022-01-04T17:15:53","slug":"obradovic-pod-ovom-vlascu-drzava-je-sve-manja-u-svakom-smislu","status":"publish","type":"post","link":"https:\/\/centralmedia.rs\/index.php\/2021\/07\/22\/obradovic-pod-ovom-vlascu-drzava-je-sve-manja-u-svakom-smislu\/","title":{"rendered":"OBRADOVI\u0106: POD OVOM VLA\u0160\u0106U DR\u017dAVA JE SVE MANJA U SVAKOM SMISLU"},"content":{"rendered":"<p>JAGODINA- Lider Dveri Bo\u0161ko Obradovi\u0107 danas je u Jagodini izjavio da je pod ovom vla\u0161\u0107u dr\u017eava sve manja.<\/p>\n<p>-Manji smo u tertoriji, broju stanovnika, snazi doma\u0107e privrede i poljoprivrede. Vreme je da se ne\u0161to menja i moja poruka je da je pro\u0161lo vreme Vu\u010di\u0107a, Da\u010di\u0107a,Vulina, Palme i la\u017ene opozicije poput \u0160e\u0161elja Do\u0161lo je vreme za moderan patriotizam, konzervativno-savremeno shvatanje politike, gde bi na\u0161e najbolje tradicije do\u0161le u prvi plan, po\u0161tovala vera, kultura, istorija naroda, pismo \u0107irilica, porodica na prvom mestu, rodoljublje bi bilo temelj novog bavljenja politikom. Za politiku sa moralom se zala\u017ee Srpski pokret Dveri, za politiku koja \u0107e sadr\u017eati duhovne i moralne temelje ovog naroda, po\u0161tenje. Smatramo da je to kvalitativno novo na srpskoj polit\u010dkoj sceni. Ove koje gledamo 30 godina, nekima je vreme za politi\u010dku penziju, nekima za zatvor. Svako ko se ogre\u0161io u sada\u0161njoj ili biv\u0161oj vlasti mora da odgovara i to je promena sistema, naveo je Obradovi\u0107 u obra\u0107anju novinarima.<\/p>\n<p>On se zala\u017ee za lustraciju, preispitivanje svih diploma u javnom sektoru, otkaze i da vrate plate na osnovu la\u017ene diplome i krivi\u010dnu odgovornost, oduzimanje nezakonito ste\u010dene imovine i finansijsku kaznu za svakog ko je o\u0161tetio bud\u017eet.<\/p>\n<p>-Vi\u0161e od 50 dosto gra\u0111ana Srbije bi bilo spremno da glasa za ovaj program, samo kada bi imali priliku da ga \u010duju na nacionalnim medijima. Imaju\u0107i u vidu da su mediji zatvoreni za opoziciju i kritiku vlasti, mi smo krenuli u kampanju od porodice do porodice, od \u010doveka do \u010doveka, objasnio je Obradovi\u0107.<\/p>\n<div id='gallery-1' class='gallery galleryid-27680 gallery-columns-3 gallery-size-full'><figure class='gallery-item'>\n\t\t\t<div class='gallery-icon landscape'>\n\t\t\t\t<a href='https:\/\/centralmedia.rs\/index.php\/2021\/07\/22\/obradovic-pod-ovom-vlascu-drzava-je-sve-manja-u-svakom-smislu\/dveri-5\/'><img loading=\"lazy\" decoding=\"async\" width=\"1800\" height=\"875\" src=\"https:\/\/centralmedia.rs\/wp-content\/uploads\/2021\/07\/dveri.jpg\" class=\"attachment-full size-full\" alt=\"\" srcset=\"https:\/\/centralmedia.rs\/wp-content\/uploads\/2021\/07\/dveri.jpg 1800w, https:\/\/centralmedia.rs\/wp-content\/uploads\/2021\/07\/dveri-300x146.jpg 300w, https:\/\/centralmedia.rs\/wp-content\/uploads\/2021\/07\/dveri-768x373.jpg 768w, https:\/\/centralmedia.rs\/wp-content\/uploads\/2021\/07\/dveri-1024x498.jpg 1024w, https:\/\/centralmedia.rs\/wp-content\/uploads\/2021\/07\/dveri-864x420.jpg 864w, https:\/\/centralmedia.rs\/wp-content\/uploads\/2021\/07\/dveri-640x311.jpg 640w, https:\/\/centralmedia.rs\/wp-content\/uploads\/2021\/07\/dveri-681x331.jpg 681w\" sizes=\"(max-width: 1800px) 100vw, 1800px\" \/><\/a>\n\t\t\t<\/div><\/figure><figure class='gallery-item'>\n\t\t\t<div class='gallery-icon landscape'>\n\t\t\t\t<a href='https:\/\/centralmedia.rs\/index.php\/2021\/07\/22\/obradovic-pod-ovom-vlascu-drzava-je-sve-manja-u-svakom-smislu\/dveri1\/'><img loading=\"lazy\" decoding=\"async\" width=\"1800\" height=\"875\" src=\"https:\/\/centralmedia.rs\/wp-content\/uploads\/2021\/07\/dveri1.jpg\" class=\"attachment-full size-full\" alt=\"\" srcset=\"https:\/\/centralmedia.rs\/wp-content\/uploads\/2021\/07\/dveri1.jpg 1800w, https:\/\/centralmedia.rs\/wp-content\/uploads\/2021\/07\/dveri1-300x146.jpg 300w, https:\/\/centralmedia.rs\/wp-content\/uploads\/2021\/07\/dveri1-768x373.jpg 768w, https:\/\/centralmedia.rs\/wp-content\/uploads\/2021\/07\/dveri1-1024x498.jpg 1024w, https:\/\/centralmedia.rs\/wp-content\/uploads\/2021\/07\/dveri1-864x420.jpg 864w, https:\/\/centralmedia.rs\/wp-content\/uploads\/2021\/07\/dveri1-640x311.jpg 640w, https:\/\/centralmedia.rs\/wp-content\/uploads\/2021\/07\/dveri1-681x331.jpg 681w\" sizes=\"(max-width: 1800px) 100vw, 1800px\" \/><\/a>\n\t\t\t<\/div><\/figure><figure class='gallery-item'>\n\t\t\t<div class='gallery-icon landscape'>\n\t\t\t\t<a href='https:\/\/centralmedia.rs\/index.php\/2021\/07\/22\/obradovic-pod-ovom-vlascu-drzava-je-sve-manja-u-svakom-smislu\/dveri2\/'><img loading=\"lazy\" decoding=\"async\" width=\"1800\" height=\"875\" src=\"https:\/\/centralmedia.rs\/wp-content\/uploads\/2021\/07\/dveri2.jpg\" class=\"attachment-full size-full\" alt=\"\" srcset=\"https:\/\/centralmedia.rs\/wp-content\/uploads\/2021\/07\/dveri2.jpg 1800w, https:\/\/centralmedia.rs\/wp-content\/uploads\/2021\/07\/dveri2-300x146.jpg 300w, https:\/\/centralmedia.rs\/wp-content\/uploads\/2021\/07\/dveri2-768x373.jpg 768w, https:\/\/centralmedia.rs\/wp-content\/uploads\/2021\/07\/dveri2-1024x498.jpg 1024w, https:\/\/centralmedia.rs\/wp-content\/uploads\/2021\/07\/dveri2-864x420.jpg 864w, https:\/\/centralmedia.rs\/wp-content\/uploads\/2021\/07\/dveri2-640x311.jpg 640w, https:\/\/centralmedia.rs\/wp-content\/uploads\/2021\/07\/dveri2-681x331.jpg 681w\" sizes=\"(max-width: 1800px) 100vw, 1800px\" \/><\/a>\n\t\t\t<\/div><\/figure>\n\t\t<\/div>\n\n<p>Predsednik jagodinskog odbora Dveri Stefan Vuk Milanovi\u0107 istakao je da \u0107e Jagodina u budu\u0107oj vlasti, koju \u0107e \u010diniti Dveri, biti va\u017ena.<\/p>\n<p>-Dveri \u0107e biti deo naredne vlasti u Jagodini i Srbiji. Zato \u0107emo sprovoditi program koji se odnosi na re\u0161avanje problema gra\u0111ana. Ova vlast mora da padne, Dveri su nosilac promena i to \u0107e biti promena sitema, naglasio je Milanovi\u0107.<\/p>\n","protected":false},"excerpt":{"rendered":"<p>JAGODINA- Lider Dveri Bo\u0161ko Obradovi\u0107 danas je u Jagodini izjavio da je pod ovom vla\u0161\u0107u dr\u017eava sve manja. -Manji smo u tertoriji, broju stanovnika, snazi &hellip; <\/p>\n","protected":false},"author":2,"featured_media":27681,"comment_status":"open","ping_status":"open","sticky":false,"template":"","format":"standard","meta":{"footnotes":""},"categories":[1524,2,1514,5643,13,887,12],"tags":[515,514,58],"_links":{"self":[{"href":"https:\/\/centralmedia.rs\/index.php\/wp-json\/wp\/v2\/posts\/27680"}],"collection":[{"href":"https:\/\/centralmedia.rs\/index.php\/wp-json\/wp\/v2\/posts"}],"about":[{"href":"https:\/\/centralmedia.rs\/index.php\/wp-json\/wp\/v2\/types\/post"}],"author":[{"embeddable":true,"href":"https:\/\/centralmedia.rs\/index.php\/wp-json\/wp\/v2\/users\/2"}],"replies":[{"embeddable":true,"href":"https:\/\/centralmedia.rs\/index.php\/wp-json\/wp\/v2\/comments?post=27680"}],"version-history":[{"count":1,"href":"https:\/\/centralmedia.rs\/index.php\/wp-json\/wp\/v2\/posts\/27680\/revisions"}],"predecessor-version":[{"id":27685,"href":"https:\/\/centralmedia.rs\/index.php\/wp-json\/wp\/v2\/posts\/27680\/revisions\/27685"}],"wp:featuredmedia":[{"embeddable":true,"href":"https:\/\/centralmedia.rs\/index.php\/wp-json\/wp\/v2\/media\/27681"}],"wp:attachment":[{"href":"https:\/\/centralmedia.rs\/index.php\/wp-json\/wp\/v2\/media?parent=27680"}],"wp:term":[{"taxonomy":"category","embeddable":true,"href":"https:\/\/centralmedia.rs\/index.php\/wp-json\/wp\/v2\/categories?post=27680"},{"taxonomy":"post_tag","embeddable":true,"href":"https:\/\/centralmedia.rs\/index.php\/wp-json\/wp\/v2\/tags?post=27680"}],"curies":[{"name":"wp","href":"https:\/\/api.w.org\/{rel}","templated":true}]}}