{"id":27686,"date":"2021-07-22T13:02:42","date_gmt":"2021-07-22T11:02:42","guid":{"rendered":"http:\/\/centralmedia.rs\/?p=27686"},"modified":"2021-07-28T20:41:12","modified_gmt":"2021-07-28T18:41:12","slug":"objavljen-grajfov-izvestaj-o-srebrenici-zakljucuje-se-da-se-nije-dogodio-niti-pojedinacni-zlocin-genocida-niti-genocid-uopste","status":"publish","type":"post","link":"https:\/\/centralmedia.rs\/index.php\/2021\/07\/22\/objavljen-grajfov-izvestaj-o-srebrenici-zakljucuje-se-da-se-nije-dogodio-niti-pojedinacni-zlocin-genocida-niti-genocid-uopste\/","title":{"rendered":"OBJAVLJEN GRAJFOV IZVE\u0160TAJ O SREBRENICI: Zaklju\u010duje se da se nije dogodio niti pojedina\u010dni zlo\u010din genocida niti genocid uop\u0161te"},"content":{"rendered":"<p>Izve\u0161taj Nezavisne me\u0111unarodne komisije za istra\u017eivanje stradanja svih naroda u srebreni\u010dkoj regiji u periodu 1992-1995. upravo je objavljen u celini na sajtu Komisije koju predvodi izraelski istori\u010dar Gideon Grajf.<\/p>\n<p>Izve\u0161taj, na 1.036 strana, kao i zaklju\u010dci, objavljeni su na srpskom i engleskom jeziku.<\/p>\n<p>&#8211; Nakon temeljne istrage Nezavisne me\u0111unarodne komisije za istra\u017eivanje stradanja svih naroda u srebreni\u010dkoj regiji u periodu 1992-1995. godine, zaklju\u010duje se da se u Srebrenici nije dogodio niti pojedina\u010dni zlo\u010din genocida niti genocid uop\u0161te. Iako Komisija ne smatra ubistva koja su se dogodila oko Srebrenice genocidom, ona u uva\u017eava \u010dinjenicu da su hiljade ljudi (uglavnom ratnih zarobljenika) ubijene na najstra\u0161niji na\u010din i da odgovorne za ove gnusne zlo\u010dine treba kazniti &#8211; stoji, izme\u0111u ostalog, u zaklju\u010dcima Komisije\u00a0<a href=\"https:\/\/incomfis-srebrenica.org\/\">objavljenim na sajtu.<\/a><\/p>\n<p>&#8211; Cilj i mandat \u041aomisije su slede\u0107i: da kroz celovito i istinito sagledavanje doga\u0111aja u Srebrenici i srebreni\u010dkoj regiji u periodu 1992\u20131995. godine, a zbog ja\u010danja poverenja i tolerancije me\u0111u narodima u Bosni i Hercegovini, te kona\u010dnog pomirenja i su\u017eivota sada\u0161njih i budu\u0107ih generacija, na objektivan i nepristrasan na\u010din utvrdi \u010dinjenice o stradanju svih naroda &#8211; navodi se u uvodu Izve\u0161taja.<\/p>\n<p>U Izve\u0161taju se isti\u010de da je &#8220;\u041aomisija sastavljena od stru\u010dnjaka koji su birani na osnovu svojih profesionalnih ekspertiza, te li\u010dnog i profesionalnog integriteta.&#8221;<\/p>\n<p>&#8211; Vo\u0111ena premisom da je nau\u010dno i stru\u010dno istra\u017eivanje svih va\u017enih pitanja i fenomena u na\u0161oj civilizaciji, pa \u010dak i onih bolnih i kontroverznih, naprosto neophodnost, kao i svesno\u0161\u0107u da su nau\u010dnim putem dokumentovane \u010dinjenice najbolji lek za manipulaciju, \u041aomisija je pristupila ovom slo\u017eenom istra\u017eivanju. S obzirom na slo\u017eenost i obim posla koji je u definisanom roku trebalo da bude zavr\u0161en, \u010dlanovi \u041aomisije su birali pomo\u0107nike po svom izboru, koji su im olak\u0161avali posao bave\u0107i se prikupljanjem materijala, logisti\u010dkim i tehni\u010dkim zadacima &#8211; pi\u0161e u objavljenom Izve\u0161taju.<\/p>\n<p>\u010clanovi Nezavisne me\u0111unarodne komisije za istra\u017eivanje stradanja svih naroda u srebreni\u010dkoj regiji u periodu 1992-1995, osim Grajfa, su profesor Valter Manu\u0161ek iz Austrije, advokat Markus Kolbah &#8211; jedan od vodec\u0301ih advokata u Nema\u010dkoj koji je radio na su\u0111enjima nema\u010dkim nacisti\u010dkim zlo\u010dincima, Adarnele \u0160inaba iz Nigerije, koja je stru\u010dnjak za istra\u017eivanje zlo\u010dina, profesor Marija \u0110uric\u0301, koja se smatra najboljom u svetu na polju forenzi\u010dkih istra\u017eivanja &#8211; jedini srpski predstavnik, zajedno sa profesorom Rod\u017eerom Bajardom, tako\u0111e svetski poznatim stru\u010dnjakom za forenzi\u010dka istra\u017eivanja, profesor Juki Osaf iz Japana, koji se bavio sukobom u Srebrenici u poslednjoj dekadi, profesor Stiven Mejer, profesor Lorens Fren\u010d i pokojni \u0110uzepe Zaharija, koji je stru\u010dnjak za medije i svetski poznat novinar.<\/p>\n","protected":false},"excerpt":{"rendered":"<p>Izve\u0161taj Nezavisne me\u0111unarodne komisije za istra\u017eivanje stradanja svih naroda u srebreni\u010dkoj regiji u periodu 1992-1995. upravo je objavljen u celini na sajtu Komisije koju predvodi &hellip; <\/p>\n","protected":false},"author":2,"featured_media":27493,"comment_status":"open","ping_status":"open","sticky":false,"template":"","format":"standard","meta":{"footnotes":""},"categories":[14,2,12],"tags":[5302,5304,5265,5207,5303],"_links":{"self":[{"href":"https:\/\/centralmedia.rs\/index.php\/wp-json\/wp\/v2\/posts\/27686"}],"collection":[{"href":"https:\/\/centralmedia.rs\/index.php\/wp-json\/wp\/v2\/posts"}],"about":[{"href":"https:\/\/centralmedia.rs\/index.php\/wp-json\/wp\/v2\/types\/post"}],"author":[{"embeddable":true,"href":"https:\/\/centralmedia.rs\/index.php\/wp-json\/wp\/v2\/users\/2"}],"replies":[{"embeddable":true,"href":"https:\/\/centralmedia.rs\/index.php\/wp-json\/wp\/v2\/comments?post=27686"}],"version-history":[{"count":1,"href":"https:\/\/centralmedia.rs\/index.php\/wp-json\/wp\/v2\/posts\/27686\/revisions"}],"predecessor-version":[{"id":27687,"href":"https:\/\/centralmedia.rs\/index.php\/wp-json\/wp\/v2\/posts\/27686\/revisions\/27687"}],"wp:featuredmedia":[{"embeddable":true,"href":"https:\/\/centralmedia.rs\/index.php\/wp-json\/wp\/v2\/media\/27493"}],"wp:attachment":[{"href":"https:\/\/centralmedia.rs\/index.php\/wp-json\/wp\/v2\/media?parent=27686"}],"wp:term":[{"taxonomy":"category","embeddable":true,"href":"https:\/\/centralmedia.rs\/index.php\/wp-json\/wp\/v2\/categories?post=27686"},{"taxonomy":"post_tag","embeddable":true,"href":"https:\/\/centralmedia.rs\/index.php\/wp-json\/wp\/v2\/tags?post=27686"}],"curies":[{"name":"wp","href":"https:\/\/api.w.org\/{rel}","templated":true}]}}