{"id":27702,"date":"2021-07-23T13:41:29","date_gmt":"2021-07-23T11:41:29","guid":{"rendered":"http:\/\/centralmedia.rs\/?p=27702"},"modified":"2021-07-28T20:43:45","modified_gmt":"2021-07-28T18:43:45","slug":"nastavak-digitalizacije-prirodnjackog-centra-srbije-u-svilajncu","status":"publish","type":"post","link":"https:\/\/centralmedia.rs\/index.php\/2021\/07\/23\/nastavak-digitalizacije-prirodnjackog-centra-srbije-u-svilajncu\/","title":{"rendered":"NASTAVAK DIGITALIZACIJE PRIRODNJA\u010cKOG CENTRA SRBIJE U SVILAJNCU"},"content":{"rendered":"<p>SVILAJNAC-U saradnji sa Ministarstvom kulture i informisanja Prirodnja\u010dki centar Srbije nastavlja proces digitalizacije kroz realizaciju projekta \u201eVirtuelna Afrika\u201c. Ovo je digitalna dopuna postoje\u0107e izlo\u017ebe \u017divotinje Afrike, sa eksponatima koji su za\u0161ti\u0107ene vrste, a koje \u0107e posetioci mo\u0107i da vide prikazane kao 3D modele, preko specijalne aplikacije.<\/p>\n<div id='gallery-1' class='gallery galleryid-27702 gallery-columns-2 gallery-size-full'><figure class='gallery-item'>\n\t\t\t<div class='gallery-icon landscape'>\n\t\t\t\t<a href='https:\/\/centralmedia.rs\/index.php\/2021\/07\/23\/nastavak-digitalizacije-prirodnjackog-centra-srbije-u-svilajncu\/centar1-5\/'><img loading=\"lazy\" decoding=\"async\" width=\"1080\" height=\"1080\" src=\"https:\/\/centralmedia.rs\/wp-content\/uploads\/2021\/07\/centar1-1.jpg\" class=\"attachment-full size-full\" alt=\"\" srcset=\"https:\/\/centralmedia.rs\/wp-content\/uploads\/2021\/07\/centar1-1.jpg 1080w, https:\/\/centralmedia.rs\/wp-content\/uploads\/2021\/07\/centar1-1-150x150.jpg 150w, https:\/\/centralmedia.rs\/wp-content\/uploads\/2021\/07\/centar1-1-300x300.jpg 300w, https:\/\/centralmedia.rs\/wp-content\/uploads\/2021\/07\/centar1-1-768x768.jpg 768w, https:\/\/centralmedia.rs\/wp-content\/uploads\/2021\/07\/centar1-1-1024x1024.jpg 1024w, https:\/\/centralmedia.rs\/wp-content\/uploads\/2021\/07\/centar1-1-420x420.jpg 420w, https:\/\/centralmedia.rs\/wp-content\/uploads\/2021\/07\/centar1-1-640x640.jpg 640w, https:\/\/centralmedia.rs\/wp-content\/uploads\/2021\/07\/centar1-1-681x681.jpg 681w\" sizes=\"(max-width: 1080px) 100vw, 1080px\" \/><\/a>\n\t\t\t<\/div><\/figure><figure class='gallery-item'>\n\t\t\t<div class='gallery-icon landscape'>\n\t\t\t\t<a href='https:\/\/centralmedia.rs\/index.php\/2021\/07\/23\/nastavak-digitalizacije-prirodnjackog-centra-srbije-u-svilajncu\/centar-13\/'><img loading=\"lazy\" decoding=\"async\" width=\"1080\" height=\"1080\" src=\"https:\/\/centralmedia.rs\/wp-content\/uploads\/2021\/07\/centar-1.jpg\" class=\"attachment-full size-full\" alt=\"\" srcset=\"https:\/\/centralmedia.rs\/wp-content\/uploads\/2021\/07\/centar-1.jpg 1080w, https:\/\/centralmedia.rs\/wp-content\/uploads\/2021\/07\/centar-1-150x150.jpg 150w, https:\/\/centralmedia.rs\/wp-content\/uploads\/2021\/07\/centar-1-300x300.jpg 300w, https:\/\/centralmedia.rs\/wp-content\/uploads\/2021\/07\/centar-1-768x768.jpg 768w, https:\/\/centralmedia.rs\/wp-content\/uploads\/2021\/07\/centar-1-1024x1024.jpg 1024w, https:\/\/centralmedia.rs\/wp-content\/uploads\/2021\/07\/centar-1-420x420.jpg 420w, https:\/\/centralmedia.rs\/wp-content\/uploads\/2021\/07\/centar-1-640x640.jpg 640w, https:\/\/centralmedia.rs\/wp-content\/uploads\/2021\/07\/centar-1-681x681.jpg 681w\" sizes=\"(max-width: 1080px) 100vw, 1080px\" \/><\/a>\n\t\t\t<\/div><\/figure>\n\t\t<\/div>\n\n<p>Ovaj na\u010din muzejskog izlaganja do sada nije vi\u0111en na na\u0161im prostorima, tako da je Prirodnja\u010dki centar Srbije pionir i u ovoj oblasti<\/p>\n","protected":false},"excerpt":{"rendered":"<p>SVILAJNAC-U saradnji sa Ministarstvom kulture i informisanja Prirodnja\u010dki centar Srbije nastavlja proces digitalizacije kroz realizaciju projekta \u201eVirtuelna Afrika\u201c. Ovo je digitalna dopuna postoje\u0107e izlo\u017ebe \u017divotinje &hellip; <\/p>\n","protected":false},"author":2,"featured_media":27703,"comment_status":"open","ping_status":"open","sticky":false,"template":"","format":"standard","meta":{"footnotes":""},"categories":[1524,2,15,887,12,1517],"tags":[3078,1127,38],"_links":{"self":[{"href":"https:\/\/centralmedia.rs\/index.php\/wp-json\/wp\/v2\/posts\/27702"}],"collection":[{"href":"https:\/\/centralmedia.rs\/index.php\/wp-json\/wp\/v2\/posts"}],"about":[{"href":"https:\/\/centralmedia.rs\/index.php\/wp-json\/wp\/v2\/types\/post"}],"author":[{"embeddable":true,"href":"https:\/\/centralmedia.rs\/index.php\/wp-json\/wp\/v2\/users\/2"}],"replies":[{"embeddable":true,"href":"https:\/\/centralmedia.rs\/index.php\/wp-json\/wp\/v2\/comments?post=27702"}],"version-history":[{"count":2,"href":"https:\/\/centralmedia.rs\/index.php\/wp-json\/wp\/v2\/posts\/27702\/revisions"}],"predecessor-version":[{"id":27706,"href":"https:\/\/centralmedia.rs\/index.php\/wp-json\/wp\/v2\/posts\/27702\/revisions\/27706"}],"wp:featuredmedia":[{"embeddable":true,"href":"https:\/\/centralmedia.rs\/index.php\/wp-json\/wp\/v2\/media\/27703"}],"wp:attachment":[{"href":"https:\/\/centralmedia.rs\/index.php\/wp-json\/wp\/v2\/media?parent=27702"}],"wp:term":[{"taxonomy":"category","embeddable":true,"href":"https:\/\/centralmedia.rs\/index.php\/wp-json\/wp\/v2\/categories?post=27702"},{"taxonomy":"post_tag","embeddable":true,"href":"https:\/\/centralmedia.rs\/index.php\/wp-json\/wp\/v2\/tags?post=27702"}],"curies":[{"name":"wp","href":"https:\/\/api.w.org\/{rel}","templated":true}]}}