{"id":2772,"date":"2016-04-16T20:38:52","date_gmt":"2016-04-16T20:38:52","guid":{"rendered":"http:\/\/centralmedia.rs\/?p=2772"},"modified":"2016-04-16T20:38:52","modified_gmt":"2016-04-16T20:38:52","slug":"poruka-tesle-srbima-organska-poljoprivreda-duhovnost","status":"publish","type":"post","link":"https:\/\/centralmedia.rs\/index.php\/2016\/04\/16\/poruka-tesle-srbima-organska-poljoprivreda-duhovnost\/","title":{"rendered":"PORUKA TESLE SRBIMA &#8211; ORGANSKA POLJOPRIVREDA I DUHOVNOST"},"content":{"rendered":"<p>JAGODINA-Tesla bi sada poru\u010dio Srbima bavite te se organskom poljoprivredom i duhovno\u0161\u0107u, rekao je nau\u010dnik i ista\u017eiva\u010d profesor Velimir Abramovi\u0107, koji je odr\u017eao predavanja o velikom nau\u010dniku Nikoli Tesli u\u010denicima O\u0160 17 oktobar, gde je otvorio Festival nauke, i gra\u0111anstvu u amfiteatru Fakulteta pedago\u0161kih nauka u Jagodini.<br \/>\n-Verujem da bi Tesla sada poru\u010dio Srbima da se bave organskom poljoprivredom i da grade duhovne institucije. To su jedine dve stvari kojima Srbija mo\u017ee da pomogne sebi i \u010dove\u010danstvu, kao i da je sve ovo drugo prevazi\u0111eno. Sada da mi primenjujemo neku ,,prljavu\u201c tehnologiju od pre 30 godina, a svi be\u017ee dok mi vra\u0107amo ono \u0161to smo propustili nekad,  to je kao prva ljubav iz mladosti. Sve \u0161to je propu\u0161teno to je zauvek. U dobroj smo poziciji, jer smo oslobo\u0111eni mnogih vezanosti u odnosu  na druge narode, rekao je profesor Abramovi\u0107.<a href=\"https:\/\/centralmedia.rs\/wp-content\/uploads\/2016\/04\/velimir-abramovic-1-jagodina-g.j..jpg\"><img loading=\"lazy\" decoding=\"async\" src=\"https:\/\/centralmedia.rs\/wp-content\/uploads\/2016\/04\/velimir-abramovic-1-jagodina-g.j.-300x189.jpg\" alt=\"velimir abramovic 1-jagodina-g.j.\" width=\"300\" height=\"189\" class=\"alignnone size-medium wp-image-2774\" srcset=\"https:\/\/centralmedia.rs\/wp-content\/uploads\/2016\/04\/velimir-abramovic-1-jagodina-g.j.-300x189.jpg 300w, https:\/\/centralmedia.rs\/wp-content\/uploads\/2016\/04\/velimir-abramovic-1-jagodina-g.j.-768x484.jpg 768w, https:\/\/centralmedia.rs\/wp-content\/uploads\/2016\/04\/velimir-abramovic-1-jagodina-g.j..jpg 952w\" sizes=\"(max-width: 300px) 100vw, 300px\" \/><\/a><br \/>\nTeme njegovih predavanja bile su za u\u010denike ,,Tesla osniva\u010d duhovne fizike\u201c i za gra\u0111anstvo ,,Po\u010detak evolucije svesti \u010dove\u010danstva\u201c<br \/>\n-Da bi prevazi\u0161li sve probleme savremenog dru\u0161tava moramo se pona\u0161ati harmoni\u010dno u odnosu na univerzum. To zna\u010di da priznamo da su zakoni fizike, zakoni kosmolo\u0161ke etike. Oni neumoljivi i ne mogu se menjati ljudskim dogovorom, objasnio je Abramovi\u0107 i dodao da je Tesla je insistirao na duhovnom niovu nauke, prirode samih prirodnih zakona.<br \/>\n-Tesla je \u017eeleo uvo\u0111enje etike u nauku, jer dru\u0161tvo ne povezuje etiku i nauku, ve\u0107 pri\u017eeljkuje mo\u0107. \u017divimo u svetu koji je kombinacija mo\u0107i i ne znanja, \u0161to je najopasnije, rekao je on.<br \/>\nAbramovi\u0107 je se nije iznenadio da je idol u\u010denika O\u0160 17 oktobar Nikola Tesla.<br \/>\n-Deca  u sebi nose gen budu\u0107nosti, ona su pametnija, ne zato \u0161to imaju iskustvo, ve\u0107 su to \u010diste du\u0161e okrenute budu\u0107nosti u njima vremenski program budu\u0107nosti \u017eivi. Treba da slu\u0161amo decu, ono \u0161to oni ka\u017eu to je put, jer je iskustvo pogre\u0161no shva\u0107ena budu\u0107nost.  Niko ni\u0161ta preko istorije nije nau\u010dio, ve\u0107 samo preko intuicije, to je su\u0161tina. Nau\u010dna otkri\u0107a ne pripadaju nauci i \u0161koli, svako nau\u010dno otkri\u0107e je bez ikakve logike, nezavisno od ranijeg znanja, pri\u010dao je gra\u0111anstvu Abramovi\u0107 i zaklju\u010dio da je Tesla pravi duhovi vo\u0111a danas i sutra.    <\/p>\n","protected":false},"excerpt":{"rendered":"<p>JAGODINA-Tesla bi sada poru\u010dio Srbima bavite te se organskom poljoprivredom i duhovno\u0161\u0107u, rekao je nau\u010dnik i ista\u017eiva\u010d profesor Velimir Abramovi\u0107, koji je odr\u017eao predavanja o &hellip; <\/p>\n","protected":false},"author":4,"featured_media":2773,"comment_status":"open","ping_status":"open","sticky":false,"template":"","format":"standard","meta":{"footnotes":""},"categories":[2,15,12],"tags":[269,58,630],"_links":{"self":[{"href":"https:\/\/centralmedia.rs\/index.php\/wp-json\/wp\/v2\/posts\/2772"}],"collection":[{"href":"https:\/\/centralmedia.rs\/index.php\/wp-json\/wp\/v2\/posts"}],"about":[{"href":"https:\/\/centralmedia.rs\/index.php\/wp-json\/wp\/v2\/types\/post"}],"author":[{"embeddable":true,"href":"https:\/\/centralmedia.rs\/index.php\/wp-json\/wp\/v2\/users\/4"}],"replies":[{"embeddable":true,"href":"https:\/\/centralmedia.rs\/index.php\/wp-json\/wp\/v2\/comments?post=2772"}],"version-history":[{"count":0,"href":"https:\/\/centralmedia.rs\/index.php\/wp-json\/wp\/v2\/posts\/2772\/revisions"}],"wp:featuredmedia":[{"embeddable":true,"href":"https:\/\/centralmedia.rs\/index.php\/wp-json\/wp\/v2\/media\/2773"}],"wp:attachment":[{"href":"https:\/\/centralmedia.rs\/index.php\/wp-json\/wp\/v2\/media?parent=2772"}],"wp:term":[{"taxonomy":"category","embeddable":true,"href":"https:\/\/centralmedia.rs\/index.php\/wp-json\/wp\/v2\/categories?post=2772"},{"taxonomy":"post_tag","embeddable":true,"href":"https:\/\/centralmedia.rs\/index.php\/wp-json\/wp\/v2\/tags?post=2772"}],"curies":[{"name":"wp","href":"https:\/\/api.w.org\/{rel}","templated":true}]}}