{"id":27766,"date":"2021-07-29T19:32:14","date_gmt":"2021-07-29T17:32:14","guid":{"rendered":"http:\/\/centralmedia.rs\/?p=27766"},"modified":"2021-08-02T19:40:01","modified_gmt":"2021-08-02T17:40:01","slug":"koncert-dejana-petrovica-u-svilajncu-foto","status":"publish","type":"post","link":"https:\/\/centralmedia.rs\/index.php\/2021\/07\/29\/koncert-dejana-petrovica-u-svilajncu-foto\/","title":{"rendered":"KONCERT DEJANA PETROVI\u0106A U SVILAJNCU (FOTO)"},"content":{"rendered":"<p>SVILAJNAC-Koncert Dejana Petrovi\u0107a tradicionalno je u Svilajncu izazivao veliko interesovanje, jer je vi\u0161e puta na Trgu Stevana Sin\u0111eli\u0107a dokazao da je majstor dobre muzike i sjajne atmosfere.<\/p>\n<div id='gallery-1' class='gallery galleryid-27766 gallery-columns-5 gallery-size-thumbnail'><figure class='gallery-item'>\n\t\t\t<div class='gallery-icon landscape'>\n\t\t\t\t<a href='https:\/\/centralmedia.rs\/index.php\/2021\/07\/29\/koncert-dejana-petrovica-u-svilajncu-foto\/dejan-petrovic1\/'><img loading=\"lazy\" decoding=\"async\" width=\"150\" height=\"150\" src=\"https:\/\/centralmedia.rs\/wp-content\/uploads\/2021\/07\/dejan-petrovic1-150x150.jpg\" class=\"attachment-thumbnail size-thumbnail\" alt=\"\" \/><\/a>\n\t\t\t<\/div><\/figure><figure class='gallery-item'>\n\t\t\t<div class='gallery-icon landscape'>\n\t\t\t\t<a href='https:\/\/centralmedia.rs\/index.php\/2021\/07\/29\/koncert-dejana-petrovica-u-svilajncu-foto\/dejan-petrovic2\/'><img loading=\"lazy\" decoding=\"async\" width=\"150\" height=\"150\" src=\"https:\/\/centralmedia.rs\/wp-content\/uploads\/2021\/07\/dejan-petrovic2-150x150.jpg\" class=\"attachment-thumbnail size-thumbnail\" alt=\"\" \/><\/a>\n\t\t\t<\/div><\/figure><figure class='gallery-item'>\n\t\t\t<div class='gallery-icon landscape'>\n\t\t\t\t<a href='https:\/\/centralmedia.rs\/index.php\/2021\/07\/29\/koncert-dejana-petrovica-u-svilajncu-foto\/dejan-petrovic3\/'><img loading=\"lazy\" decoding=\"async\" width=\"150\" height=\"150\" src=\"https:\/\/centralmedia.rs\/wp-content\/uploads\/2021\/07\/dejan-petrovic3-150x150.jpg\" class=\"attachment-thumbnail size-thumbnail\" alt=\"\" \/><\/a>\n\t\t\t<\/div><\/figure><figure class='gallery-item'>\n\t\t\t<div class='gallery-icon landscape'>\n\t\t\t\t<a href='https:\/\/centralmedia.rs\/index.php\/2021\/07\/29\/koncert-dejana-petrovica-u-svilajncu-foto\/dejan-petrovic4\/'><img loading=\"lazy\" decoding=\"async\" width=\"150\" height=\"150\" src=\"https:\/\/centralmedia.rs\/wp-content\/uploads\/2021\/07\/dejan-petrovic4-150x150.jpg\" class=\"attachment-thumbnail size-thumbnail\" alt=\"\" \/><\/a>\n\t\t\t<\/div><\/figure><figure class='gallery-item'>\n\t\t\t<div class='gallery-icon landscape'>\n\t\t\t\t<a href='https:\/\/centralmedia.rs\/index.php\/2021\/07\/29\/koncert-dejana-petrovica-u-svilajncu-foto\/dejan-petrovic5\/'><img loading=\"lazy\" decoding=\"async\" width=\"150\" height=\"150\" src=\"https:\/\/centralmedia.rs\/wp-content\/uploads\/2021\/07\/dejan-petrovic5-150x150.jpg\" class=\"attachment-thumbnail size-thumbnail\" alt=\"\" \/><\/a>\n\t\t\t<\/div><\/figure>\n\t\t<\/div>\n\n","protected":false},"excerpt":{"rendered":"<p>SVILAJNAC-Koncert Dejana Petrovi\u0107a tradicionalno je u Svilajncu izazivao veliko interesovanje, jer je vi\u0161e puta na Trgu Stevana Sin\u0111eli\u0107a dokazao da je majstor dobre muzike i &hellip; <\/p>\n","protected":false},"author":2,"featured_media":27767,"comment_status":"open","ping_status":"open","sticky":false,"template":"","format":"standard","meta":{"footnotes":""},"categories":[1524,2,23,887,1517,3055],"tags":[807,422,38],"_links":{"self":[{"href":"https:\/\/centralmedia.rs\/index.php\/wp-json\/wp\/v2\/posts\/27766"}],"collection":[{"href":"https:\/\/centralmedia.rs\/index.php\/wp-json\/wp\/v2\/posts"}],"about":[{"href":"https:\/\/centralmedia.rs\/index.php\/wp-json\/wp\/v2\/types\/post"}],"author":[{"embeddable":true,"href":"https:\/\/centralmedia.rs\/index.php\/wp-json\/wp\/v2\/users\/2"}],"replies":[{"embeddable":true,"href":"https:\/\/centralmedia.rs\/index.php\/wp-json\/wp\/v2\/comments?post=27766"}],"version-history":[{"count":1,"href":"https:\/\/centralmedia.rs\/index.php\/wp-json\/wp\/v2\/posts\/27766\/revisions"}],"predecessor-version":[{"id":27773,"href":"https:\/\/centralmedia.rs\/index.php\/wp-json\/wp\/v2\/posts\/27766\/revisions\/27773"}],"wp:featuredmedia":[{"embeddable":true,"href":"https:\/\/centralmedia.rs\/index.php\/wp-json\/wp\/v2\/media\/27767"}],"wp:attachment":[{"href":"https:\/\/centralmedia.rs\/index.php\/wp-json\/wp\/v2\/media?parent=27766"}],"wp:term":[{"taxonomy":"category","embeddable":true,"href":"https:\/\/centralmedia.rs\/index.php\/wp-json\/wp\/v2\/categories?post=27766"},{"taxonomy":"post_tag","embeddable":true,"href":"https:\/\/centralmedia.rs\/index.php\/wp-json\/wp\/v2\/tags?post=27766"}],"curies":[{"name":"wp","href":"https:\/\/api.w.org\/{rel}","templated":true}]}}