{"id":27776,"date":"2021-08-02T19:17:12","date_gmt":"2021-08-02T17:17:12","guid":{"rendered":"http:\/\/centralmedia.rs\/?p=27776"},"modified":"2021-08-05T10:54:23","modified_gmt":"2021-08-05T08:54:23","slug":"kulturno-zabavno-leto-u-svilajncu-2","status":"publish","type":"post","link":"https:\/\/centralmedia.rs\/index.php\/2021\/08\/02\/kulturno-zabavno-leto-u-svilajncu-2\/","title":{"rendered":"KULTURNO-ZABAVNO LETO U SVILAJNCU"},"content":{"rendered":"<p>SVILAJNAC- U okviru Kulturno-zabavnog leta 2021. u Svilajncu i tokom avgusta planirani su mnogobrojni koncerti i programi na Trgu Stevana Sin\u0111eli\u0107a. Koncert i dru\u017eenje sa mali\u0161anima Leontine i Tijane Dap\u010devi\u0107 predvi\u0111en je za sredu, 4. avgust, od 20 \u010dasova na trgu Stevana Sin\u0111eli\u0107a. Zatim \u0107e uslediti koncerti\u00a0 Hari Mata Hari, D\u017eenana Lon\u010darevi\u0107a, Kerbera, Big benda RTS i KUD Sin\u0111eli\u0107 i gostiju. \u0160to se ti\u010de seoskih sredina, u Crkvencu je odr\u017ean kocert \u010duvenog para srpske estrade Biljane Jefti\u0107 i Aleksandra Ili\u0107a, kao i tokom vikenda u selima Subotica i Dublje. Turneja po svilajna\u010dkim selima nastavlja se u Bobobu, u utorak 3. avgusta koncertom Biljane Jevti\u0107 i Ace Ili\u0107a, a sutradan, 4. avgusta ve\u010de folklora bi\u0107e odr\u017eano u Rado\u0161inu.<\/p>\n","protected":false},"excerpt":{"rendered":"<p>SVILAJNAC- U okviru Kulturno-zabavnog leta 2021. u Svilajncu i tokom avgusta planirani su mnogobrojni koncerti i programi na Trgu Stevana Sin\u0111eli\u0107a. Koncert i dru\u017eenje sa &hellip; <\/p>\n","protected":false},"author":2,"featured_media":27777,"comment_status":"open","ping_status":"open","sticky":false,"template":"","format":"standard","meta":{"footnotes":""},"categories":[1524,2,23,887,1517,3055],"tags":[5322,38],"_links":{"self":[{"href":"https:\/\/centralmedia.rs\/index.php\/wp-json\/wp\/v2\/posts\/27776"}],"collection":[{"href":"https:\/\/centralmedia.rs\/index.php\/wp-json\/wp\/v2\/posts"}],"about":[{"href":"https:\/\/centralmedia.rs\/index.php\/wp-json\/wp\/v2\/types\/post"}],"author":[{"embeddable":true,"href":"https:\/\/centralmedia.rs\/index.php\/wp-json\/wp\/v2\/users\/2"}],"replies":[{"embeddable":true,"href":"https:\/\/centralmedia.rs\/index.php\/wp-json\/wp\/v2\/comments?post=27776"}],"version-history":[{"count":3,"href":"https:\/\/centralmedia.rs\/index.php\/wp-json\/wp\/v2\/posts\/27776\/revisions"}],"predecessor-version":[{"id":27780,"href":"https:\/\/centralmedia.rs\/index.php\/wp-json\/wp\/v2\/posts\/27776\/revisions\/27780"}],"wp:featuredmedia":[{"embeddable":true,"href":"https:\/\/centralmedia.rs\/index.php\/wp-json\/wp\/v2\/media\/27777"}],"wp:attachment":[{"href":"https:\/\/centralmedia.rs\/index.php\/wp-json\/wp\/v2\/media?parent=27776"}],"wp:term":[{"taxonomy":"category","embeddable":true,"href":"https:\/\/centralmedia.rs\/index.php\/wp-json\/wp\/v2\/categories?post=27776"},{"taxonomy":"post_tag","embeddable":true,"href":"https:\/\/centralmedia.rs\/index.php\/wp-json\/wp\/v2\/tags?post=27776"}],"curies":[{"name":"wp","href":"https:\/\/api.w.org\/{rel}","templated":true}]}}