{"id":2778,"date":"2016-04-17T19:30:15","date_gmt":"2016-04-17T19:30:15","guid":{"rendered":"http:\/\/centralmedia.rs\/?p=2778"},"modified":"2016-04-17T19:30:15","modified_gmt":"2016-04-17T19:30:15","slug":"konvencija-koalicije-sps-js-u-jagodini","status":"publish","type":"post","link":"https:\/\/centralmedia.rs\/index.php\/2016\/04\/17\/konvencija-koalicije-sps-js-u-jagodini\/","title":{"rendered":"KONVENCIJA KOALICIJE SPS-JS U JAGODINI"},"content":{"rendered":"<p>JAGODINA-U prepunoj sportskoj hali JASSA u Jagodini odr\u017eana je predizborna konvencija koalicije Ivica Da\u010di\u0107 &#8211; SPS &#8211; Jedinstvena Srbija &#8211; Dragan Markovi\u0107 Palma, kojoj su prisustvovala rukovodstva ove dve partije na \u010delu sa predsednicima, Ivicom Da\u010di\u0107em i Draganom Markovi\u0107em Palmom, kao i njihovi koalicioni partneri, predsednik Komunisti\u010dke partije Srbije, Jo\u0161ka Broz i predsednik Zelenih Srbije, Ivan Kari\u0107.<a href=\"https:\/\/centralmedia.rs\/wp-content\/uploads\/2016\/04\/PALMA-5.jpg\"><img loading=\"lazy\" decoding=\"async\" src=\"https:\/\/centralmedia.rs\/wp-content\/uploads\/2016\/04\/PALMA-5-300x199.jpg\" alt=\"PALMA 5\" width=\"300\" height=\"199\" class=\"alignnone size-medium wp-image-2780\" srcset=\"https:\/\/centralmedia.rs\/wp-content\/uploads\/2016\/04\/PALMA-5-300x199.jpg 300w, https:\/\/centralmedia.rs\/wp-content\/uploads\/2016\/04\/PALMA-5-768x509.jpg 768w, https:\/\/centralmedia.rs\/wp-content\/uploads\/2016\/04\/PALMA-5-1024x678.jpg 1024w, https:\/\/centralmedia.rs\/wp-content\/uploads\/2016\/04\/PALMA-5.jpg 2048w\" sizes=\"(max-width: 300px) 100vw, 300px\" \/><\/a><br \/>\n&#8211; Kao \u0161to u ekonomiji ka\u017eemo, kupujte doma\u0107e, tako i u politici &#8211; kupujte doma\u0107e, mi smo proizvedeni u Srbiji i uvek smo bili uz svoj narod i uvek \u0107emo biti. Nama niko ne komanduje, ni iz Va\u0161ingtona, ni iz Brisela ni iz Moskve. Nama komanduje samo na\u0161e srce i na\u0161 narod i zato smo narodna koalicija, a narod niko ne mo\u017ee da zaustavi. Srbija ne mo\u017ee bez onih koji se zala\u017eu za socijalnu pravdu i koji to sprovode u delo,  rekao je Da\u010di\u0107.<a href=\"https:\/\/centralmedia.rs\/wp-content\/uploads\/2016\/04\/PALMA-3.jpg\"><img loading=\"lazy\" decoding=\"async\" src=\"https:\/\/centralmedia.rs\/wp-content\/uploads\/2016\/04\/PALMA-3-300x199.jpg\" alt=\"PALMA 3\" width=\"300\" height=\"199\" class=\"alignnone size-medium wp-image-2781\" srcset=\"https:\/\/centralmedia.rs\/wp-content\/uploads\/2016\/04\/PALMA-3-300x199.jpg 300w, https:\/\/centralmedia.rs\/wp-content\/uploads\/2016\/04\/PALMA-3-768x509.jpg 768w, https:\/\/centralmedia.rs\/wp-content\/uploads\/2016\/04\/PALMA-3-1024x678.jpg 1024w, https:\/\/centralmedia.rs\/wp-content\/uploads\/2016\/04\/PALMA-3.jpg 2048w\" sizes=\"(max-width: 300px) 100vw, 300px\" \/><\/a><br \/>\n-Na\u0161a poruka je mudrost, logika i vizija, i to je na\u0161a politika. Klju\u010dno pitanje je \u0161ta je realnost. Mi nemamo letak kampanju, ve\u0107 kampanju u kojoj pokazujemo dela, a najbolji primer je Jagodina. Ja ne\u0107u da vam \u010ditam ko su na\u0161i kandidati za odbornike u Jagodini, jer ih sve poznajete i poznajete njihove karijere odnosno njihova dela. <a href=\"https:\/\/centralmedia.rs\/wp-content\/uploads\/2016\/04\/PALMA-2.jpg\"><img loading=\"lazy\" decoding=\"async\" src=\"https:\/\/centralmedia.rs\/wp-content\/uploads\/2016\/04\/PALMA-2-300x199.jpg\" alt=\"PALMA 2\" width=\"300\" height=\"199\" class=\"alignnone size-medium wp-image-2782\" srcset=\"https:\/\/centralmedia.rs\/wp-content\/uploads\/2016\/04\/PALMA-2-300x199.jpg 300w, https:\/\/centralmedia.rs\/wp-content\/uploads\/2016\/04\/PALMA-2-768x509.jpg 768w, https:\/\/centralmedia.rs\/wp-content\/uploads\/2016\/04\/PALMA-2-1024x678.jpg 1024w, https:\/\/centralmedia.rs\/wp-content\/uploads\/2016\/04\/PALMA-2.jpg 2048w\" sizes=\"(max-width: 300px) 100vw, 300px\" \/><\/a>Za \u010detiri godine ne\u0107e biti nijednog \u010doveka u Jagodini, koji \u017eeli da radi, a da nema posao. To je na\u0161 glavni cilj. Ja se radujem kada se u bilo kom gradu ili op\u0161tini u Srbiji podigne nova fabrika i otvore nova radna mesta, ali isto tako svi politi\u010dari treba da se raduju kada se tako ne\u0161to dogodi u Jagodini, rekao je predsednik Jedinstvene Srbije, Dragan Markovi\u0107 Palma.<a href=\"https:\/\/centralmedia.rs\/wp-content\/uploads\/2016\/04\/PALMA-4.jpg\"><img loading=\"lazy\" decoding=\"async\" src=\"https:\/\/centralmedia.rs\/wp-content\/uploads\/2016\/04\/PALMA-4-300x199.jpg\" alt=\"PALMA 4\" width=\"300\" height=\"199\" class=\"alignnone size-medium wp-image-2783\" srcset=\"https:\/\/centralmedia.rs\/wp-content\/uploads\/2016\/04\/PALMA-4-300x199.jpg 300w, https:\/\/centralmedia.rs\/wp-content\/uploads\/2016\/04\/PALMA-4-768x509.jpg 768w, https:\/\/centralmedia.rs\/wp-content\/uploads\/2016\/04\/PALMA-4-1024x678.jpg 1024w, https:\/\/centralmedia.rs\/wp-content\/uploads\/2016\/04\/PALMA-4.jpg 2048w\" sizes=\"(max-width: 300px) 100vw, 300px\" \/><\/a><br \/>\nNa kraju konvencije, 450 \u010dlanova kulturno umetni\u010dkih dru\u0161tava sa teritorije grada Jagodine, sa prisutnima, zaigrali su jedno od najpoznatijih srpskih kola ,,Moravac&#8221; , a u kolu su zaigrali i Ivica Da\u010di\u0107 i Dragan Markovi\u0107 Palma. Nastupio je i Bora Dugi\u0107 sa harmonika\u0161em Bobanom Prodanovi\u0107em, kao i plesni klub La Luna, dok je himnu Srbije izveo hor Fakulteta padago\u0161kih nauka u Jagodini.<\/p>\n","protected":false},"excerpt":{"rendered":"<p>JAGODINA-U prepunoj sportskoj hali JASSA u Jagodini odr\u017eana je predizborna konvencija koalicije Ivica Da\u010di\u0107 &#8211; SPS &#8211; Jedinstvena Srbija &#8211; Dragan Markovi\u0107 Palma, kojoj su &hellip; <\/p>\n","protected":false},"author":4,"featured_media":2779,"comment_status":"open","ping_status":"open","sticky":false,"template":"","format":"standard","meta":{"footnotes":""},"categories":[2,13,12],"tags":[393,58,717,120],"_links":{"self":[{"href":"https:\/\/centralmedia.rs\/index.php\/wp-json\/wp\/v2\/posts\/2778"}],"collection":[{"href":"https:\/\/centralmedia.rs\/index.php\/wp-json\/wp\/v2\/posts"}],"about":[{"href":"https:\/\/centralmedia.rs\/index.php\/wp-json\/wp\/v2\/types\/post"}],"author":[{"embeddable":true,"href":"https:\/\/centralmedia.rs\/index.php\/wp-json\/wp\/v2\/users\/4"}],"replies":[{"embeddable":true,"href":"https:\/\/centralmedia.rs\/index.php\/wp-json\/wp\/v2\/comments?post=2778"}],"version-history":[{"count":0,"href":"https:\/\/centralmedia.rs\/index.php\/wp-json\/wp\/v2\/posts\/2778\/revisions"}],"wp:featuredmedia":[{"embeddable":true,"href":"https:\/\/centralmedia.rs\/index.php\/wp-json\/wp\/v2\/media\/2779"}],"wp:attachment":[{"href":"https:\/\/centralmedia.rs\/index.php\/wp-json\/wp\/v2\/media?parent=2778"}],"wp:term":[{"taxonomy":"category","embeddable":true,"href":"https:\/\/centralmedia.rs\/index.php\/wp-json\/wp\/v2\/categories?post=2778"},{"taxonomy":"post_tag","embeddable":true,"href":"https:\/\/centralmedia.rs\/index.php\/wp-json\/wp\/v2\/tags?post=2778"}],"curies":[{"name":"wp","href":"https:\/\/api.w.org\/{rel}","templated":true}]}}