{"id":27787,"date":"2021-08-04T14:18:04","date_gmt":"2021-08-04T12:18:04","guid":{"rendered":"http:\/\/centralmedia.rs\/?p=27787"},"modified":"2022-01-04T18:13:50","modified_gmt":"2022-01-04T17:13:50","slug":"palma-incko-trazi-da-se-kazne-oni-koji-negiraju-genocid-a-u-hrvatskoj-slave-genocid-medunarodna-zajednica-da-zabrani-proslavu-oluje","status":"publish","type":"post","link":"https:\/\/centralmedia.rs\/index.php\/2021\/08\/04\/palma-incko-trazi-da-se-kazne-oni-koji-negiraju-genocid-a-u-hrvatskoj-slave-genocid-medunarodna-zajednica-da-zabrani-proslavu-oluje\/","title":{"rendered":"PALMA : INCKO TRA\u017dI DA SE KAZNE ONI KOJI NEGIRAJU GENOCID, A U HRVATSKOJ SLAVE GENOCID &#8211; ME\u0110UNARODNA ZAJEDNICA DA ZABRANI PROSLAVU OLUJE"},"content":{"rendered":"<p>JAGODINA-\u201eU Srbiji i Republici Srpskoj parastos, u Hrvatskoj slavlje. Hrvati su jedini narod na svetu koji slavi genocid i etni\u010dko \u010di\u0161\u0107enje koje su oni napravili nad Srbima tokom akcije Oluja i koje je nazapam\u0107eno posle Drugog svetskog rata. Alibi za to im je dao Ha\u0161ki tribunal koji je prakti\u010dno oprao sve zlo\u010dine koje su Hrvati po\u010dinili nad Srbima, pa su \u010dak oslobodili i glavne aktere, komandante tog genocida i etni\u010dkog \u010di\u0161\u0107enja, Antu Gotovinu i Mladena Marka\u010da. Gotovina je prvo osu\u0111en na 24, a Marka\u010d na 18 godina zatvora i prvi put se desilo u istoriji pravosu\u0111a da se ne po\u0161tuje ni anglosaksonsko pravo ni evropsko kontinentalno pravo. Za\u0161to Valentin Incko i me\u0111unarodna zajednica nisu doneli odluku da se ne slavi genocid i zlo\u010din kakav je Oluja, nego da se na taj dan slu\u017ei parastos svuda. Treba pitati me\u0111unarodnu zajednicu da li je odluka Valentina Incka da se kazne svi oni koji negiraju genocid u Srebrenici, a koji se nije desio, njegov li\u010dni stav ili je to odluka onih koji godinama odlu\u010duju o sudbini gra\u0111ana Srbije. Koliko god se Srbija trudila za mir i stabilnost na Balkanu, me\u0111unarodna zajednica preko svojih predstavnika ho\u0107e da naru\u0161i mir i stabilnost na Balkanu i njima odgovara sva\u0111a izme\u0111u dva entiteta i tri naroda u Bosni i Herecegovini\u201c, izjavio je predsednik Jedinstvene Srbije Dragan Marrkovi\u0107 Palma.<\/p>\n","protected":false},"excerpt":{"rendered":"<p>JAGODINA-\u201eU Srbiji i Republici Srpskoj parastos, u Hrvatskoj slavlje. Hrvati su jedini narod na svetu koji slavi genocid i etni\u010dko \u010di\u0161\u0107enje koje su oni napravili &hellip; <\/p>\n","protected":false},"author":2,"featured_media":26970,"comment_status":"open","ping_status":"open","sticky":false,"template":"","format":"standard","meta":{"footnotes":""},"categories":[1524,2,1514,5643,13,887,12],"tags":[4039,3280,1979,907,120],"_links":{"self":[{"href":"https:\/\/centralmedia.rs\/index.php\/wp-json\/wp\/v2\/posts\/27787"}],"collection":[{"href":"https:\/\/centralmedia.rs\/index.php\/wp-json\/wp\/v2\/posts"}],"about":[{"href":"https:\/\/centralmedia.rs\/index.php\/wp-json\/wp\/v2\/types\/post"}],"author":[{"embeddable":true,"href":"https:\/\/centralmedia.rs\/index.php\/wp-json\/wp\/v2\/users\/2"}],"replies":[{"embeddable":true,"href":"https:\/\/centralmedia.rs\/index.php\/wp-json\/wp\/v2\/comments?post=27787"}],"version-history":[{"count":1,"href":"https:\/\/centralmedia.rs\/index.php\/wp-json\/wp\/v2\/posts\/27787\/revisions"}],"predecessor-version":[{"id":27788,"href":"https:\/\/centralmedia.rs\/index.php\/wp-json\/wp\/v2\/posts\/27787\/revisions\/27788"}],"wp:featuredmedia":[{"embeddable":true,"href":"https:\/\/centralmedia.rs\/index.php\/wp-json\/wp\/v2\/media\/26970"}],"wp:attachment":[{"href":"https:\/\/centralmedia.rs\/index.php\/wp-json\/wp\/v2\/media?parent=27787"}],"wp:term":[{"taxonomy":"category","embeddable":true,"href":"https:\/\/centralmedia.rs\/index.php\/wp-json\/wp\/v2\/categories?post=27787"},{"taxonomy":"post_tag","embeddable":true,"href":"https:\/\/centralmedia.rs\/index.php\/wp-json\/wp\/v2\/tags?post=27787"}],"curies":[{"name":"wp","href":"https:\/\/api.w.org\/{rel}","templated":true}]}}