{"id":27789,"date":"2021-08-04T17:17:34","date_gmt":"2021-08-04T15:17:34","guid":{"rendered":"http:\/\/centralmedia.rs\/?p=27789"},"modified":"2022-01-04T18:13:41","modified_gmt":"2022-01-04T17:13:41","slug":"kulturno-zabavno-leto-2021-u-jagodini","status":"publish","type":"post","link":"https:\/\/centralmedia.rs\/index.php\/2021\/08\/04\/kulturno-zabavno-leto-2021-u-jagodini\/","title":{"rendered":"KULTURNO \u2013 ZABAVNO LETO 2021. U JAGODINI"},"content":{"rendered":"<p>JAGODINA-Gradski trg u Jagodini rezervisan za rok koncerte Atomskog Skloni\u0161ta, Kerbera i \u00a0drugih rok bendova. Posle koncerta Dejana Cuki\u0107a u centru grada i u izleti\u0161tu Potoku ,,Prve harmonike Srbije\u201d i koncerta Sne\u017eane Djuri\u0161i\u0107,\u00a0 na gradskom trgu u petak 6. avgusta u 21 sat nastupi\u0107e rok bend ,,Kerber&#8221;, a na Letnjoj sceni izleti\u0161ta Potok u subotu 7. avgusta u 21 sati koncert Garavog sokaka. Slede kabare ,,To su bili dani\u201d glumaca Borisa Pingovi\u0107a i Neboj\u0161e Dugali\u0107a, de\u010dija predsatava ,,\u010cudna \u0161uma\u201d i koncert \u00a0Merime Njegomir i mnogobrojnih narodnih orkestara i vokalni solista.<\/p>\n<div id='gallery-1' class='gallery galleryid-27789 gallery-columns-5 gallery-size-thumbnail'><figure class='gallery-item'>\n\t\t\t<div class='gallery-icon landscape'>\n\t\t\t\t<a href='https:\/\/centralmedia.rs\/index.php\/2021\/08\/04\/kulturno-zabavno-leto-2021-u-jagodini\/trg1-2\/'><img loading=\"lazy\" decoding=\"async\" width=\"150\" height=\"150\" src=\"https:\/\/centralmedia.rs\/wp-content\/uploads\/2021\/08\/trg1-150x150.jpg\" class=\"attachment-thumbnail size-thumbnail\" alt=\"\" \/><\/a>\n\t\t\t<\/div><\/figure><figure class='gallery-item'>\n\t\t\t<div class='gallery-icon landscape'>\n\t\t\t\t<a href='https:\/\/centralmedia.rs\/index.php\/2021\/08\/04\/kulturno-zabavno-leto-2021-u-jagodini\/trg2-2\/'><img loading=\"lazy\" decoding=\"async\" width=\"150\" height=\"150\" src=\"https:\/\/centralmedia.rs\/wp-content\/uploads\/2021\/08\/trg2-150x150.jpg\" class=\"attachment-thumbnail size-thumbnail\" alt=\"\" \/><\/a>\n\t\t\t<\/div><\/figure><figure class='gallery-item'>\n\t\t\t<div class='gallery-icon landscape'>\n\t\t\t\t<a href='https:\/\/centralmedia.rs\/index.php\/2021\/08\/04\/kulturno-zabavno-leto-2021-u-jagodini\/trg-2\/'><img loading=\"lazy\" decoding=\"async\" width=\"150\" height=\"150\" src=\"https:\/\/centralmedia.rs\/wp-content\/uploads\/2021\/08\/trg-150x150.jpg\" class=\"attachment-thumbnail size-thumbnail\" alt=\"\" \/><\/a>\n\t\t\t<\/div><\/figure><figure class='gallery-item'>\n\t\t\t<div class='gallery-icon landscape'>\n\t\t\t\t<a href='https:\/\/centralmedia.rs\/index.php\/2021\/08\/04\/kulturno-zabavno-leto-2021-u-jagodini\/izletiste-potok\/'><img loading=\"lazy\" decoding=\"async\" width=\"150\" height=\"150\" src=\"https:\/\/centralmedia.rs\/wp-content\/uploads\/2021\/08\/izletiste-potok-150x150.jpg\" class=\"attachment-thumbnail size-thumbnail\" alt=\"\" \/><\/a>\n\t\t\t<\/div><\/figure><figure class='gallery-item'>\n\t\t\t<div class='gallery-icon portrait'>\n\t\t\t\t<a href='https:\/\/centralmedia.rs\/index.php\/2021\/07\/21\/program-kulturnog-leta-u-jagodini\/kulturno-leto\/'><img loading=\"lazy\" decoding=\"async\" width=\"150\" height=\"150\" src=\"https:\/\/centralmedia.rs\/wp-content\/uploads\/2021\/07\/kulturno-leto-150x150.jpg\" class=\"attachment-thumbnail size-thumbnail\" alt=\"\" \/><\/a>\n\t\t\t<\/div><\/figure>\n\t\t<\/div>\n\n<p>Jagodince o\u010dekuje jedno izuzetno bogato i sadr\u017eajno kulturno leto. Uz turisti\u010dke sadr\u017eaje, Akva park, Zoo vrt ,,Tigar&#8221;, Muzej vo\u0161tanih figura, \u0161oping u Vivo \u0161oping centru turisti su u mogu\u0107nosti da prisustvuju i ovim brojnim kulturnim doga\u0111ajima. Jagodina je opravdala status turisti\u010dkog centra Srbije. Svi koncerti i predstave su besplatni za posetioce.<\/p>\n","protected":false},"excerpt":{"rendered":"<p>JAGODINA-Gradski trg u Jagodini rezervisan za rok koncerte Atomskog Skloni\u0161ta, Kerbera i \u00a0drugih rok bendova. Posle koncerta Dejana Cuki\u0107a u centru grada i u izleti\u0161tu &hellip; <\/p>\n","protected":false},"author":2,"featured_media":27794,"comment_status":"open","ping_status":"open","sticky":false,"template":"","format":"standard","meta":{"footnotes":""},"categories":[1524,2,5643,1514,23,887,3055],"tags":[3902,58,1091,5322,5066],"_links":{"self":[{"href":"https:\/\/centralmedia.rs\/index.php\/wp-json\/wp\/v2\/posts\/27789"}],"collection":[{"href":"https:\/\/centralmedia.rs\/index.php\/wp-json\/wp\/v2\/posts"}],"about":[{"href":"https:\/\/centralmedia.rs\/index.php\/wp-json\/wp\/v2\/types\/post"}],"author":[{"embeddable":true,"href":"https:\/\/centralmedia.rs\/index.php\/wp-json\/wp\/v2\/users\/2"}],"replies":[{"embeddable":true,"href":"https:\/\/centralmedia.rs\/index.php\/wp-json\/wp\/v2\/comments?post=27789"}],"version-history":[{"count":1,"href":"https:\/\/centralmedia.rs\/index.php\/wp-json\/wp\/v2\/posts\/27789\/revisions"}],"predecessor-version":[{"id":27795,"href":"https:\/\/centralmedia.rs\/index.php\/wp-json\/wp\/v2\/posts\/27789\/revisions\/27795"}],"wp:featuredmedia":[{"embeddable":true,"href":"https:\/\/centralmedia.rs\/index.php\/wp-json\/wp\/v2\/media\/27794"}],"wp:attachment":[{"href":"https:\/\/centralmedia.rs\/index.php\/wp-json\/wp\/v2\/media?parent=27789"}],"wp:term":[{"taxonomy":"category","embeddable":true,"href":"https:\/\/centralmedia.rs\/index.php\/wp-json\/wp\/v2\/categories?post=27789"},{"taxonomy":"post_tag","embeddable":true,"href":"https:\/\/centralmedia.rs\/index.php\/wp-json\/wp\/v2\/tags?post=27789"}],"curies":[{"name":"wp","href":"https:\/\/api.w.org\/{rel}","templated":true}]}}