{"id":27796,"date":"2021-08-04T17:21:11","date_gmt":"2021-08-04T15:21:11","guid":{"rendered":"http:\/\/centralmedia.rs\/?p=27796"},"modified":"2022-01-04T18:13:35","modified_gmt":"2022-01-04T17:13:35","slug":"najjeftinije-letovanje-u-buljarici","status":"publish","type":"post","link":"https:\/\/centralmedia.rs\/index.php\/2021\/08\/04\/najjeftinije-letovanje-u-buljarici\/","title":{"rendered":"NAJJEFTINIJE LETOVANJE U BULJARICI"},"content":{"rendered":"<p>JAGODINA- Posle jednogodi\u0161nje pauze,odmarali\u0161te jagodinske Jase u Buljarici u Crnoj Gori ponovo radi i prima goste, i to organizovane grupe,porodice i pojedince. Sedmodnevni sme\u0161taj sa tri obroka uz prevoz i boravi\u0161nu taksu ko\u0161ta 150 evra po osobi. Smene su na 7 dana. Re\u010d je o odmarali\u0161tu \u00a0svih generacija Jagodinaca,sa najlep\u0161im dru\u017eenjima i uspomenama. Najlep\u0161a \u0161ljunkovita plaza na ovom delu Jadrana, sportski tereni, kao i blizina Petrovca,Budve, Bara i Sutomora, \u010dine ovu destinaciju atraktivnom za Jagodince i gra\u0111ane Pomoravlja.<\/p>\n<div id='gallery-1' class='gallery galleryid-27796 gallery-columns-7 gallery-size-thumbnail'><figure class='gallery-item'>\n\t\t\t<div class='gallery-icon landscape'>\n\t\t\t\t<a href='https:\/\/centralmedia.rs\/index.php\/2021\/08\/04\/najjeftinije-letovanje-u-buljarici\/bulajarica1\/'><img loading=\"lazy\" decoding=\"async\" width=\"150\" height=\"150\" src=\"https:\/\/centralmedia.rs\/wp-content\/uploads\/2021\/08\/bulajarica1-150x150.jpg\" class=\"attachment-thumbnail size-thumbnail\" alt=\"\" \/><\/a>\n\t\t\t<\/div><\/figure><figure class='gallery-item'>\n\t\t\t<div class='gallery-icon landscape'>\n\t\t\t\t<a href='https:\/\/centralmedia.rs\/index.php\/2021\/08\/04\/najjeftinije-letovanje-u-buljarici\/buljaric3\/'><img loading=\"lazy\" decoding=\"async\" width=\"150\" height=\"150\" src=\"https:\/\/centralmedia.rs\/wp-content\/uploads\/2021\/08\/buljaric3-150x150.jpg\" class=\"attachment-thumbnail size-thumbnail\" alt=\"\" \/><\/a>\n\t\t\t<\/div><\/figure><figure class='gallery-item'>\n\t\t\t<div class='gallery-icon portrait'>\n\t\t\t\t<a href='https:\/\/centralmedia.rs\/index.php\/2021\/08\/04\/najjeftinije-letovanje-u-buljarici\/buljarica\/'><img loading=\"lazy\" decoding=\"async\" width=\"150\" height=\"150\" src=\"https:\/\/centralmedia.rs\/wp-content\/uploads\/2021\/08\/buljarica-150x150.jpg\" class=\"attachment-thumbnail size-thumbnail\" alt=\"\" \/><\/a>\n\t\t\t<\/div><\/figure><figure class='gallery-item'>\n\t\t\t<div class='gallery-icon landscape'>\n\t\t\t\t<a href='https:\/\/centralmedia.rs\/index.php\/2021\/08\/04\/najjeftinije-letovanje-u-buljarici\/buljarica1\/'><img loading=\"lazy\" decoding=\"async\" width=\"150\" height=\"150\" src=\"https:\/\/centralmedia.rs\/wp-content\/uploads\/2021\/08\/buljarica1-150x150.jpg\" class=\"attachment-thumbnail size-thumbnail\" alt=\"\" \/><\/a>\n\t\t\t<\/div><\/figure><figure class='gallery-item'>\n\t\t\t<div class='gallery-icon landscape'>\n\t\t\t\t<a href='https:\/\/centralmedia.rs\/index.php\/2021\/08\/04\/najjeftinije-letovanje-u-buljarici\/buljarica2\/'><img loading=\"lazy\" decoding=\"async\" width=\"150\" height=\"150\" src=\"https:\/\/centralmedia.rs\/wp-content\/uploads\/2021\/08\/buljarica2-150x150.jpg\" class=\"attachment-thumbnail size-thumbnail\" alt=\"\" \/><\/a>\n\t\t\t<\/div><\/figure><figure class='gallery-item'>\n\t\t\t<div class='gallery-icon landscape'>\n\t\t\t\t<a href='https:\/\/centralmedia.rs\/index.php\/2021\/08\/04\/najjeftinije-letovanje-u-buljarici\/buljarica4\/'><img loading=\"lazy\" decoding=\"async\" width=\"150\" height=\"150\" src=\"https:\/\/centralmedia.rs\/wp-content\/uploads\/2021\/08\/buljarica4-150x150.jpg\" class=\"attachment-thumbnail size-thumbnail\" alt=\"\" \/><\/a>\n\t\t\t<\/div><\/figure><figure class='gallery-item'>\n\t\t\t<div class='gallery-icon landscape'>\n\t\t\t\t<a href='https:\/\/centralmedia.rs\/index.php\/2021\/08\/04\/najjeftinije-letovanje-u-buljarici\/buljarica5\/'><img loading=\"lazy\" decoding=\"async\" width=\"150\" height=\"150\" src=\"https:\/\/centralmedia.rs\/wp-content\/uploads\/2021\/08\/buljarica5-150x150.jpg\" class=\"attachment-thumbnail size-thumbnail\" alt=\"\" \/><\/a>\n\t\t\t<\/div><\/figure>\n\t\t<\/div>\n\n<p>Obavestenja na telefon 35\/243-203.<\/p>\n","protected":false},"excerpt":{"rendered":"<p>JAGODINA- Posle jednogodi\u0161nje pauze,odmarali\u0161te jagodinske Jase u Buljarici u Crnoj Gori ponovo radi i prima goste, i to organizovane grupe,porodice i pojedince. Sedmodnevni sme\u0161taj sa &hellip; <\/p>\n","protected":false},"author":2,"featured_media":27797,"comment_status":"open","ping_status":"open","sticky":false,"template":"","format":"standard","meta":{"footnotes":""},"categories":[1524,2,1514,5643,23,887,3054],"tags":[5324,2081,1016,5325],"_links":{"self":[{"href":"https:\/\/centralmedia.rs\/index.php\/wp-json\/wp\/v2\/posts\/27796"}],"collection":[{"href":"https:\/\/centralmedia.rs\/index.php\/wp-json\/wp\/v2\/posts"}],"about":[{"href":"https:\/\/centralmedia.rs\/index.php\/wp-json\/wp\/v2\/types\/post"}],"author":[{"embeddable":true,"href":"https:\/\/centralmedia.rs\/index.php\/wp-json\/wp\/v2\/users\/2"}],"replies":[{"embeddable":true,"href":"https:\/\/centralmedia.rs\/index.php\/wp-json\/wp\/v2\/comments?post=27796"}],"version-history":[{"count":1,"href":"https:\/\/centralmedia.rs\/index.php\/wp-json\/wp\/v2\/posts\/27796\/revisions"}],"predecessor-version":[{"id":27804,"href":"https:\/\/centralmedia.rs\/index.php\/wp-json\/wp\/v2\/posts\/27796\/revisions\/27804"}],"wp:featuredmedia":[{"embeddable":true,"href":"https:\/\/centralmedia.rs\/index.php\/wp-json\/wp\/v2\/media\/27797"}],"wp:attachment":[{"href":"https:\/\/centralmedia.rs\/index.php\/wp-json\/wp\/v2\/media?parent=27796"}],"wp:term":[{"taxonomy":"category","embeddable":true,"href":"https:\/\/centralmedia.rs\/index.php\/wp-json\/wp\/v2\/categories?post=27796"},{"taxonomy":"post_tag","embeddable":true,"href":"https:\/\/centralmedia.rs\/index.php\/wp-json\/wp\/v2\/tags?post=27796"}],"curies":[{"name":"wp","href":"https:\/\/api.w.org\/{rel}","templated":true}]}}