{"id":2785,"date":"2016-04-17T19:39:43","date_gmt":"2016-04-17T19:39:43","guid":{"rendered":"http:\/\/centralmedia.rs\/?p=2785"},"modified":"2016-04-17T19:39:56","modified_gmt":"2016-04-17T19:39:56","slug":"vulin-u-smederevu-glasajte-za-stabilnu-cvrstu-jaku-srbiju","status":"publish","type":"post","link":"https:\/\/centralmedia.rs\/index.php\/2016\/04\/17\/vulin-u-smederevu-glasajte-za-stabilnu-cvrstu-jaku-srbiju\/","title":{"rendered":"VULIN U SMEDEREVU &#8211; GLASAJTE ZA STABILNU, \u010cVRSTU I JAKU SRBIJU"},"content":{"rendered":"<p>SMEDEREVO-Predsednik Pokreta Socijalista Aleksandar Vulin izjavio je strana\u010dkom mitingu te stranke danas u Smederevu da gra\u0111ani traba da glasaju za stabilnu, \u010dvrstu i jasnu ve\u0107inu u Skup\u0161tini Srbije i formiranje jake vlade koja \u0107e sa\u010duvati mir u Srbiji.    <a href=\"https:\/\/centralmedia.rs\/wp-content\/uploads\/2016\/04\/vulin-1-smederevo-g.j..jpg\"><img loading=\"lazy\" decoding=\"async\" src=\"https:\/\/centralmedia.rs\/wp-content\/uploads\/2016\/04\/vulin-1-smederevo-g.j.-300x225.jpg\" alt=\"vulin 1-smederevo-g.j.\" width=\"300\" height=\"225\" class=\"alignnone size-medium wp-image-2787\" srcset=\"https:\/\/centralmedia.rs\/wp-content\/uploads\/2016\/04\/vulin-1-smederevo-g.j.-300x225.jpg 300w, https:\/\/centralmedia.rs\/wp-content\/uploads\/2016\/04\/vulin-1-smederevo-g.j.-768x576.jpg 768w, https:\/\/centralmedia.rs\/wp-content\/uploads\/2016\/04\/vulin-1-smederevo-g.j.-80x60.jpg 80w, https:\/\/centralmedia.rs\/wp-content\/uploads\/2016\/04\/vulin-1-smederevo-g.j.-265x198.jpg 265w, https:\/\/centralmedia.rs\/wp-content\/uploads\/2016\/04\/vulin-1-smederevo-g.j..jpg 900w\" sizes=\"(max-width: 300px) 100vw, 300px\" \/><\/a><br \/>\n\t-Molim vas da glasamo za \u010dvrstu, stabilnu, jasnu ve\u0107inu i vladu koja \u0107e sa\u010duvati mir u Srbiji, koja ne\u0107e dozvoliti da drugi odlu\u010duju o na\u0161im sudbinama. Nije ovaj nered i nemir u Skoplju i drugim dr\u017eavama u oku\u017eenju do\u0161ao slu\u010dajno. Treba nam podr\u0161ka Srbije da bi oni za koje ste glasali odu\u010divali kako \u0107e se \u017eiveti  u ovoj zemlji. Da \u017eivimo kako mi ka\u017eemo i za\u017eelimo, a ne da  nam dolaze sa strane i dovode predsednika, kao i odlu\u010duju kada \u0107emo da glasamo, istakao je Vulin i dodao da su Srbiji treba da odlu\u010duju oni koji su u njoj ro\u0111eni i koji su izabrani na izborima.<a href=\"https:\/\/centralmedia.rs\/wp-content\/uploads\/2016\/04\/vulin-smederevo-g.j..jpg\"><img loading=\"lazy\" decoding=\"async\" src=\"https:\/\/centralmedia.rs\/wp-content\/uploads\/2016\/04\/vulin-smederevo-g.j.-300x225.jpg\" alt=\"vulin-smederevo-g.j.\" width=\"300\" height=\"225\" class=\"alignnone size-medium wp-image-2788\" srcset=\"https:\/\/centralmedia.rs\/wp-content\/uploads\/2016\/04\/vulin-smederevo-g.j.-300x225.jpg 300w, https:\/\/centralmedia.rs\/wp-content\/uploads\/2016\/04\/vulin-smederevo-g.j.-768x576.jpg 768w, https:\/\/centralmedia.rs\/wp-content\/uploads\/2016\/04\/vulin-smederevo-g.j.-80x60.jpg 80w, https:\/\/centralmedia.rs\/wp-content\/uploads\/2016\/04\/vulin-smederevo-g.j.-265x198.jpg 265w, https:\/\/centralmedia.rs\/wp-content\/uploads\/2016\/04\/vulin-smederevo-g.j..jpg 900w\" sizes=\"(max-width: 300px) 100vw, 300px\" \/><\/a><br \/>\nOn je najavio da je sutra ,,veliki i va\u017ean dan za Smederevo i Srbiju, jer je kona\u010dno  \u017delezara u sigurnoj luci\u201c.<br \/>\n-Kona\u010dno \u0107emo sa\u010duvati 5.000 radnih mesta, sasvim je sigurno da \u0107e tako biti. Kona\u010dno smo se izborili da \u017delezara ostane radna i delatna. Mi nismo ona vlada i ljudi koji su pri\u010dali da je treba ise\u0107i u staro gvo\u017e\u0111e i prodati na kilo.  Staro gvo\u017e\u0111e \u0107e da hrani 5.000 du\u0161a i hiljade kooperanata, kao i \u010ditavu Srbiju kroz pove\u0107anje BDP i izvoz. Sutra je veliki i lep dan za Smederevo, jer \u0107e Aleksandar Vu\u010di\u0107 objaviti da mi pobe\u0111ujemo, naglasio je Vulin.<a href=\"https:\/\/centralmedia.rs\/wp-content\/uploads\/2016\/04\/mitnig-1-smederevo-g.j..jpg\"><img loading=\"lazy\" decoding=\"async\" src=\"https:\/\/centralmedia.rs\/wp-content\/uploads\/2016\/04\/mitnig-1-smederevo-g.j.-300x218.jpg\" alt=\"mitnig 1-smederevo-g.j.\" width=\"300\" height=\"218\" class=\"alignnone size-medium wp-image-2789\" srcset=\"https:\/\/centralmedia.rs\/wp-content\/uploads\/2016\/04\/mitnig-1-smederevo-g.j.-300x218.jpg 300w, https:\/\/centralmedia.rs\/wp-content\/uploads\/2016\/04\/mitnig-1-smederevo-g.j.-768x559.jpg 768w, https:\/\/centralmedia.rs\/wp-content\/uploads\/2016\/04\/mitnig-1-smederevo-g.j.-324x235.jpg 324w, https:\/\/centralmedia.rs\/wp-content\/uploads\/2016\/04\/mitnig-1-smederevo-g.j..jpg 900w\" sizes=\"(max-width: 300px) 100vw, 300px\" \/><\/a><br \/>\n-Promenila se Srbija, menja se na bolje i postala je pravednija. Ne mo\u017ee odmah da bude duga\u010dija posle 12 godina plja\u010dka\u0161ke privatizacije, ali pravednija mo\u017ee odmah i jeste pravednija, rekao je on.<br \/>\n-Srbiju sa Kosmeta mogu da pomere samo Srbi, niko drugi. Samo mi sa svojom neslogom, ne razmi\u0161ljanjem, politikom koja se ne vodi mudro, samo mi to mo\u017eemo da uradimo. Nikada nas niko drugi sa Kosmeta nije mogao da pomeri u istorijskom i politi\u010dkom smislu, rekao je obra\u0107aju\u0107i se pristunim Kosovcima i dodao da je ,,zato i  politika koju vodimo \u010duvanje i ja\u010danje korena\u201c, kao i  da je ,,uloga Vlade Srbije i politi\u010dara je da se bore za KIM, da se uporno i tvrdoglavo bore, koje nam ne mo\u017ee uzeti niko osim nas samih, a mi ga ne\u0107emo dati\u201c.<a href=\"https:\/\/centralmedia.rs\/wp-content\/uploads\/2016\/04\/milos-stojovic-smederevo-g.j..jpg\"><img loading=\"lazy\" decoding=\"async\" src=\"https:\/\/centralmedia.rs\/wp-content\/uploads\/2016\/04\/milos-stojovic-smederevo-g.j.-214x300.jpg\" alt=\"milos stojovic-smederevo-g.j.\" width=\"214\" height=\"300\" class=\"alignnone size-medium wp-image-2790\" srcset=\"https:\/\/centralmedia.rs\/wp-content\/uploads\/2016\/04\/milos-stojovic-smederevo-g.j.-214x300.jpg 214w, https:\/\/centralmedia.rs\/wp-content\/uploads\/2016\/04\/milos-stojovic-smederevo-g.j..jpg 642w\" sizes=\"(max-width: 214px) 100vw, 214px\" \/><\/a><br \/>\nPredsednik Koalicije raseljenih lica sa Kosova i Metohije Milo\u0161 Stojkovi\u0107 izjavio je da je ta koalicija, koju \u010dini 20 udru\u017eenja, podr\u017eava Pokret socijalista i listu pod brojem 1 Aleksandar Vu\u010di\u0107-SNS ,,Srbija pobe\u0111uje\u201c .<br \/>\n\t-\u010cu\u0107e se vi\u0161e i ja\u010de na\u0161 glas na republi\u010dkom nivou, ako bog da, posle 24 aprila, ali i u Smederevu treba da pobedi Pokret socijalista i na\u0161 drug Branko Milanovi\u0107, lista pod  brojem 10. To zna\u010di da dobijemo predstavnika na\u0161ih muka u rasejanju u Skup\u0161tini Smedereva. \u017delimo saveznika u gradskoj upravi u Smederevu, a vidimo ga u listi, kao i budu\u0107oj sna\u017enoj i jakoj odborni\u010dkoj grupi Pokreta socijalista, rekao je Stojkovi\u0107.       <\/p>\n","protected":false},"excerpt":{"rendered":"<p>SMEDEREVO-Predsednik Pokreta Socijalista Aleksandar Vulin izjavio je strana\u010dkom mitingu te stranke danas u Smederevu da gra\u0111ani traba da glasaju za stabilnu, \u010dvrstu i jasnu ve\u0107inu &hellip; <\/p>\n","protected":false},"author":4,"featured_media":2786,"comment_status":"open","ping_status":"open","sticky":false,"template":"","format":"standard","meta":{"footnotes":""},"categories":[2,13,12],"tags":[718,181,458,719],"_links":{"self":[{"href":"https:\/\/centralmedia.rs\/index.php\/wp-json\/wp\/v2\/posts\/2785"}],"collection":[{"href":"https:\/\/centralmedia.rs\/index.php\/wp-json\/wp\/v2\/posts"}],"about":[{"href":"https:\/\/centralmedia.rs\/index.php\/wp-json\/wp\/v2\/types\/post"}],"author":[{"embeddable":true,"href":"https:\/\/centralmedia.rs\/index.php\/wp-json\/wp\/v2\/users\/4"}],"replies":[{"embeddable":true,"href":"https:\/\/centralmedia.rs\/index.php\/wp-json\/wp\/v2\/comments?post=2785"}],"version-history":[{"count":0,"href":"https:\/\/centralmedia.rs\/index.php\/wp-json\/wp\/v2\/posts\/2785\/revisions"}],"wp:featuredmedia":[{"embeddable":true,"href":"https:\/\/centralmedia.rs\/index.php\/wp-json\/wp\/v2\/media\/2786"}],"wp:attachment":[{"href":"https:\/\/centralmedia.rs\/index.php\/wp-json\/wp\/v2\/media?parent=2785"}],"wp:term":[{"taxonomy":"category","embeddable":true,"href":"https:\/\/centralmedia.rs\/index.php\/wp-json\/wp\/v2\/categories?post=2785"},{"taxonomy":"post_tag","embeddable":true,"href":"https:\/\/centralmedia.rs\/index.php\/wp-json\/wp\/v2\/tags?post=2785"}],"curies":[{"name":"wp","href":"https:\/\/api.w.org\/{rel}","templated":true}]}}