{"id":27852,"date":"2021-08-08T13:19:35","date_gmt":"2021-08-08T11:19:35","guid":{"rendered":"http:\/\/centralmedia.rs\/?p=27852"},"modified":"2021-08-11T13:49:34","modified_gmt":"2021-08-11T11:49:34","slug":"uspesan-kamp-ritmicke-gimnstike-u-svilajncu","status":"publish","type":"post","link":"https:\/\/centralmedia.rs\/index.php\/2021\/08\/08\/uspesan-kamp-ritmicke-gimnstike-u-svilajncu\/","title":{"rendered":"USPE\u0160AN KAMP RITMI\u010cKE GIMNASTIKE U SVILAJNCU"},"content":{"rendered":"<p>SVILAJNAC-U Svilajncu je \u00a0zavr\u0161en 3. Kamp ritmi\u010dke gimnastike. Iz 15 klubova u Srbiji 120. dece osam dana je savladavalo tajne ovog sporta u okviru projekta ,,Umetnost u sportu&#8221; trenera Ljubov Burikine iz Rusije, koji su podr\u017eali Op\u0161tina Svilajnac i GK Evita.<\/p>\n<p>-Ponosan sam zato \u0161to Svilajnc ima ovako divne goste ovih dana.\u00a0 Do\u0111ite i slede\u0107e godine, pozovite i ostale drugare koji niu bili u kampu. Zahvaljujem se ljudima koji su ovo organizovali i realizovali. Nadam se da biti organizaovan i 30. kamp, rekao je predsednik te op\u0161tine Predrag Milanovi\u0107 i uru\u010dio poklone u\u010desnicima kampa.<\/p>\n<div id='gallery-1' class='gallery galleryid-27852 gallery-columns-3 gallery-size-full'><figure class='gallery-item'>\n\t\t\t<div class='gallery-icon landscape'>\n\t\t\t\t<a href='https:\/\/centralmedia.rs\/index.php\/2021\/08\/08\/uspesan-kamp-ritmicke-gimnstike-u-svilajncu\/rtmicka-gimnastika1\/'><img loading=\"lazy\" decoding=\"async\" width=\"1800\" height=\"875\" src=\"https:\/\/centralmedia.rs\/wp-content\/uploads\/2021\/08\/RTMICKA-GIMNASTIKA1.jpg\" class=\"attachment-full size-full\" alt=\"\" srcset=\"https:\/\/centralmedia.rs\/wp-content\/uploads\/2021\/08\/RTMICKA-GIMNASTIKA1.jpg 1800w, https:\/\/centralmedia.rs\/wp-content\/uploads\/2021\/08\/RTMICKA-GIMNASTIKA1-300x146.jpg 300w, https:\/\/centralmedia.rs\/wp-content\/uploads\/2021\/08\/RTMICKA-GIMNASTIKA1-768x373.jpg 768w, https:\/\/centralmedia.rs\/wp-content\/uploads\/2021\/08\/RTMICKA-GIMNASTIKA1-1024x498.jpg 1024w, https:\/\/centralmedia.rs\/wp-content\/uploads\/2021\/08\/RTMICKA-GIMNASTIKA1-864x420.jpg 864w, https:\/\/centralmedia.rs\/wp-content\/uploads\/2021\/08\/RTMICKA-GIMNASTIKA1-640x311.jpg 640w, https:\/\/centralmedia.rs\/wp-content\/uploads\/2021\/08\/RTMICKA-GIMNASTIKA1-681x331.jpg 681w\" sizes=\"(max-width: 1800px) 100vw, 1800px\" \/><\/a>\n\t\t\t<\/div><\/figure><figure class='gallery-item'>\n\t\t\t<div class='gallery-icon landscape'>\n\t\t\t\t<a href='https:\/\/centralmedia.rs\/index.php\/2021\/08\/08\/uspesan-kamp-ritmicke-gimnstike-u-svilajncu\/rtmicka-gimnastika2\/'><img loading=\"lazy\" decoding=\"async\" width=\"1800\" height=\"875\" src=\"https:\/\/centralmedia.rs\/wp-content\/uploads\/2021\/08\/RTMICKA-GIMNASTIKA2.jpg\" class=\"attachment-full size-full\" alt=\"\" srcset=\"https:\/\/centralmedia.rs\/wp-content\/uploads\/2021\/08\/RTMICKA-GIMNASTIKA2.jpg 1800w, https:\/\/centralmedia.rs\/wp-content\/uploads\/2021\/08\/RTMICKA-GIMNASTIKA2-300x146.jpg 300w, https:\/\/centralmedia.rs\/wp-content\/uploads\/2021\/08\/RTMICKA-GIMNASTIKA2-768x373.jpg 768w, https:\/\/centralmedia.rs\/wp-content\/uploads\/2021\/08\/RTMICKA-GIMNASTIKA2-1024x498.jpg 1024w, https:\/\/centralmedia.rs\/wp-content\/uploads\/2021\/08\/RTMICKA-GIMNASTIKA2-864x420.jpg 864w, https:\/\/centralmedia.rs\/wp-content\/uploads\/2021\/08\/RTMICKA-GIMNASTIKA2-640x311.jpg 640w, https:\/\/centralmedia.rs\/wp-content\/uploads\/2021\/08\/RTMICKA-GIMNASTIKA2-681x331.jpg 681w\" sizes=\"(max-width: 1800px) 100vw, 1800px\" \/><\/a>\n\t\t\t<\/div><\/figure><figure class='gallery-item'>\n\t\t\t<div class='gallery-icon landscape'>\n\t\t\t\t<a href='https:\/\/centralmedia.rs\/index.php\/2021\/08\/08\/uspesan-kamp-ritmicke-gimnstike-u-svilajncu\/rtmicka-gimnastika\/'><img loading=\"lazy\" decoding=\"async\" width=\"1800\" height=\"875\" src=\"https:\/\/centralmedia.rs\/wp-content\/uploads\/2021\/08\/RTMICKA-GIMNASTIKA.jpg\" class=\"attachment-full size-full\" alt=\"\" srcset=\"https:\/\/centralmedia.rs\/wp-content\/uploads\/2021\/08\/RTMICKA-GIMNASTIKA.jpg 1800w, https:\/\/centralmedia.rs\/wp-content\/uploads\/2021\/08\/RTMICKA-GIMNASTIKA-300x146.jpg 300w, https:\/\/centralmedia.rs\/wp-content\/uploads\/2021\/08\/RTMICKA-GIMNASTIKA-768x373.jpg 768w, https:\/\/centralmedia.rs\/wp-content\/uploads\/2021\/08\/RTMICKA-GIMNASTIKA-1024x498.jpg 1024w, https:\/\/centralmedia.rs\/wp-content\/uploads\/2021\/08\/RTMICKA-GIMNASTIKA-864x420.jpg 864w, https:\/\/centralmedia.rs\/wp-content\/uploads\/2021\/08\/RTMICKA-GIMNASTIKA-640x311.jpg 640w, https:\/\/centralmedia.rs\/wp-content\/uploads\/2021\/08\/RTMICKA-GIMNASTIKA-681x331.jpg 681w\" sizes=\"(max-width: 1800px) 100vw, 1800px\" \/><\/a>\n\t\t\t<\/div><\/figure>\n\t\t<\/div>\n\n<p>-Zahvaljujem se svima koji su omogu\u0107ili odr\u017eavanje kampa i koji su u\u010destvovali. Deca su se veoma trudila i to se pokazalo kroz energiju koju su nesebi\u010dno davali. Za tri godine kampa primetila sam da lokalna samouprava daje doprinos odr\u017eavanju kampa i to je neophodno da bi sve bilo realizovano, kazala je Ljubov Burikina.<\/p>\n","protected":false},"excerpt":{"rendered":"<p>SVILAJNAC-U Svilajncu je \u00a0zavr\u0161en 3. Kamp ritmi\u010dke gimnastike. Iz 15 klubova u Srbiji 120. dece osam dana je savladavalo tajne ovog sporta u okviru projekta &hellip; <\/p>\n","protected":false},"author":2,"featured_media":27853,"comment_status":"open","ping_status":"open","sticky":false,"template":"","format":"standard","meta":{"footnotes":""},"categories":[1524,2,887,21,12,1517],"tags":[5330,38],"_links":{"self":[{"href":"https:\/\/centralmedia.rs\/index.php\/wp-json\/wp\/v2\/posts\/27852"}],"collection":[{"href":"https:\/\/centralmedia.rs\/index.php\/wp-json\/wp\/v2\/posts"}],"about":[{"href":"https:\/\/centralmedia.rs\/index.php\/wp-json\/wp\/v2\/types\/post"}],"author":[{"embeddable":true,"href":"https:\/\/centralmedia.rs\/index.php\/wp-json\/wp\/v2\/users\/2"}],"replies":[{"embeddable":true,"href":"https:\/\/centralmedia.rs\/index.php\/wp-json\/wp\/v2\/comments?post=27852"}],"version-history":[{"count":2,"href":"https:\/\/centralmedia.rs\/index.php\/wp-json\/wp\/v2\/posts\/27852\/revisions"}],"predecessor-version":[{"id":27857,"href":"https:\/\/centralmedia.rs\/index.php\/wp-json\/wp\/v2\/posts\/27852\/revisions\/27857"}],"wp:featuredmedia":[{"embeddable":true,"href":"https:\/\/centralmedia.rs\/index.php\/wp-json\/wp\/v2\/media\/27853"}],"wp:attachment":[{"href":"https:\/\/centralmedia.rs\/index.php\/wp-json\/wp\/v2\/media?parent=27852"}],"wp:term":[{"taxonomy":"category","embeddable":true,"href":"https:\/\/centralmedia.rs\/index.php\/wp-json\/wp\/v2\/categories?post=27852"},{"taxonomy":"post_tag","embeddable":true,"href":"https:\/\/centralmedia.rs\/index.php\/wp-json\/wp\/v2\/tags?post=27852"}],"curies":[{"name":"wp","href":"https:\/\/api.w.org\/{rel}","templated":true}]}}