{"id":27874,"date":"2021-08-11T13:59:40","date_gmt":"2021-08-11T11:59:40","guid":{"rendered":"http:\/\/centralmedia.rs\/?p=27874"},"modified":"2021-08-19T08:53:50","modified_gmt":"2021-08-19T06:53:50","slug":"odrzana-gulasijada-svilajnac-pobednici-ekipa-tornado-rocevac","status":"publish","type":"post","link":"https:\/\/centralmedia.rs\/index.php\/2021\/08\/11\/odrzana-gulasijada-svilajnac-pobednici-ekipa-tornado-rocevac\/","title":{"rendered":"ODR\u017dANA GULA\u0160IJADA SVILAJNAC \u2013 POBEDNICI EKIPA \u201eTORNADO\u201d RO\u0106EVAC"},"content":{"rendered":"<p>SVILAJNCA- Na 4. Gula\u0161ijadi u Svilajncu u\u010destvovalo 38 ekipa, najvi\u0161e iz Svilajnca i okoline, ali i cele Srbije.<\/p>\n<div id='gallery-1' class='gallery galleryid-27874 gallery-columns-3 gallery-size-thumbnail'><figure class='gallery-item'>\n\t\t\t<div class='gallery-icon landscape'>\n\t\t\t\t<a href='https:\/\/centralmedia.rs\/index.php\/2021\/08\/11\/odrzana-gulasijada-svilajnac-pobednici-ekipa-tornado-rocevac\/gulasijada1\/'><img loading=\"lazy\" decoding=\"async\" width=\"150\" height=\"150\" src=\"https:\/\/centralmedia.rs\/wp-content\/uploads\/2021\/08\/gulasijada1-150x150.jpg\" class=\"attachment-thumbnail size-thumbnail\" alt=\"\" \/><\/a>\n\t\t\t<\/div><\/figure><figure class='gallery-item'>\n\t\t\t<div class='gallery-icon portrait'>\n\t\t\t\t<a href='https:\/\/centralmedia.rs\/index.php\/2021\/08\/11\/odrzana-gulasijada-svilajnac-pobednici-ekipa-tornado-rocevac\/gulasijada2-2\/'><img loading=\"lazy\" decoding=\"async\" width=\"150\" height=\"150\" src=\"https:\/\/centralmedia.rs\/wp-content\/uploads\/2021\/08\/gulasijada2-150x150.jpg\" class=\"attachment-thumbnail size-thumbnail\" alt=\"\" \/><\/a>\n\t\t\t<\/div><\/figure><figure class='gallery-item'>\n\t\t\t<div class='gallery-icon portrait'>\n\t\t\t\t<a href='https:\/\/centralmedia.rs\/index.php\/2021\/08\/11\/odrzana-gulasijada-svilajnac-pobednici-ekipa-tornado-rocevac\/gulasijada3-2\/'><img loading=\"lazy\" decoding=\"async\" width=\"150\" height=\"150\" src=\"https:\/\/centralmedia.rs\/wp-content\/uploads\/2021\/08\/gulasijada3-150x150.jpg\" class=\"attachment-thumbnail size-thumbnail\" alt=\"\" \/><\/a>\n\t\t\t<\/div><\/figure>\n\t\t<\/div>\n\n<p>Gula\u0161i, koji su kuvani 5 sati, dobra atmosfera, zabava i muzika okupili su i veliki broj Svilajn\u010dana i njihovih gostiju, koji ovu manifestaciju prepoznaju kao jedan narodni i porodi\u010dni sabor.<\/p>\n<p>Sastav stru\u010dnog \u017eirija \u010dinili su \u0161efovi kuhinja i me\u0111unarodne sudije: Dejan Stankovi\u0107, Milo\u0161 Jovanovi\u0107 i Jovica \u0110ur\u0111evi\u0107, koji \u017eivi i radi u \u0160vajcarskoj, a u Svilajnac je do\u0161ao specijalno za Gula\u0161ijadu. Oni su odli\u010dili da pobedni\u010dki pehar odnese ekipa \u201cTornado\u201d iz Ro\u0107evca, drugi najbolji gula\u0161 spremila je ekipa \u201cBOS\u201d iz Dublja, dok je tre\u0107eplasirana bila ekipa iz Roande.<\/p>\n<p>Gula\u0161ijada je odr\u017eana u organizaciji Sportskog saveza Svilajnac i Centra za kulturu Svilajnac, a glavni pokrovitelj je Op\u0161tina Svilajnac:<\/p>\n<p>\u201cSve je proteklo po planu, imali smo veliki broj prijavljenih ekipa, a eminentni \u017eiri, na \u010dijem \u010delu je Dejan Stankovi\u0107, je odradio svoj posao kako treba i planiramo da svake naredne godine to bude sve bolje i kvalitetnije. Najva\u017enije je to \u0161to je ova manifestacija postala va\u017ean gastronomski doga\u0111aj na mapi Srbije\u201d, izjavio je Nenad Miladinovi\u0107, zamenik predsednika Skup\u0161tine op\u0161tine Svilajnac i \u010dlan organizacionog odbora Gula\u0161ijade.<\/p>\n<p>Kuvar Jovica \u0110ur\u0111evi\u0107, koji je iz \u0160vajcarske do\u0161ao u Srbiju samo zbog Gula\u0161ijade, otkriva nam da ne postoji lo\u0161 gula\u0161:<\/p>\n<p>\u201cGula\u0161 ne mo\u017ee biti lo\u0161, nijanse su te koje odlu\u010duju, zavisi dosta i od vrste mesa, ali i li\u010dnog ukusa. Putovao sam svuda po svetu, ali uvek volim da do\u0111em u Srbiju, u ovaj kraj, na ovakve manifestacije.\u201d<\/p>\n<p>Gula\u0161ijada je propra\u0107ena tradicionalnim srpskim sportskim igrama i bogatim kulturno-umetni\u010dkim programom na kome su nastupala Kulturno-umetni\u010dka dru\u0161tva. U\u010desnici i posetioci u\u017eivali su i u ve\u010dernjem koncertu Sne\u017eane Babi\u0107 Sneki, kojim je ova manifestacija zavr\u0161ena.<\/p>\n<p>&nbsp;<\/p>\n","protected":false},"excerpt":{"rendered":"<p>SVILAJNCA- Na 4. Gula\u0161ijadi u Svilajncu u\u010destvovalo 38 ekipa, najvi\u0161e iz Svilajnca i okoline, ali i cele Srbije. Gula\u0161i, koji su kuvani 5 sati, dobra &hellip; <\/p>\n","protected":false},"author":2,"featured_media":27875,"comment_status":"open","ping_status":"open","sticky":false,"template":"","format":"standard","meta":{"footnotes":""},"categories":[1524,2,23,887,1517,3055],"tags":[2210,446,38],"_links":{"self":[{"href":"https:\/\/centralmedia.rs\/index.php\/wp-json\/wp\/v2\/posts\/27874"}],"collection":[{"href":"https:\/\/centralmedia.rs\/index.php\/wp-json\/wp\/v2\/posts"}],"about":[{"href":"https:\/\/centralmedia.rs\/index.php\/wp-json\/wp\/v2\/types\/post"}],"author":[{"embeddable":true,"href":"https:\/\/centralmedia.rs\/index.php\/wp-json\/wp\/v2\/users\/2"}],"replies":[{"embeddable":true,"href":"https:\/\/centralmedia.rs\/index.php\/wp-json\/wp\/v2\/comments?post=27874"}],"version-history":[{"count":1,"href":"https:\/\/centralmedia.rs\/index.php\/wp-json\/wp\/v2\/posts\/27874\/revisions"}],"predecessor-version":[{"id":27879,"href":"https:\/\/centralmedia.rs\/index.php\/wp-json\/wp\/v2\/posts\/27874\/revisions\/27879"}],"wp:featuredmedia":[{"embeddable":true,"href":"https:\/\/centralmedia.rs\/index.php\/wp-json\/wp\/v2\/media\/27875"}],"wp:attachment":[{"href":"https:\/\/centralmedia.rs\/index.php\/wp-json\/wp\/v2\/media?parent=27874"}],"wp:term":[{"taxonomy":"category","embeddable":true,"href":"https:\/\/centralmedia.rs\/index.php\/wp-json\/wp\/v2\/categories?post=27874"},{"taxonomy":"post_tag","embeddable":true,"href":"https:\/\/centralmedia.rs\/index.php\/wp-json\/wp\/v2\/tags?post=27874"}],"curies":[{"name":"wp","href":"https:\/\/api.w.org\/{rel}","templated":true}]}}