{"id":27880,"date":"2021-08-11T14:06:11","date_gmt":"2021-08-11T12:06:11","guid":{"rendered":"http:\/\/centralmedia.rs\/?p=27880"},"modified":"2022-01-04T18:12:11","modified_gmt":"2022-01-04T17:12:11","slug":"palma-vucicu-zaevu-i-rami-nobelova-nagrada-za-mir-za-otvoreni-balkan","status":"publish","type":"post","link":"https:\/\/centralmedia.rs\/index.php\/2021\/08\/11\/palma-vucicu-zaevu-i-rami-nobelova-nagrada-za-mir-za-otvoreni-balkan\/","title":{"rendered":"Palma: Vu\u010di\u0107u, Zaevu i Rami Nobelova nagrada za mir za &#8220;Otvoreni Balkan&#8221;"},"content":{"rendered":"<p>Predsednik Jedinstvene Srbije Dragan Markovi\u0107 Palma rekao za TV Pink da je sporazum &#8220;Otvoreni Balkan&#8221; najva\u017eniji sporazum u poslednjih 70 godina, kao i da je to sporazum koji obezbe\u0111uje mir na Balkanu.<\/p>\n<p>\u201cPre 70 godina je prekinuto vekovno neprijateljstvo izme\u0111u Francuske i Nema\u010dke \u0160umanovom deklaracijom o zajedni\u010dkoj proizvodnji uglja i \u010delika i to je danas Evropska unija. Gde je ekonomija vezana tu nema rata. Sporazum &#8216;Otvoreni Balkan'&#8221; danas obezbe\u0111uje slobodan prolaz ljudi i roba, ali pre svega obezbe\u0111uje mir na ovim prostorima&#8221;, &#8220;, rekao je Markovi\u0107.<\/p>\n<p>Kako je Markovi\u0107 dodao, posebno mir izme\u0111u Srba i Albanaca.<\/p>\n<p>&#8220;Zato predsednik Srbije Aleksandar Vu\u010di\u0107 i premijeri Albanije i Severne Makedonije, Zoran Zaev i Edi Rama zaslu\u017euju Nobelovu nagradu za mir i u taj sporazum treba da se uklju\u010de i Sarajevo i Pri\u0161tina&#8221;, poru\u010dio je Markovi\u0107 i dodao da onaj, ko je protiv tog sporazuma, nije za mir i saradnju.<\/p>\n<p>Markovi\u0107 ka\u017ee da Kurti i Izetbegovi\u0107 jo\u0161 &#8220;\u017eive u pro\u0161lim vekovima i to ih odr\u017eava&#8221; i podse\u0107a da se rat na prostorima biv\u0161e Jugoslavije zavr\u0161io pre 30 godina i da ne treba da se zaboravi \u0161ta se de\u0161avalo, ali da mora da se vidi na koji na\u010din da se ostvari saradnja.<\/p>\n<p>&#8220;Vu\u010di\u0107 je taj koji vu\u010de ceo region napred i Srbija dr\u017ei mir i stabilnost na Balkanu&#8221;, izjavio je Markovi\u0107.<\/p>\n","protected":false},"excerpt":{"rendered":"<p>Predsednik Jedinstvene Srbije Dragan Markovi\u0107 Palma rekao za TV Pink da je sporazum &#8220;Otvoreni Balkan&#8221; najva\u017eniji sporazum u poslednjih 70 godina, kao i da je &hellip; <\/p>\n","protected":false},"author":2,"featured_media":26850,"comment_status":"open","ping_status":"open","sticky":false,"template":"","format":"standard","meta":{"footnotes":""},"categories":[1524,2,1514,5643,13,887,12],"tags":[5337,5334,5335,63,5336],"_links":{"self":[{"href":"https:\/\/centralmedia.rs\/index.php\/wp-json\/wp\/v2\/posts\/27880"}],"collection":[{"href":"https:\/\/centralmedia.rs\/index.php\/wp-json\/wp\/v2\/posts"}],"about":[{"href":"https:\/\/centralmedia.rs\/index.php\/wp-json\/wp\/v2\/types\/post"}],"author":[{"embeddable":true,"href":"https:\/\/centralmedia.rs\/index.php\/wp-json\/wp\/v2\/users\/2"}],"replies":[{"embeddable":true,"href":"https:\/\/centralmedia.rs\/index.php\/wp-json\/wp\/v2\/comments?post=27880"}],"version-history":[{"count":1,"href":"https:\/\/centralmedia.rs\/index.php\/wp-json\/wp\/v2\/posts\/27880\/revisions"}],"predecessor-version":[{"id":27881,"href":"https:\/\/centralmedia.rs\/index.php\/wp-json\/wp\/v2\/posts\/27880\/revisions\/27881"}],"wp:featuredmedia":[{"embeddable":true,"href":"https:\/\/centralmedia.rs\/index.php\/wp-json\/wp\/v2\/media\/26850"}],"wp:attachment":[{"href":"https:\/\/centralmedia.rs\/index.php\/wp-json\/wp\/v2\/media?parent=27880"}],"wp:term":[{"taxonomy":"category","embeddable":true,"href":"https:\/\/centralmedia.rs\/index.php\/wp-json\/wp\/v2\/categories?post=27880"},{"taxonomy":"post_tag","embeddable":true,"href":"https:\/\/centralmedia.rs\/index.php\/wp-json\/wp\/v2\/tags?post=27880"}],"curies":[{"name":"wp","href":"https:\/\/api.w.org\/{rel}","templated":true}]}}