{"id":2792,"date":"2016-04-18T10:34:23","date_gmt":"2016-04-18T10:34:23","guid":{"rendered":"http:\/\/centralmedia.rs\/?p=2792"},"modified":"2016-04-18T10:34:23","modified_gmt":"2016-04-18T10:34:23","slug":"napad-na-izborni-stab-sns-u-jagodini","status":"publish","type":"post","link":"https:\/\/centralmedia.rs\/index.php\/2016\/04\/18\/napad-na-izborni-stab-sns-u-jagodini\/","title":{"rendered":"NAPAD NA IZBORNI \u0160TAB SNS U JAGODINI"},"content":{"rendered":"<p>JAGODINA-U toku no\u0107u na izbornom \u0161tabu SNS u Jagodini razbijena su tri izloga. U trenutku tog incidenta nije bilo ljudi u prostrijama SNS, a pri\u010dinjena je velika materijala \u0161teta. <a href=\"https:\/\/centralmedia.rs\/wp-content\/uploads\/2016\/04\/prostorije-sns-2-jagodina-g.j..jpg\"><img loading=\"lazy\" decoding=\"async\" src=\"https:\/\/centralmedia.rs\/wp-content\/uploads\/2016\/04\/prostorije-sns-2-jagodina-g.j.-300x199.jpg\" alt=\"prostorije sns 2-jagodina-g.j.\" width=\"300\" height=\"199\" class=\"alignnone size-medium wp-image-2793\" srcset=\"https:\/\/centralmedia.rs\/wp-content\/uploads\/2016\/04\/prostorije-sns-2-jagodina-g.j.-300x199.jpg 300w, https:\/\/centralmedia.rs\/wp-content\/uploads\/2016\/04\/prostorije-sns-2-jagodina-g.j.-768x510.jpg 768w, https:\/\/centralmedia.rs\/wp-content\/uploads\/2016\/04\/prostorije-sns-2-jagodina-g.j..jpg 904w\" sizes=\"(max-width: 300px) 100vw, 300px\" \/><\/a>U SNS nisu hteli da daju izajve, dok se po ovom pitanju ne oglasi centrala stranke. <a href=\"https:\/\/centralmedia.rs\/wp-content\/uploads\/2016\/04\/prostorije-sns-5-jagodina-g.j..jpg\"><img loading=\"lazy\" decoding=\"async\" src=\"https:\/\/centralmedia.rs\/wp-content\/uploads\/2016\/04\/prostorije-sns-5-jagodina-g.j.-218x300.jpg\" alt=\"prostorije sns 5-jagodina-g.j.\" width=\"218\" height=\"300\" class=\"alignnone size-medium wp-image-2795\" srcset=\"https:\/\/centralmedia.rs\/wp-content\/uploads\/2016\/04\/prostorije-sns-5-jagodina-g.j.-218x300.jpg 218w, https:\/\/centralmedia.rs\/wp-content\/uploads\/2016\/04\/prostorije-sns-5-jagodina-g.j..jpg 675w\" sizes=\"(max-width: 218px) 100vw, 218px\" \/><\/a>Tako\u0111e nema saop\u0161tenja iz gradske Izborne komisije u Jagodini, kao ni iz PU Jagodina.<a href=\"https:\/\/centralmedia.rs\/wp-content\/uploads\/2016\/04\/prostorije-sns-3-jagodina-g.j..jpg\"><img loading=\"lazy\" decoding=\"async\" src=\"https:\/\/centralmedia.rs\/wp-content\/uploads\/2016\/04\/prostorije-sns-3-jagodina-g.j.-300x186.jpg\" alt=\"prostorije sns 3-jagodina-g.j.\" width=\"300\" height=\"186\" class=\"alignnone size-medium wp-image-2796\" srcset=\"https:\/\/centralmedia.rs\/wp-content\/uploads\/2016\/04\/prostorije-sns-3-jagodina-g.j.-300x186.jpg 300w, https:\/\/centralmedia.rs\/wp-content\/uploads\/2016\/04\/prostorije-sns-3-jagodina-g.j.-768x476.jpg 768w, https:\/\/centralmedia.rs\/wp-content\/uploads\/2016\/04\/prostorije-sns-3-jagodina-g.j.-356x220.jpg 356w, https:\/\/centralmedia.rs\/wp-content\/uploads\/2016\/04\/prostorije-sns-3-jagodina-g.j..jpg 968w\" sizes=\"(max-width: 300px) 100vw, 300px\" \/><\/a> U toku prepodneva policija je izvr\u0161ila uvi\u0111aj. Postavlja se da su napada\u010di velikim kamenicama razbili tri izloga na prostorijama SNS u Jagodini.<a href=\"https:\/\/centralmedia.rs\/wp-content\/uploads\/2016\/04\/prostorije-sns-4-jagodina-g.j..jpg\"><img loading=\"lazy\" decoding=\"async\" src=\"https:\/\/centralmedia.rs\/wp-content\/uploads\/2016\/04\/prostorije-sns-4-jagodina-g.j.-300x199.jpg\" alt=\"prostorije sns 4-jagodina-g.j.\" width=\"300\" height=\"199\" class=\"alignnone size-medium wp-image-2797\" srcset=\"https:\/\/centralmedia.rs\/wp-content\/uploads\/2016\/04\/prostorije-sns-4-jagodina-g.j.-300x199.jpg 300w, https:\/\/centralmedia.rs\/wp-content\/uploads\/2016\/04\/prostorije-sns-4-jagodina-g.j.-768x510.jpg 768w, https:\/\/centralmedia.rs\/wp-content\/uploads\/2016\/04\/prostorije-sns-4-jagodina-g.j..jpg 904w\" sizes=\"(max-width: 300px) 100vw, 300px\" \/><\/a> Predhodnog dana skinuta je i pocepana zastava SNS sa tih prostorija. <\/p>\n","protected":false},"excerpt":{"rendered":"<p>JAGODINA-U toku no\u0107u na izbornom \u0161tabu SNS u Jagodini razbijena su tri izloga. U trenutku tog incidenta nije bilo ljudi u prostrijama SNS, a pri\u010dinjena &hellip; <\/p>\n","protected":false},"author":4,"featured_media":2794,"comment_status":"open","ping_status":"open","sticky":false,"template":"","format":"standard","meta":{"footnotes":""},"categories":[20,2,12],"tags":[58,716,136],"_links":{"self":[{"href":"https:\/\/centralmedia.rs\/index.php\/wp-json\/wp\/v2\/posts\/2792"}],"collection":[{"href":"https:\/\/centralmedia.rs\/index.php\/wp-json\/wp\/v2\/posts"}],"about":[{"href":"https:\/\/centralmedia.rs\/index.php\/wp-json\/wp\/v2\/types\/post"}],"author":[{"embeddable":true,"href":"https:\/\/centralmedia.rs\/index.php\/wp-json\/wp\/v2\/users\/4"}],"replies":[{"embeddable":true,"href":"https:\/\/centralmedia.rs\/index.php\/wp-json\/wp\/v2\/comments?post=2792"}],"version-history":[{"count":0,"href":"https:\/\/centralmedia.rs\/index.php\/wp-json\/wp\/v2\/posts\/2792\/revisions"}],"wp:featuredmedia":[{"embeddable":true,"href":"https:\/\/centralmedia.rs\/index.php\/wp-json\/wp\/v2\/media\/2794"}],"wp:attachment":[{"href":"https:\/\/centralmedia.rs\/index.php\/wp-json\/wp\/v2\/media?parent=2792"}],"wp:term":[{"taxonomy":"category","embeddable":true,"href":"https:\/\/centralmedia.rs\/index.php\/wp-json\/wp\/v2\/categories?post=2792"},{"taxonomy":"post_tag","embeddable":true,"href":"https:\/\/centralmedia.rs\/index.php\/wp-json\/wp\/v2\/tags?post=2792"}],"curies":[{"name":"wp","href":"https:\/\/api.w.org\/{rel}","templated":true}]}}