{"id":27934,"date":"2021-08-14T22:03:54","date_gmt":"2021-08-14T20:03:54","guid":{"rendered":"http:\/\/centralmedia.rs\/?p=27934"},"modified":"2021-08-19T08:55:06","modified_gmt":"2021-08-19T06:55:06","slug":"kristina-vasic-odusevila-publiku-na-festivalu-u-nisu-devetogodisnjakinja-na-saksofonu-urucila-nagradu-car-konstantin","status":"publish","type":"post","link":"https:\/\/centralmedia.rs\/index.php\/2021\/08\/14\/kristina-vasic-odusevila-publiku-na-festivalu-u-nisu-devetogodisnjakinja-na-saksofonu-urucila-nagradu-car-konstantin\/","title":{"rendered":"KRISTINA VASI\u0106 ODU\u0160EVILA PUBLIKU NA FESTIVALU U NI\u0160U: Devetogodi\u0161njakinja na saksofonu uru\u010dila nagradu ,,Car Konstantin\u201d"},"content":{"rendered":"<p>PARA\u0106IN-Devetogodi\u0161nja Kristina Vasi\u0107 iz Para\u0107ina uru\u010dila je najvi\u0161u nagradu\u00a0D\u017eez festivala &#8220;Ni\u0161vil&#8221; u Ni\u0161u, &#8220;Car Konstantin&#8221; belgijskoj legendi i gitaristi Filipu Katrinu koji je smogao snage u 79 godini da pre\u0111e par hiljada kilometara od mlade saksofonistkinje primio priznanje.<\/p>\n<p>Usledio je ogroman aplauz publike, pogotovu kada je ova devo\u010dica po notama, uz pratnju majke na klaviru, odsvirala jednu melodiju, a nakon \u0161to se Katrin zahvalio publici.<\/p>\n<p>&#8211; Kristina je sa osam godina odu\u0161evila jednog operskog peva\u010da Plasida Dominga i na\u0161eg violinistu Nemanju Radulovi\u0107a koji su bili najzvu\u010dnija imena na takmi\u010denju Vi\u0161ehradske grupe V4 koja obuhvata \u010detiri zemlje Evrope, \u010ce\u0161ku, Poljsku, Ma\u0111arsku i Slova\u010dku. U nekoj od njih se svake godine odr\u017eava takmi\u010denje mnogo starijih kategorija muzi\u010dara, a ona je uz glasove ove dvojice velikana postala najmla\u0111i super finalista tamo\u0161njeg nadmetanja. Nesumnjivo da je ispred nje lepa muzi\u010dka karijera &#8211; rekao je voditelj programa na glavnoj bini Velja Petkovi\u0107.<\/p>\n<p>On je kasnije ispri\u010dao da je mladoj muzi\u010darki neka vrsta uzora Kendi Dalfer, svetski poznata saksofonistkinja, a ovaj instrument je zavolela kao mala kada je mama odvela u muzi\u010dku \u0161kolu na posao gde predaje.<\/p>\n","protected":false},"excerpt":{"rendered":"<p>PARA\u0106IN-Devetogodi\u0161nja Kristina Vasi\u0107 iz Para\u0107ina uru\u010dila je najvi\u0161u nagradu\u00a0D\u017eez festivala &#8220;Ni\u0161vil&#8221; u Ni\u0161u, &#8220;Car Konstantin&#8221; belgijskoj legendi i gitaristi Filipu Katrinu koji je smogao snage &hellip; <\/p>\n","protected":false},"author":2,"featured_media":27935,"comment_status":"open","ping_status":"open","sticky":false,"template":"","format":"standard","meta":{"footnotes":""},"categories":[1524,2,23,1516,3055],"tags":[5357,4976,5356],"_links":{"self":[{"href":"https:\/\/centralmedia.rs\/index.php\/wp-json\/wp\/v2\/posts\/27934"}],"collection":[{"href":"https:\/\/centralmedia.rs\/index.php\/wp-json\/wp\/v2\/posts"}],"about":[{"href":"https:\/\/centralmedia.rs\/index.php\/wp-json\/wp\/v2\/types\/post"}],"author":[{"embeddable":true,"href":"https:\/\/centralmedia.rs\/index.php\/wp-json\/wp\/v2\/users\/2"}],"replies":[{"embeddable":true,"href":"https:\/\/centralmedia.rs\/index.php\/wp-json\/wp\/v2\/comments?post=27934"}],"version-history":[{"count":1,"href":"https:\/\/centralmedia.rs\/index.php\/wp-json\/wp\/v2\/posts\/27934\/revisions"}],"predecessor-version":[{"id":27936,"href":"https:\/\/centralmedia.rs\/index.php\/wp-json\/wp\/v2\/posts\/27934\/revisions\/27936"}],"wp:featuredmedia":[{"embeddable":true,"href":"https:\/\/centralmedia.rs\/index.php\/wp-json\/wp\/v2\/media\/27935"}],"wp:attachment":[{"href":"https:\/\/centralmedia.rs\/index.php\/wp-json\/wp\/v2\/media?parent=27934"}],"wp:term":[{"taxonomy":"category","embeddable":true,"href":"https:\/\/centralmedia.rs\/index.php\/wp-json\/wp\/v2\/categories?post=27934"},{"taxonomy":"post_tag","embeddable":true,"href":"https:\/\/centralmedia.rs\/index.php\/wp-json\/wp\/v2\/tags?post=27934"}],"curies":[{"name":"wp","href":"https:\/\/api.w.org\/{rel}","templated":true}]}}