{"id":27956,"date":"2021-08-17T15:36:30","date_gmt":"2021-08-17T13:36:30","guid":{"rendered":"http:\/\/centralmedia.rs\/?p=27956"},"modified":"2021-08-22T18:16:50","modified_gmt":"2021-08-22T16:16:50","slug":"opstina-svilajnac-nabavila-skolske-ranceve-za-dake-prvake","status":"publish","type":"post","link":"https:\/\/centralmedia.rs\/index.php\/2021\/08\/17\/opstina-svilajnac-nabavila-skolske-ranceve-za-dake-prvake\/","title":{"rendered":"OP\u0160TINA SVILAJNAC NABAVILA \u0160KOLSKE RAN\u010cEVE ZA \u0110AKE PRVAKE"},"content":{"rendered":"<p>SVILAJNAC- Ove godine op\u0161tina Svilajnac svakom \u0111aku prvaku iz svih osnovnih \u0161kola sa teritorije op\u0161tine Svilajnac uru\u010di\u0107e na poklon \u0161kolski ranac.<\/p>\n<div id='gallery-1' class='gallery galleryid-27956 gallery-columns-3 gallery-size-full'><figure class='gallery-item'>\n\t\t\t<div class='gallery-icon landscape'>\n\t\t\t\t<a href='https:\/\/centralmedia.rs\/index.php\/2021\/08\/17\/opstina-svilajnac-nabavila-skolske-ranceve-za-dake-prvake\/torbe2\/'><img loading=\"lazy\" decoding=\"async\" width=\"2048\" height=\"1365\" src=\"https:\/\/centralmedia.rs\/wp-content\/uploads\/2021\/08\/torbe2.jpg\" class=\"attachment-full size-full\" alt=\"\" srcset=\"https:\/\/centralmedia.rs\/wp-content\/uploads\/2021\/08\/torbe2.jpg 2048w, https:\/\/centralmedia.rs\/wp-content\/uploads\/2021\/08\/torbe2-300x200.jpg 300w, https:\/\/centralmedia.rs\/wp-content\/uploads\/2021\/08\/torbe2-768x512.jpg 768w, https:\/\/centralmedia.rs\/wp-content\/uploads\/2021\/08\/torbe2-1024x683.jpg 1024w, https:\/\/centralmedia.rs\/wp-content\/uploads\/2021\/08\/torbe2-630x420.jpg 630w, https:\/\/centralmedia.rs\/wp-content\/uploads\/2021\/08\/torbe2-640x427.jpg 640w, https:\/\/centralmedia.rs\/wp-content\/uploads\/2021\/08\/torbe2-681x454.jpg 681w\" sizes=\"(max-width: 2048px) 100vw, 2048px\" \/><\/a>\n\t\t\t<\/div><\/figure><figure class='gallery-item'>\n\t\t\t<div class='gallery-icon landscape'>\n\t\t\t\t<a href='https:\/\/centralmedia.rs\/index.php\/2021\/08\/17\/opstina-svilajnac-nabavila-skolske-ranceve-za-dake-prvake\/torbe3\/'><img loading=\"lazy\" decoding=\"async\" width=\"2048\" height=\"1365\" src=\"https:\/\/centralmedia.rs\/wp-content\/uploads\/2021\/08\/torbe3.jpg\" class=\"attachment-full size-full\" alt=\"\" srcset=\"https:\/\/centralmedia.rs\/wp-content\/uploads\/2021\/08\/torbe3.jpg 2048w, https:\/\/centralmedia.rs\/wp-content\/uploads\/2021\/08\/torbe3-300x200.jpg 300w, https:\/\/centralmedia.rs\/wp-content\/uploads\/2021\/08\/torbe3-768x512.jpg 768w, https:\/\/centralmedia.rs\/wp-content\/uploads\/2021\/08\/torbe3-1024x683.jpg 1024w, https:\/\/centralmedia.rs\/wp-content\/uploads\/2021\/08\/torbe3-630x420.jpg 630w, https:\/\/centralmedia.rs\/wp-content\/uploads\/2021\/08\/torbe3-640x427.jpg 640w, https:\/\/centralmedia.rs\/wp-content\/uploads\/2021\/08\/torbe3-681x454.jpg 681w\" sizes=\"(max-width: 2048px) 100vw, 2048px\" \/><\/a>\n\t\t\t<\/div><\/figure><figure class='gallery-item'>\n\t\t\t<div class='gallery-icon landscape'>\n\t\t\t\t<a href='https:\/\/centralmedia.rs\/index.php\/2021\/08\/17\/opstina-svilajnac-nabavila-skolske-ranceve-za-dake-prvake\/torbe4\/'><img loading=\"lazy\" decoding=\"async\" width=\"2048\" height=\"1365\" src=\"https:\/\/centralmedia.rs\/wp-content\/uploads\/2021\/08\/torbe4.jpg\" class=\"attachment-full size-full\" alt=\"\" srcset=\"https:\/\/centralmedia.rs\/wp-content\/uploads\/2021\/08\/torbe4.jpg 2048w, https:\/\/centralmedia.rs\/wp-content\/uploads\/2021\/08\/torbe4-300x200.jpg 300w, https:\/\/centralmedia.rs\/wp-content\/uploads\/2021\/08\/torbe4-768x512.jpg 768w, https:\/\/centralmedia.rs\/wp-content\/uploads\/2021\/08\/torbe4-1024x683.jpg 1024w, https:\/\/centralmedia.rs\/wp-content\/uploads\/2021\/08\/torbe4-630x420.jpg 630w, https:\/\/centralmedia.rs\/wp-content\/uploads\/2021\/08\/torbe4-640x427.jpg 640w, https:\/\/centralmedia.rs\/wp-content\/uploads\/2021\/08\/torbe4-681x454.jpg 681w\" sizes=\"(max-width: 2048px) 100vw, 2048px\" \/><\/a>\n\t\t\t<\/div><\/figure>\n\t\t<\/div>\n\n<p>Ran\u010devi su anatomski i imaju i reflektuju\u0107e trake sa svih strana, koje su posebno bitne pri prelasku ulice i u no\u0107nim uslovima slabe vidljivosti, \u0161to znatno pove\u0107ava bezbednost dece u saobra\u0107aju.<\/p>\n<p>Na ovaj na\u010din op\u0161tina Svilajnac \u017eeli da svim prvacima po\u017eeli sre\u0107an polazak u \u0161kolu, a roditeljima malo olak\u0161a pripremu za to. Ran\u010devi \u0107e prvacima biti podeljeni 1. septembra.<\/p>\n","protected":false},"excerpt":{"rendered":"<p>SVILAJNAC- Ove godine op\u0161tina Svilajnac svakom \u0111aku prvaku iz svih osnovnih \u0161kola sa teritorije op\u0161tine Svilajnac uru\u010di\u0107e na poklon \u0161kolski ranac. Ran\u010devi su anatomski i &hellip; <\/p>\n","protected":false},"author":2,"featured_media":27957,"comment_status":"open","ping_status":"open","sticky":false,"template":"","format":"standard","meta":{"footnotes":""},"categories":[14,1524,2,887,12,1517],"tags":[4000,5360,5359],"_links":{"self":[{"href":"https:\/\/centralmedia.rs\/index.php\/wp-json\/wp\/v2\/posts\/27956"}],"collection":[{"href":"https:\/\/centralmedia.rs\/index.php\/wp-json\/wp\/v2\/posts"}],"about":[{"href":"https:\/\/centralmedia.rs\/index.php\/wp-json\/wp\/v2\/types\/post"}],"author":[{"embeddable":true,"href":"https:\/\/centralmedia.rs\/index.php\/wp-json\/wp\/v2\/users\/2"}],"replies":[{"embeddable":true,"href":"https:\/\/centralmedia.rs\/index.php\/wp-json\/wp\/v2\/comments?post=27956"}],"version-history":[{"count":2,"href":"https:\/\/centralmedia.rs\/index.php\/wp-json\/wp\/v2\/posts\/27956\/revisions"}],"predecessor-version":[{"id":27962,"href":"https:\/\/centralmedia.rs\/index.php\/wp-json\/wp\/v2\/posts\/27956\/revisions\/27962"}],"wp:featuredmedia":[{"embeddable":true,"href":"https:\/\/centralmedia.rs\/index.php\/wp-json\/wp\/v2\/media\/27957"}],"wp:attachment":[{"href":"https:\/\/centralmedia.rs\/index.php\/wp-json\/wp\/v2\/media?parent=27956"}],"wp:term":[{"taxonomy":"category","embeddable":true,"href":"https:\/\/centralmedia.rs\/index.php\/wp-json\/wp\/v2\/categories?post=27956"},{"taxonomy":"post_tag","embeddable":true,"href":"https:\/\/centralmedia.rs\/index.php\/wp-json\/wp\/v2\/tags?post=27956"}],"curies":[{"name":"wp","href":"https:\/\/api.w.org\/{rel}","templated":true}]}}