{"id":27969,"date":"2021-08-19T17:15:35","date_gmt":"2021-08-19T15:15:35","guid":{"rendered":"http:\/\/centralmedia.rs\/?p=27969"},"modified":"2021-08-27T18:02:52","modified_gmt":"2021-08-27T16:02:52","slug":"7-viteski-festival-just-out","status":"publish","type":"post","link":"https:\/\/centralmedia.rs\/index.php\/2021\/08\/19\/7-viteski-festival-just-out\/","title":{"rendered":"7. VITE\u0160KI FESTIVAL JUST OUT"},"content":{"rendered":"<p>DESPOTOVAC- 7. Me\u0111unarodni vite\u0161ki festival Just out bi\u0107e odr\u017ean od 27. do 29. avgusta\u00a0 pored manastira Manasija, zadu\u017ebini Despota Stefana Lazarevi\u0107a. Posle pro\u0161logodi\u0161njeg online festival, ove godine publika \u0107e imati priliku da u\u017eiva u vite\u0161kom selu i borbama vitezova, ali muzi\u010dko- scenskim sadr\u017eajima. Oko 250 u\u010desnika iz desetak zemalja uveli\u010da\u0107e ovogodi\u0161nji festival. Ovaj festival je najve\u0107i u Evropi\u00a0po broju u\u010desnika i posetilaca.<\/p>\n<p>Sve\u010dano otvaranje je 27. avgusta na sceni u podno\u017eju manastira Manasija pored reke Resave, u\u010destova\u0107e Gradski hor CK Sveti Stefan despot srpski, vokalna solistkinja Milica Doskovi\u0107, zatim defile \u00a0u\u010desnika, duelne borbe, pa vatreni \u0161ou ,,PALA\u010cI&#8221; i Projekcija filma &#8220;Nau\u010diti mrak da sija&#8221;. Drugog dana su \u00a0&#8220;Tapfight&#8221; rekonstrukcija borbi, Duelne kvalifikacije, &#8220;BOHURT&#8221; turnir, te predavanje iz srpske istorije -Marko Aleksi\u0107, predstavljanje Muzeja Republike Srbije, predavanje i film o 700 godina starom ma\u010du prona\u0111enom u Vrbasu, a u ve\u010dernjem programu nastupi\u0107e KUD SK Sveti Stefan despot srpski i Milica Doskovi\u0107 vokalna solistkinja, te duelne borbe i vatreni \u0161ou &#8220;PALA\u010cI&#8221;. Poslednjeg dana vite\u0161kog festivala u srednjevekovnom selu bi\u0107e otvorene radionice, streli\u010darstvo, jahanje konja, zatim \u00a0finalne duelne borbe, predavanje o ma\u010du iz Vrbasa i Srpske istorije sa bine i prikaz osloba\u0111anja princeze i osvajanje.<\/p>\n<p><img loading=\"lazy\" decoding=\"async\" class=\"alignnone wp-image-27970 size-large\" src=\"http:\/\/centralmedia.rs\/wp-content\/uploads\/2021\/08\/just-out-1024x483.jpg\" alt=\"\" width=\"640\" height=\"302\" srcset=\"https:\/\/centralmedia.rs\/wp-content\/uploads\/2021\/08\/just-out-1024x483.jpg 1024w, https:\/\/centralmedia.rs\/wp-content\/uploads\/2021\/08\/just-out-300x142.jpg 300w, https:\/\/centralmedia.rs\/wp-content\/uploads\/2021\/08\/just-out-768x362.jpg 768w, https:\/\/centralmedia.rs\/wp-content\/uploads\/2021\/08\/just-out-890x420.jpg 890w, https:\/\/centralmedia.rs\/wp-content\/uploads\/2021\/08\/just-out-640x302.jpg 640w, https:\/\/centralmedia.rs\/wp-content\/uploads\/2021\/08\/just-out-681x321.jpg 681w, https:\/\/centralmedia.rs\/wp-content\/uploads\/2021\/08\/just-out.jpg 1600w\" sizes=\"(max-width: 640px) 100vw, 640px\" \/><\/p>\n<p>&nbsp;<\/p>\n<p>Program 7. JUST OUT<\/p>\n<p>Manastir Manasija 27 &#8211; 29. avgust 2021.<\/p>\n<ol start=\"27\">\n<li>avgust 2021.<\/li>\n<\/ol>\n<p>20:00 &#8211; Sve\u010dano otvaranje<\/p>\n<p>Gradski hor CK Sveti Stefan despot srpski<\/p>\n<p>Milica Doskovi\u0107, vokalna solistkinja<\/p>\n<p>Defile u\u010desnika<\/p>\n<p>Duelne borbe<\/p>\n<p>Vatreni \u0161ou &#8220;PALA\u010cI&#8221;<\/p>\n<p>Projekcija filma &#8220;Nau\u010diti mrak da sija&#8221;<\/p>\n<ol start=\"28\">\n<li>avgust 2021.<\/li>\n<\/ol>\n<p>10:00 &#8211; Otvoreno srednjevekovno selo<\/p>\n<p>11:00 &#8211; &#8220;Tapfight&#8221;, rekonstrukcija borbi<\/p>\n<p>15:00 &#8211; Duelne kvalifikacije<\/p>\n<p>17:00 &#8211; &#8220;BOHURT&#8221; turnir<\/p>\n<p>18:00 &#8211; Predavanje iz srpske istorije, Marko Aleksi\u0107<\/p>\n<p>Predstavljanje Muzeja Republike Srbije<\/p>\n<p>Predavanje i film o 700 godina starom ma\u010du prona\u0111enom u Vrbasu<\/p>\n<p>&nbsp;<\/p>\n<p>19:00 &#8211; Ve\u010dernji program<\/p>\n<p>KUD SK Sveti Stefan despot srpski<\/p>\n<p>Milica Doskovi\u0107, vokalna solistkinja<\/p>\n<p>Duelne borbe<\/p>\n<p>Vatreni \u0161ou &#8220;PALA\u010cI&#8221;<\/p>\n<ol start=\"29\">\n<li>avgust 2021.<\/li>\n<\/ol>\n<p>10:00 &#8211; Otvoreno srednjevekovno selo (srednjevekovne radionice, streli\u010darstvo, jahanje konja i dr.)<\/p>\n<p>11:00 &#8211; Duelne borbe, finale u selu<\/p>\n<p>11:00 &#8211; Predavanje o ma\u010du iz Vrbasa i Srpske istorije sa bine<\/p>\n<p>12:00 &#8211; Osloba\u0111anje princeze i osvajanje tvr\u0111ave, prikaz<\/p>\n<p>17:00 &#8211; Zatvaranje sela i kraj festivala<\/p>\n<p><img loading=\"lazy\" decoding=\"async\" class=\"alignnone wp-image-27971 size-full\" src=\"http:\/\/centralmedia.rs\/wp-content\/uploads\/2021\/08\/dani-preobrazenja.jpg\" alt=\"\" width=\"686\" height=\"960\" srcset=\"https:\/\/centralmedia.rs\/wp-content\/uploads\/2021\/08\/dani-preobrazenja.jpg 686w, https:\/\/centralmedia.rs\/wp-content\/uploads\/2021\/08\/dani-preobrazenja-214x300.jpg 214w, https:\/\/centralmedia.rs\/wp-content\/uploads\/2021\/08\/dani-preobrazenja-300x420.jpg 300w, https:\/\/centralmedia.rs\/wp-content\/uploads\/2021\/08\/dani-preobrazenja-640x896.jpg 640w, https:\/\/centralmedia.rs\/wp-content\/uploads\/2021\/08\/dani-preobrazenja-681x953.jpg 681w\" sizes=\"(max-width: 686px) 100vw, 686px\" \/><\/p>\n<ol start=\"29\">\n<li>Dani srpskoga duhovog preobra\u017eenja u Despotovcu bi\u0107e odr\u017eani od 19. do 28. Avgusta uz prili\u010dno skroman program od dosada\u0161njeg.<\/li>\n<\/ol>\n<p>U 18 sati u Narodnoj biblioteci \u201eResavska \u0161kola\u201c u Despotovcu bi\u0107e predstavljen zbornik sa nau\u010dnog skupa \u201eSrednji vek u srpskoj nauci, istoriji, knji\u017eevnosti i umetnosti\u201c, koji \u0107e biti organizovan onlajn i sa grupom hrabrijih nau\u010dnih radnika koji \u0107e prisustvovati skupu. Manifestaciju \u0107e zvani\u010dno u 20 sati na Trgu Despota Stefana Lazarevi\u0107a otvoriti hor \u201eSvetog \u0110or\u0111a\u201c iz Beograda. Drugog dana manifestacije u 9 sati u Narodnoj biblioteci \u201eResavska \u0161kola\u201c bi\u0107e nastavljen nau\u010dni skup, u 19 sati u Galeriji Centra za kulturu \u201eSvet Stefan, despot srpski\u201c bi\u0107e otvorena izlo\u017eba Jo\u0161kina \u0160iljana, a sat vremena kasnije u istom prostoru nastupi\u0107e mladi muzi\u010dki talenti Despotovca.<\/p>\n","protected":false},"excerpt":{"rendered":"<p>DESPOTOVAC- 7. Me\u0111unarodni vite\u0161ki festival Just out bi\u0107e odr\u017ean od 27. do 29. avgusta\u00a0 pored manastira Manasija, zadu\u017ebini Despota Stefana Lazarevi\u0107a. Posle pro\u0161logodi\u0161njeg online festival, &hellip; <\/p>\n","protected":false},"author":2,"featured_media":27970,"comment_status":"open","ping_status":"open","sticky":false,"template":"","format":"standard","meta":{"footnotes":""},"categories":[1518,1524,2,23,3055],"tags":[51,922,54,1168],"_links":{"self":[{"href":"https:\/\/centralmedia.rs\/index.php\/wp-json\/wp\/v2\/posts\/27969"}],"collection":[{"href":"https:\/\/centralmedia.rs\/index.php\/wp-json\/wp\/v2\/posts"}],"about":[{"href":"https:\/\/centralmedia.rs\/index.php\/wp-json\/wp\/v2\/types\/post"}],"author":[{"embeddable":true,"href":"https:\/\/centralmedia.rs\/index.php\/wp-json\/wp\/v2\/users\/2"}],"replies":[{"embeddable":true,"href":"https:\/\/centralmedia.rs\/index.php\/wp-json\/wp\/v2\/comments?post=27969"}],"version-history":[{"count":3,"href":"https:\/\/centralmedia.rs\/index.php\/wp-json\/wp\/v2\/posts\/27969\/revisions"}],"predecessor-version":[{"id":27974,"href":"https:\/\/centralmedia.rs\/index.php\/wp-json\/wp\/v2\/posts\/27969\/revisions\/27974"}],"wp:featuredmedia":[{"embeddable":true,"href":"https:\/\/centralmedia.rs\/index.php\/wp-json\/wp\/v2\/media\/27970"}],"wp:attachment":[{"href":"https:\/\/centralmedia.rs\/index.php\/wp-json\/wp\/v2\/media?parent=27969"}],"wp:term":[{"taxonomy":"category","embeddable":true,"href":"https:\/\/centralmedia.rs\/index.php\/wp-json\/wp\/v2\/categories?post=27969"},{"taxonomy":"post_tag","embeddable":true,"href":"https:\/\/centralmedia.rs\/index.php\/wp-json\/wp\/v2\/tags?post=27969"}],"curies":[{"name":"wp","href":"https:\/\/api.w.org\/{rel}","templated":true}]}}