{"id":27980,"date":"2021-08-20T16:23:36","date_gmt":"2021-08-20T14:23:36","guid":{"rendered":"http:\/\/centralmedia.rs\/?p=27980"},"modified":"2022-01-04T18:10:59","modified_gmt":"2022-01-04T17:10:59","slug":"palma-ove-godine-rekordna-posecenost-turistickih-destinacija-u-jagodini-u-istoriji-foto","status":"publish","type":"post","link":"https:\/\/centralmedia.rs\/index.php\/2021\/08\/20\/palma-ove-godine-rekordna-posecenost-turistickih-destinacija-u-jagodini-u-istoriji-foto\/","title":{"rendered":"PALMA : OVE GODINE REKORDNA POSE\u0106ENOST TURISTI\u010cKIH DESTINACIJA U JAGODINI U ISTORIJI (FOTO)"},"content":{"rendered":"<p>JAGODINA-U Jagodini je danas odr\u017eana tradicionalna manifestacija ,,Otvoreni dan\u201d, odnosno slobodan ulaz u turisti\u010dke atrakcije jagodinskog Turisti\u010dkog centra, a re\u010d je o \u00a0Akva parku, Zoolo\u0161kom vrtu i Muzeju vo\u0161tanih figura. Predsednik Jedinstvene Srbije i Skup\u0161tine grada Jagodine Dragan Markovi\u0107 Palma u obra\u0107anju medijima u Akva parku rekao je da je ova sezona, koja jo\u0161 traje, rekordna po pose\u0107enosti. Poznato je da je tokom predhodnih sezona Jagodinu posetilo vi\u0161e stotina hiljada turista.<\/p>\n<p>-Od osnivanja turisti\u010dkog kompleksa u Jagodini, u \u010dijem sastavu su Akva park, Zoolo\u0161ki vrt, Muzej vo\u0161tanih figura i \u0161etali\u0161te Potok sa najve\u0107im ve\u0161ta\u010dkim vodopadom u ovom delu Evrope, ova godina je sa najve\u0107im brojem turista iz zemlje i inostranstva. I ono \u0161to je najva\u017enije nema nijedne slobodne sobe ni u apratmanskom ni u hotelskom sme\u0161taju. Veliki broj gra\u0111ana Jagodine izdaje sobe za turiste i od juna meseca kada je krenula letnja sezona, kapaciteti su popunjeni sa gotovo 100 posto. Nama su se najavili neki gosti da budu u Jagodini \u010detiri dana i tra\u017eili su 20 soba, me\u0111utim nismo mogli da na\u0111emo nijednu slobodnu. Sve je prepuno i izdato. Preko 150 mladih ljudi radi u Zoo vrtu, Akva parku i Muzeju vo\u0161tanih figura, a Vivo \u0161oping park gde ukupno radi oko 350 ljudi nikada bolje nije radio nego ove godine. Iz preko 30 dr\u017eava je ove godine bilo turista u Jagodini. Turizam je jedna velika industrijska grana i to je pokazala cela Srbija ove godine, i Beograd i Jagodina i banje i planine. Mi mo\u017eemo da se takmi\u010dimo sa najja\u010dim evropskim dr\u017eavama gde su bile rigorozne epidemiolo\u0161ke mere i gde su sve kontrolisali od vakcinacije do PCR i antigenih testova. Srbija je bila i ostala otvorena i zato u Srbiji dobro rade i fabrike i banje i planine i svaki turista koji do\u0111e u Srbiju ka\u017ee da je Srbija promenila vizuelni izgled poslednjih godina zahvaljuju\u0107i predsedniku Aleksandru Vu\u010di\u0107u i Vladi Srbije. Srbija je dr\u017eava gde se vodi ra\u010duna o svakom \u010doveku i gde se fabrike otvaraju i u vreme korone, izjavio je Markovi\u0107.<\/p>\n<div id='gallery-1' class='gallery galleryid-27980 gallery-columns-7 gallery-size-thumbnail'><figure class='gallery-item'>\n\t\t\t<div class='gallery-icon landscape'>\n\t\t\t\t<a href='https:\/\/centralmedia.rs\/index.php\/2021\/08\/20\/palma-ove-godine-rekordna-posecenost-turistickih-destinacija-u-jagodini-u-istoriji-foto\/akva-park-4\/'><img loading=\"lazy\" decoding=\"async\" width=\"150\" height=\"150\" src=\"https:\/\/centralmedia.rs\/wp-content\/uploads\/2021\/08\/akva-park-150x150.jpg\" class=\"attachment-thumbnail size-thumbnail\" alt=\"\" \/><\/a>\n\t\t\t<\/div><\/figure><figure class='gallery-item'>\n\t\t\t<div class='gallery-icon landscape'>\n\t\t\t\t<a href='https:\/\/centralmedia.rs\/index.php\/2021\/08\/20\/palma-ove-godine-rekordna-posecenost-turistickih-destinacija-u-jagodini-u-istoriji-foto\/akva-park1\/'><img loading=\"lazy\" decoding=\"async\" width=\"150\" height=\"150\" src=\"https:\/\/centralmedia.rs\/wp-content\/uploads\/2021\/08\/akva-park1-150x150.jpg\" class=\"attachment-thumbnail size-thumbnail\" alt=\"\" \/><\/a>\n\t\t\t<\/div><\/figure><figure class='gallery-item'>\n\t\t\t<div class='gallery-icon landscape'>\n\t\t\t\t<a href='https:\/\/centralmedia.rs\/index.php\/2021\/08\/20\/palma-ove-godine-rekordna-posecenost-turistickih-destinacija-u-jagodini-u-istoriji-foto\/akva-park3\/'><img loading=\"lazy\" decoding=\"async\" width=\"150\" height=\"150\" src=\"https:\/\/centralmedia.rs\/wp-content\/uploads\/2021\/08\/akva-park3-150x150.jpg\" class=\"attachment-thumbnail size-thumbnail\" alt=\"\" \/><\/a>\n\t\t\t<\/div><\/figure><figure class='gallery-item'>\n\t\t\t<div class='gallery-icon landscape'>\n\t\t\t\t<a href='https:\/\/centralmedia.rs\/index.php\/2021\/08\/20\/palma-ove-godine-rekordna-posecenost-turistickih-destinacija-u-jagodini-u-istoriji-foto\/akva-park4\/'><img loading=\"lazy\" decoding=\"async\" width=\"150\" height=\"150\" src=\"https:\/\/centralmedia.rs\/wp-content\/uploads\/2021\/08\/akva-park4-150x150.jpg\" class=\"attachment-thumbnail size-thumbnail\" alt=\"\" \/><\/a>\n\t\t\t<\/div><\/figure><figure class='gallery-item'>\n\t\t\t<div class='gallery-icon landscape'>\n\t\t\t\t<a href='https:\/\/centralmedia.rs\/index.php\/2021\/08\/20\/palma-ove-godine-rekordna-posecenost-turistickih-destinacija-u-jagodini-u-istoriji-foto\/akva-park5\/'><img loading=\"lazy\" decoding=\"async\" width=\"150\" height=\"150\" src=\"https:\/\/centralmedia.rs\/wp-content\/uploads\/2021\/08\/akva-park5-150x150.jpg\" class=\"attachment-thumbnail size-thumbnail\" alt=\"\" \/><\/a>\n\t\t\t<\/div><\/figure><figure class='gallery-item'>\n\t\t\t<div class='gallery-icon landscape'>\n\t\t\t\t<a href='https:\/\/centralmedia.rs\/index.php\/2021\/08\/20\/palma-ove-godine-rekordna-posecenost-turistickih-destinacija-u-jagodini-u-istoriji-foto\/muzej-8\/'><img loading=\"lazy\" decoding=\"async\" width=\"150\" height=\"150\" src=\"https:\/\/centralmedia.rs\/wp-content\/uploads\/2021\/08\/muzej-150x150.jpg\" class=\"attachment-thumbnail size-thumbnail\" alt=\"\" \/><\/a>\n\t\t\t<\/div><\/figure><figure class='gallery-item'>\n\t\t\t<div class='gallery-icon landscape'>\n\t\t\t\t<a href='https:\/\/centralmedia.rs\/index.php\/2021\/08\/20\/palma-ove-godine-rekordna-posecenost-turistickih-destinacija-u-jagodini-u-istoriji-foto\/zoovrt\/'><img loading=\"lazy\" decoding=\"async\" width=\"150\" height=\"150\" src=\"https:\/\/centralmedia.rs\/wp-content\/uploads\/2021\/08\/zoovrt-150x150.jpg\" class=\"attachment-thumbnail size-thumbnail\" alt=\"\" \/><\/a>\n\t\t\t<\/div><\/figure>\n\t\t<\/div>\n\n<p>Vakcinacija protiv korona virusa je prioritet svih prioriteta<\/p>\n<p>-Svaka porodica mora da vodi ra\u010duna da se vakcini\u0161e i kada se vakcini\u0161ete, vakcini\u0161ite se zbog sebe, zbog svoje dece, zbog unuka. I kada se vakcini\u0161e\u0161 onda pokazuje\u0161 kako voli\u0161 i druge oko sebe. Posebno treba da se vakcini\u0161u svi koji dolaze u kontakt sa ljudima, kao \u0161to su zdravstveni i prosvetni radnici. Mi ne vr\u0161imo pritisak, ali taj koji je antivakser, neka bude u tome autonoman i neka bude antivakser za sebe, a da ne \u0161alje poruke drugima da se ne vakcini\u0161u. Ja znam 5, 6 ljudi koji su vakcinisani, a dobili su korona virus, ali su oni pro\u0161li bez posledica. I vakcinacija je prioritet svih prioriteta. Mi nemamo pravo da ka\u017eemo kako je, u odnosu na druge dr\u017eave, u Srbiji mali broj ljudi preminuo od kovida 19, jer za svaku porodicu, koja je izgubila nekog svog u ovoj po\u0161asti je mnogo te\u0161ko i za mene je svaki \u017eivot veoma va\u017ean i to treba da nam bude slika i ogledalo u narednom vremenskom periodu da se svi vakcini\u0161u. To je jedina za\u0161tita i jedini imunitet da smanjimo broj zara\u017eenih i broj hospitalizovanih od korone i da nam rade fabrike, da se primaju plate, da deca idu u \u0161kole, a ne onlajn nastavu, kazao je Markovi\u0107.<\/p>\n<p>Gde nema sva\u0111a tu ima napretka<\/p>\n<p>-Srbija je jedna od najsigurnijih dr\u017eava u Evropi. Srbija se bori za mir. To pokazuje i sporazum \u201cOtvoreni Balkan\u201d, koji je inicirao predsednik Vu\u010di\u0107 . Rama je zahvaljuju\u0107i tom sporazumu zaboravio na Veliku Albaniju i na ratnohu\u0161ka\u010dke poruke, kao \u0161to je bilo ranijih godina. \u201cOtvoreni Balkan \u201c zna\u010di slobodan protok ljudi i roba i to nije pandam Evropskoj uniji, ali i to nekome smeta, me\u0111utim ti kojima smeta \u201cOtvoreni Balkan\u201d smeta im bilo \u0161ta \u0161to Srbija uradi. Srbija \u0107e raditi kao i do sada, da budemo na zdravim ekonomskim nogama i da ne zavisimo od drugih dr\u017eava. Kada ekonomski ne zavisite od drugih, onda mo\u017eete samostalno da donesete odluke u interesu svojih gra\u0111ana, kao \u0161to je to slu\u010daj poslednjih 10 godina. Ja \u017eelim da se zahvalim koalicionim partnerima Jedinstvene Srbije u Jagodini SPS \u2013 u i Srpskoj naprednoj stranci. Sve odluke donosimo jednoglasno u interesu grada i gra\u0111ana i zajedno radimo. Tako se pona\u0161amo i u parlamentu i tamo gde postoji jedinstvo, kao \u0161to u porodici gde nema porodi\u010dnih sva\u0111a, ta porodica ima napredak. A gde su politi\u010dke sva\u0111e, ja ih upore\u0111ujem sa porodi\u010dnim sva\u0111ama i onda se bave la\u017eima po dru\u0161tvenim mre\u017eama i kritikuju sve \u017eivo, umesto da ka\u017eu \u201cevo vi ste napravili Akva park, a mi bismo ne\u0161to drugo. Kriterijum su dela, poru\u010dio je Markovi\u0107.<\/p>\n<p>Tradicionalnu turisti\u010dko-zabavnu manifestaciju ,,Otvoreni dan\u201d, koja okuplja vi\u0161e hiljada gra\u0111ana iz cele Srbije, jedna minorna politi\u010dka organizacija, bar \u0161to se ti\u010de jagodinskog politi\u010dkog spektra, poku\u0161ala da je zloupotrebi u politi\u010dke svrhe. Takav poku\u0161aj politi\u010dkih aktivnosti \u0161teti opoziciono orjentisanim partijama, jer pre svega uznemirava gra\u0111ane i stvaraju utisak politi\u010dke bezidejnosti. U vremenu kada je rast cena naru\u0161io egzistenciju gra\u0111ana, \u0161to su osetili nov\u010danici po julskim ra\u010dunima, \u00a0politi\u010daranje nema nikakvu te\u017einu. Verovatno tzv. jagodinskoj te\u0161koj ,,opoziciji\u201d neko drugi pla\u0107a ra\u010dune\u2026.pa nemaju vremena da se bave problemima obi\u010dnih gra\u0111ana.<\/p>\n<p>PALMA: AKTIVISTI \u0110ILASOVE STRANKE, SILED\u017dIJA, LOPOVA, KRIMINALACA I LUDAKA, POKU\u0160ALi DA POKVARE TRADICIONALNU MANIFESTACIJU U JAGODINI<\/p>\n<p>Doga\u0111aj ispred ulaza u Akva park u Jagodini, u danu tradicionalne manifestacije \u201cOtvoreni dan\u201d u Jagodini, koja se odr\u017eava jednom godi\u0161nje poslednjih 14 godina i u trenutku kada je u jagodinskom turisti\u010dkom kompleksu bilo 6.500 ljudi iz zemlje i inostranstva, je jo\u0161 jedan dokaz da stranka Dragana \u0110ilasa ima samo jedan cilj, a to je da izazovu i isprovociraju nerede na ulicama gradova Srbije, rekao je lider Jedinstvene Srbije i predsednik Skup\u0161tine grada Jagodine Dragan Markovi\u0107 Palma<\/p>\n<p><strong>&#8211; <\/strong>Osobe koje sebe zovu aktivistkinjama stranke Dragana \u0110ilasa su namerno izazivale, provocirale i \u00a0vre\u0111ale radnike Akva parka u Jagodini. Jedna od njih ima uverenje i \u0161ifru da je luda \u017eena. To smo videli na dru\u0161tvenim mre\u017eama sa izve\u0161tajem lekara. Oni jedva \u010dekaju da ne\u0161to naprave, da izazovu neki incident kako bi mogli da se pojave u javnosti. U toj stranci se nalaze aktivisti koji imaju lekarske \u0161ifre o psihi\u010dkim problemima, u toj stranci se nalaze lopovi i kriminalci koji su osu\u0111ivani, u toj stranci se nalaze i la\u017eovi i siled\u017eije, isti\u010de Markovi\u0107.<\/p>\n<p>-Ta stranka treba da se umesto Stranka slobode i pravde zove Stranka ludaka, siled\u017eija, kriminalaca i la\u017eova. \u0160ef stranke tu\u010de vlastitu \u017eenu pred decom i njenog oca i nikom ni\u0161ta, njegova zamenica la\u017ee \u010dim zine, njihovi takozvani svedoci imaju kriminalni dosije, a ,,\u0161efica\u201d \u0110ilasove parije u Jagodini ima \u0161ifru da je luda. I aktivisti takve partije u Jagodini do\u0111u sa namerom da postave\u00a0 politi\u010dki \u0161tand sa slikom sliled\u017eije Dragana \u0110ilasa, u trenutku kada se tu na tradiconalnoj manifestaciji nalazi 6.500 ljudi, sa svojim porodicama i decom koji su do\u0161li da u\u017eivaju u turisti\u010dkim sadr\u017eajima Jagodine. Da se tako ne\u0161to desi u bilo kom turisti\u010dkom centru u Evropskoj uniji, odmah bi do\u0161la hitna pomo\u0107 sa psihijatrom i te navodne aktiviste bi odvezli na odgovaraju\u0107i deo bolnice, navodi Markovi\u0107.<\/p>\n<p><strong>&#8211;<\/strong>Radnici Akva parka su ih spre\u010dili u nameri da blate gra\u0111ane Jagodine, gra\u0111ane Srbije, goste grada Jagodine, porodice, da vre\u0111aju ljude. Radnici Akva parka nisu dozvolili ono \u0161to niko na svetu ne bi dozvolio i nigde. Nema politi\u010dkih \u0161tandova u nijednom Akva parku na svetu, niti u krugu bilo koje sli\u010dne institucije. A onda su iz stranke Dragana \u0110ilasa napravili konstrukciju i njihovi mediji su jedva do\u010dekali da napi\u0161u kako ih neko dira. Taj prostor nikada nijedna politi\u010dka stranka nije koristila za nikakvu promociju, pa ne\u0107e ni \u0110ilasova koja u Jagodini ima 0,0001 promil podr\u0161ke. Ali ja znam \u0161ta njima smeta, obja\u0161njava Markovi\u0107 dodaje:<\/p>\n<p>&#8211; Smeta im \u0161to je ova godina bila rekordna kada je u pitanju turisti\u010dka sezona u Jagodini, kao \u0161to im smeta i munjeviti ekonomski razvoj u Srbiji. Izazivanjem nemira oni ho\u0107e da vrate Srbiju na staro. Ti lopovi, siled\u017eije i ludaci misle da tako se vra\u0107a na vlast. Ali narod tako ne misli i narod zna ko je ko. Ju\u010de je 6.500 ljudi iz cele Srbije i inostranstva u\u017eivalo u Jagodini sa svojim porodicama, a te tri aktivistkinje \u0110ilasove partije su poku\u0161ale da ih u tome spre\u010de. Niko na\u0161e gra\u0111ane i na\u0161e goste ne\u0107e ni vre\u0111ati ni omalova\u017eavati, zaklju\u010dio je\u00a0Palma.<\/p>\n<p>STEFANOVI\u0106 PONOVIO MANIPULACIJE I LA\u017dI SSP<\/p>\n<p>Zamenik predsednika Stranke slobode i pravde (SSP) Borko Stefanovi\u0107 raguju\u0107i na incident koji su \u010dlanovi njegovi stranke inicirali u Jagodini ponovio je manipulacije i la\u017ei koje mogle da se \u010duju tokom dana, a to je da su ,,batina\u0161i fizi\u010dki nasrnuli na \u010dlanice SSP\u201d, iako je o\u010digledno ko je nasrtao, vikao, pretio i vre\u0111ao radnike Jase i pripadnike MUP Srbija. On je istakao da je Jagodina \u201enajmra\u010dniji deo Srbije\u201c, iako je veoma \u010desto i rado sa nekada\u0161njim liderom Borisom Tadi\u0107em dolazio u ba\u0161 tu i takvu \u2013 Jagodinu.<\/p>\n<p>Ponavljaju\u0107i ve\u0107 izre\u010dene manipulacije i la\u017ei, on je u poku\u0161aju da opravda fizi\u010dke i vrebalne nasrtaje svojih \u010dlanova ustvrdio da ,,nisu ustuknule pred prosta\u010dkim verbalnim, ali i fizi\u010dkim napadom obezbe\u0111enja Akvaparka u Jagodini, koji su ih kr\u0161e\u0107i zakon spre\u010dili da na javnoj povr\u0161ini postave \u0161tand koji je prijavljen u skladu sa zakonom\u201d, iako je jasno da su \u010dlanovi SSP politi\u010dki konotiran \u0161tand poku\u0161ali da postave u delu koji je jasno nazna\u010den kao povr\u0161ina \u010diji je korisnik sportska organizacija Jasa i koji je namenjen za sportske i zabavne aktivnosti.<\/p>\n<p>Stefanovi\u0107 je radnike Jase nazvao ,,grupa batina\u0161a Dragana Markovi\u0107a Palme\u201d koja maltretira nekoliko \u017eena, pritom niko od zaposelnih nije dotakao ni jednog \u010dlana SSP, niti se obratio, sem u slu\u010daju kada su ih upozoravali da ne mogu da postave \u0161tand na mestu namenjenom za sportske i zabavne aktivnosti.<\/p>\n<p>U svom stilu Stefanovi\u0107 nastavio da iznosi manipulacije i la\u017ei, navode\u0107i da i pored svih dokaza tu\u017eilastvo i dalje \u0107uti o seksualnom zlostavljanju \u017eena i maloletnih devojaka u ovom gradu, pritom, iako je pravnik, svesno nije naveo ne postoje dokazi ili svedo\u010denja o o\u0161te\u0107enim licima i da se cela mantara SSP zasniva na rekla, kazala funkcionera SSP, te se ide utabanim receptom i naciprincipom da sto puta ponovljena la\u017e postaje istina. Me\u0111utim, la\u017e i medijski pritisak nisu dovoljni dokazi za tu\u017eila\u0161tvo.<\/p>\n<p>&nbsp;<\/p>\n","protected":false},"excerpt":{"rendered":"<p>JAGODINA-U Jagodini je danas odr\u017eana tradicionalna manifestacija ,,Otvoreni dan\u201d, odnosno slobodan ulaz u turisti\u010dke atrakcije jagodinskog Turisti\u010dkog centra, a re\u010d je o \u00a0Akva parku, Zoolo\u0161kom &hellip; <\/p>\n","protected":false},"author":2,"featured_media":27981,"comment_status":"open","ping_status":"open","sticky":false,"template":"","format":"standard","meta":{"footnotes":""},"categories":[1524,2,1514,5643,23,887,3054],"tags":[58,5358,120],"_links":{"self":[{"href":"https:\/\/centralmedia.rs\/index.php\/wp-json\/wp\/v2\/posts\/27980"}],"collection":[{"href":"https:\/\/centralmedia.rs\/index.php\/wp-json\/wp\/v2\/posts"}],"about":[{"href":"https:\/\/centralmedia.rs\/index.php\/wp-json\/wp\/v2\/types\/post"}],"author":[{"embeddable":true,"href":"https:\/\/centralmedia.rs\/index.php\/wp-json\/wp\/v2\/users\/2"}],"replies":[{"embeddable":true,"href":"https:\/\/centralmedia.rs\/index.php\/wp-json\/wp\/v2\/comments?post=27980"}],"version-history":[{"count":5,"href":"https:\/\/centralmedia.rs\/index.php\/wp-json\/wp\/v2\/posts\/27980\/revisions"}],"predecessor-version":[{"id":28020,"href":"https:\/\/centralmedia.rs\/index.php\/wp-json\/wp\/v2\/posts\/27980\/revisions\/28020"}],"wp:featuredmedia":[{"embeddable":true,"href":"https:\/\/centralmedia.rs\/index.php\/wp-json\/wp\/v2\/media\/27981"}],"wp:attachment":[{"href":"https:\/\/centralmedia.rs\/index.php\/wp-json\/wp\/v2\/media?parent=27980"}],"wp:term":[{"taxonomy":"category","embeddable":true,"href":"https:\/\/centralmedia.rs\/index.php\/wp-json\/wp\/v2\/categories?post=27980"},{"taxonomy":"post_tag","embeddable":true,"href":"https:\/\/centralmedia.rs\/index.php\/wp-json\/wp\/v2\/tags?post=27980"}],"curies":[{"name":"wp","href":"https:\/\/api.w.org\/{rel}","templated":true}]}}