{"id":27990,"date":"2021-08-20T16:35:31","date_gmt":"2021-08-20T14:35:31","guid":{"rendered":"http:\/\/centralmedia.rs\/?p=27990"},"modified":"2021-08-22T18:17:19","modified_gmt":"2021-08-22T16:17:19","slug":"basket-turnir-3x3-u-paracinu","status":"publish","type":"post","link":"https:\/\/centralmedia.rs\/index.php\/2021\/08\/20\/basket-turnir-3x3-u-paracinu\/","title":{"rendered":"BASKET TURNIR 3X3 U PARA\u0106INU"},"content":{"rendered":"<p>PARA\u0106IN- U organizaciji Moravacem iz Popovca \u00a0p\ud835\udc2b\ud835\udc2f\ud835\udc22 \ud835\udc29\ud835\udc2e\ud835\udc2d bi\u0107e odigran basket turnir ,,\ud835\udc01\ud835\udc1e\ud835\udc28\ud835\udc20\ud835\udc2b\ud835\udc1a\ud835\udc1d\ud835\udc2c\ud835\udc24\ud835\udc1a \ud835\udfd1\ud835\udc31\ud835\udfd1 \ud835\udc25\ud835\udc22\ud835\udc20\ud835\udc1a&#8221; \ud835\udc2f\ud835\udc1a\ud835\udc27 \ud835\udc01\ud835\udc1e\ud835\udc28\ud835\udc20\ud835\udc2b\ud835\udc1a\ud835\udc1d\ud835\udc1a,i \ud835\udc2d\ud835\udc28 \ud835\udc2e Para\u0107unu. U subotu i nedelju, 21. i 22. avgusta, u Para\u0107inu, bi\u0107e odigrane 3&#215;3 turnir u baketu.<\/p>\n<p>\ud835\udc12\ud835\udc14\ud835\udc01\ud835\udc0e\ud835\udc13\ud835\udc00, \ud835\udfd0\ud835\udfcf.\ud835\udfd6.<\/p>\n<p>15h &#8211; Juniori<\/p>\n<p>19h &#8211; Ko\u0161arka\u0161i u kolicima<\/p>\n<p>\ud835\udc0d\ud835\udc04\ud835\udc03\ud835\udc04\ud835\udc0b\ud835\udc09\ud835\udc00, \ud835\udfd0\ud835\udfd0.\ud835\udfd6.<\/p>\n<p>14h &#8211; Seniori<\/p>\n<p><img loading=\"lazy\" decoding=\"async\" class=\"alignnone wp-image-27991 size-large\" src=\"http:\/\/centralmedia.rs\/wp-content\/uploads\/2021\/08\/3x3-1024x1024.jpg\" alt=\"\" width=\"640\" height=\"640\" srcset=\"https:\/\/centralmedia.rs\/wp-content\/uploads\/2021\/08\/3x3-1024x1024.jpg 1024w, https:\/\/centralmedia.rs\/wp-content\/uploads\/2021\/08\/3x3-150x150.jpg 150w, https:\/\/centralmedia.rs\/wp-content\/uploads\/2021\/08\/3x3-300x300.jpg 300w, https:\/\/centralmedia.rs\/wp-content\/uploads\/2021\/08\/3x3-768x768.jpg 768w, https:\/\/centralmedia.rs\/wp-content\/uploads\/2021\/08\/3x3-420x420.jpg 420w, https:\/\/centralmedia.rs\/wp-content\/uploads\/2021\/08\/3x3-640x640.jpg 640w, https:\/\/centralmedia.rs\/wp-content\/uploads\/2021\/08\/3x3-681x681.jpg 681w, https:\/\/centralmedia.rs\/wp-content\/uploads\/2021\/08\/3x3.jpg 1200w\" sizes=\"(max-width: 640px) 100vw, 640px\" \/><\/p>\n","protected":false},"excerpt":{"rendered":"<p>PARA\u0106IN- U organizaciji Moravacem iz Popovca \u00a0p\ud835\udc2b\ud835\udc2f\ud835\udc22 \ud835\udc29\ud835\udc2e\ud835\udc2d bi\u0107e odigran basket turnir ,,\ud835\udc01\ud835\udc1e\ud835\udc28\ud835\udc20\ud835\udc2b\ud835\udc1a\ud835\udc1d\ud835\udc2c\ud835\udc24\ud835\udc1a \ud835\udfd1\ud835\udc31\ud835\udfd1 \ud835\udc25\ud835\udc22\ud835\udc20\ud835\udc1a&#8221; \ud835\udc2f\ud835\udc1a\ud835\udc27 \ud835\udc01\ud835\udc1e\ud835\udc28\ud835\udc20\ud835\udc2b\ud835\udc1a\ud835\udc1d\ud835\udc1a,i \ud835\udc2d\ud835\udc28 \ud835\udc2e Para\u0107unu. U subotu i nedelju, 21. &hellip; <\/p>\n","protected":false},"author":2,"featured_media":27991,"comment_status":"open","ping_status":"open","sticky":false,"template":"","format":"standard","meta":{"footnotes":""},"categories":[1524,2,1516,21,12],"tags":[5363,1837,5142,156],"_links":{"self":[{"href":"https:\/\/centralmedia.rs\/index.php\/wp-json\/wp\/v2\/posts\/27990"}],"collection":[{"href":"https:\/\/centralmedia.rs\/index.php\/wp-json\/wp\/v2\/posts"}],"about":[{"href":"https:\/\/centralmedia.rs\/index.php\/wp-json\/wp\/v2\/types\/post"}],"author":[{"embeddable":true,"href":"https:\/\/centralmedia.rs\/index.php\/wp-json\/wp\/v2\/users\/2"}],"replies":[{"embeddable":true,"href":"https:\/\/centralmedia.rs\/index.php\/wp-json\/wp\/v2\/comments?post=27990"}],"version-history":[{"count":1,"href":"https:\/\/centralmedia.rs\/index.php\/wp-json\/wp\/v2\/posts\/27990\/revisions"}],"predecessor-version":[{"id":27992,"href":"https:\/\/centralmedia.rs\/index.php\/wp-json\/wp\/v2\/posts\/27990\/revisions\/27992"}],"wp:featuredmedia":[{"embeddable":true,"href":"https:\/\/centralmedia.rs\/index.php\/wp-json\/wp\/v2\/media\/27991"}],"wp:attachment":[{"href":"https:\/\/centralmedia.rs\/index.php\/wp-json\/wp\/v2\/media?parent=27990"}],"wp:term":[{"taxonomy":"category","embeddable":true,"href":"https:\/\/centralmedia.rs\/index.php\/wp-json\/wp\/v2\/categories?post=27990"},{"taxonomy":"post_tag","embeddable":true,"href":"https:\/\/centralmedia.rs\/index.php\/wp-json\/wp\/v2\/tags?post=27990"}],"curies":[{"name":"wp","href":"https:\/\/api.w.org\/{rel}","templated":true}]}}