{"id":28009,"date":"2021-08-22T17:28:03","date_gmt":"2021-08-22T15:28:03","guid":{"rendered":"http:\/\/centralmedia.rs\/?p=28009"},"modified":"2022-01-04T18:10:40","modified_gmt":"2022-01-04T17:10:40","slug":"palma-o-tviteru-razvoju-srbije-dilasu-i-sekundama-na-rts-hibridnom-ratu-protiv-spc-i-avganistanu","status":"publish","type":"post","link":"https:\/\/centralmedia.rs\/index.php\/2021\/08\/22\/palma-o-tviteru-razvoju-srbije-dilasu-i-sekundama-na-rts-hibridnom-ratu-protiv-spc-i-avganistanu\/","title":{"rendered":"PALMA O TVITERU, RAZVOJU SRBIJE, \u0110ILASU I SEKUNDAMA NA RTS, HIBRIDNOM RATU PROTIV SPC I AVGANISTANU"},"content":{"rendered":"<p>PALMA : TVITER OZNA\u010cIO MEDIJE IZ SRBIJE \u017dUTOM BOJOM KAO U VREME HITLERA<\/p>\n<p>\u201eDeo medija u Srbiji je Tviter ozna\u010dio \u017eutom bojom kao u vreme Hitlera. Ja bi da pitam Ameriku da li CNN sara\u0111uje sa Belom ku\u0107om, da pitam Veliku Britaniju da li BBC sara\u0111uje sa Vladom Velike Britanije. Naravno da sara\u0111uju. \u0160ta zna\u010di saradnja ? Posao medija je da prati ono \u0161to se radi, a ne da prati la\u017ei. Mediji moraju da prate izgradnju klini\u010dkih centara, bolnica, autoputeva, fabrika. I ako to pratite onda ste saradnik vlade. Za\u0161to Tviter, ako \u017eeli da radi iskreno i po\u0161teno, ne vidi da neko sve vreme la\u017ee putem te dru\u0161tvene mre\u017ee, da na toj dru\u0161tvenoj mre\u017ei ima bar 35 posto la\u017enih profila i da ti koji se kriju iza la\u017enih profila di\u017eu paniku, kao dve politi\u010dke partije iz Srbije, a to su partije Dragana \u0110ilasa i Vuka Jeremi\u0107a koje preko Tvitera rade na ru\u0161enju Srbije\u201c, izjavio je gostuju\u0107i na televiziji Pink predsednik Jedinstvene Srbije Dragan Markovi\u0107 Palma.\u201cTviter je zabranio i nalog Donaldu Trampu, koji nije hteo da ratuje po svetu. Oni bi hteli da ure\u0111uju unutra\u0161nju poltiku Srbije. Njima smeta ekonomski napredak Srbije, na\u0161a stabilnost i sigurnost, zainteresovanost velikih kompanija da ula\u017eu u Srbiji\u201c, rekao je Markovi\u0107.<\/p>\n<p>SNIMCI IZ VAZDUHA POKAZALI SVIMA KOJI SE PRAVE DA NE VIDE KOLIKO SE SRBIJA RAZVIJA<\/p>\n<p>\u201eJu\u010dera\u0161nji snimci iz helihoptera televizije Pink sa obilaska gradili\u0161ta u isto\u010dnoj Srbiji je najbolja poruka za one koji se prave da ne vide. To je po onoj \u201evidi se kao iz vazduha\u201c. Ajte vi koji non stop la\u017eete o Srbiji da vidite iz vazduha da li je to istina da Srbija danas izgleda mnogo bolje nego pre. Vi iz vazduha ne mo\u017eete da birate kadrove i ono \u0161to se vidi to ne mo\u017ee da se sakrije. A i za\u0161to bi Srbija krila \u0161ta radi predsednik Srbije, Vlada Srbije i svi mi koji u\u010destvujemo u tome, kao i koalicija SPS \u2013 Jedinstvena Srbija. I zato mi podr\u017eavamo Vu\u010di\u0107a. Zato \u0161to svake nedelje ne\u0161to po\u010dinje da se gradi i svake nedelje se ne\u0161to zavr\u0161ava\u201c, kazao je Markovi\u0107.<\/p>\n<p>VU\u010cI\u0106U DAJ \u0110ILASU SEKUNDE NA RTS I ODMAH \u0106E DA KA\u017dE KAKO SU IZBORNI USLOVI NAJBOLJI U ISTORIJI<\/p>\n<p>\u201cPo\u0161to Draganu \u0110ilasu nedostaju samo sekunde na RTS-u predla\u017eem predsedniku Vu\u010di\u0107u : \u201cdaj \u0110ilasu sekunde na RTS \u2013 u i on \u0107e odmah da ka\u017ee \u201covo su najbolji izborni uslovi koje je opozicija ikada imala\u201d. \u0110ilas sada ne mo\u017ee vi\u0161e da puni svoj bud\u017eet kao kada je bio na vlasti i na visokim funkcijama. Njegov problem su sekunde\u201d, ka\u017ee Markovi\u0107.<\/p>\n<p>MILO \u0110UKANOVI\u0106, ALJBIN KURTI, DRAGAN \u0110ILAS I VUK JEREMI\u0106 NA ISTOM ZADATKU<\/p>\n<p>\u201eNigde u svetu se nije desilo da jedan verski \u010din, kao \u0161to je ustoli\u010denje Mitropolita crnogorsko \u2013 primorskog Srpske pravoslavne crkve Joanikija 5. septrembra na Cetinju, neko pretvara u problem, umesto da je sve\u010danost. To rade Milo \u0110ukanovi\u0107 i gradona\u010delnik Cetinja Aleksandar Ka\u0161\u0107elan. Ono \u0161to oni rade je udar na njihove gra\u0111ane, na gra\u0111ane Crne Gore, u kojoj se preko 29 posto stanovni\u0161tva izjasnilo na poslednjem popisu kao Srbi. Ja pozivam i politi\u010dare u Crnoj Gori i gra\u0111ane Crne Gore da nas ne sva\u0111aju politi\u010dari. \u0160to se ne ugledaju na Srbiju ? Kada je Aleksandar Vu\u010di\u0107 pozvao neke Srbe koji \u017eive van Srbije da blokiraju ne\u0161to, da izazivaju sukobe. Nikada. Danas su glavni protivnici Srbije Milo \u0110ukanovi\u0107, Aljbin Kurti, Dragan \u0110ilas i Vuk Jeremi\u0107. Oni su na istom zadatku i svima je cilj ru\u0161enje Srbije\u201c, ocenio je Dragan Markovi\u0107 Palma.<\/p>\n<p>NEKA NATO PRIHVATI LJUDE IZ AVGANISTANA JER IH OSTAVIO NA CEDILU<\/p>\n<p>\u201eLjudi koji be\u017ee iz Avganistana treba da svoje uto\u010di\u0161te na\u0111u u zemljama NATO pakta koji ih je ostavio na cedilu, pre svega u Sjedinjenim Ameri\u010dkim Dr\u017eavama. Amerikanci su poslednjih 20 godina u Avganistanu i \u0161ta se desilo. Sve se uru\u0161ilo, samo je porasla distribucija droge za hiljadu posto. NATO te ljude nije sa\u010duvao, pa neka ih i primi. Zanimljivo je da Talibani kontroli\u0161u sve, a ameri\u010dki vojnici aerodrom u Kabulu i dan danas, iako se ameri\u010dka vojska povukla iz Avganistana\u201c, rekao je Markovi\u0107.<\/p>\n<p>&nbsp;<\/p>\n","protected":false},"excerpt":{"rendered":"<p>PALMA : TVITER OZNA\u010cIO MEDIJE IZ SRBIJE \u017dUTOM BOJOM KAO U VREME HITLERA \u201eDeo medija u Srbiji je Tviter ozna\u010dio \u017eutom bojom kao u vreme &hellip; <\/p>\n","protected":false},"author":2,"featured_media":26302,"comment_status":"open","ping_status":"open","sticky":false,"template":"","format":"standard","meta":{"footnotes":""},"categories":[1524,2,5643,1514,13,887,12],"tags":[532,120,5365,894,5366],"_links":{"self":[{"href":"https:\/\/centralmedia.rs\/index.php\/wp-json\/wp\/v2\/posts\/28009"}],"collection":[{"href":"https:\/\/centralmedia.rs\/index.php\/wp-json\/wp\/v2\/posts"}],"about":[{"href":"https:\/\/centralmedia.rs\/index.php\/wp-json\/wp\/v2\/types\/post"}],"author":[{"embeddable":true,"href":"https:\/\/centralmedia.rs\/index.php\/wp-json\/wp\/v2\/users\/2"}],"replies":[{"embeddable":true,"href":"https:\/\/centralmedia.rs\/index.php\/wp-json\/wp\/v2\/comments?post=28009"}],"version-history":[{"count":1,"href":"https:\/\/centralmedia.rs\/index.php\/wp-json\/wp\/v2\/posts\/28009\/revisions"}],"predecessor-version":[{"id":28010,"href":"https:\/\/centralmedia.rs\/index.php\/wp-json\/wp\/v2\/posts\/28009\/revisions\/28010"}],"wp:featuredmedia":[{"embeddable":true,"href":"https:\/\/centralmedia.rs\/index.php\/wp-json\/wp\/v2\/media\/26302"}],"wp:attachment":[{"href":"https:\/\/centralmedia.rs\/index.php\/wp-json\/wp\/v2\/media?parent=28009"}],"wp:term":[{"taxonomy":"category","embeddable":true,"href":"https:\/\/centralmedia.rs\/index.php\/wp-json\/wp\/v2\/categories?post=28009"},{"taxonomy":"post_tag","embeddable":true,"href":"https:\/\/centralmedia.rs\/index.php\/wp-json\/wp\/v2\/tags?post=28009"}],"curies":[{"name":"wp","href":"https:\/\/api.w.org\/{rel}","templated":true}]}}