{"id":28011,"date":"2021-08-22T17:32:20","date_gmt":"2021-08-22T15:32:20","guid":{"rendered":"http:\/\/centralmedia.rs\/?p=28011"},"modified":"2022-01-04T18:10:27","modified_gmt":"2022-01-04T17:10:27","slug":"palma-dilasovci-u-jagodini-narusili-javni-red-i-mir-i-slagali-da-su-imali-saglasnost-policije","status":"publish","type":"post","link":"https:\/\/centralmedia.rs\/index.php\/2021\/08\/22\/palma-dilasovci-u-jagodini-narusili-javni-red-i-mir-i-slagali-da-su-imali-saglasnost-policije\/","title":{"rendered":"PALMA: \u0110ILASOVCI U JAGODINI NARU\u0160ILI JAVNI RED I MIR, SLAGALI DA SU IMALI SAGLASNOST POLICIJE"},"content":{"rendered":"<p>JAGODINA-\u201eOno \u0161to se desilo prekju\u010de za vreme manifestacije \u201eOtvoreni dan\u201c u Jagodini, kada je oko 7.000 ljudi do\u0161lo da u\u017eiva u Jagodini, od strane partije Dragana \u0110ilasa je naru\u0161avanje javnog reda i mira. Tu akciju poku\u0161aja postavljanja politi\u010dkog \u0161tanda ispred glavnog ulaza u Akva park vodila je predsednica \u0110ilasove partije u Jagodini Katarina Joki\u0107. Ta \u017eena ima psihi\u010dki problem i za to ima i lekarsko uverenje. Meni je \u017eao zbog toga. Ali takvi ljudi ne mogu da misle da je realnost sve ono \u0161to njima padne na pamet. Pa su tako do\u0161le tri aktivistkinje partije Dragana \u0110ilasa ispred glavnog ulaza u nameri da postave politi\u010dki \u0161tand i provociraju. Niko od radnika Akva parka ili bilo koga nije ih ni taknuo niti odgurnuo, niti \u0107e se tako ne\u0161to ikada desiti u Jagodini. Su\u0161tina je da su oni slagali da su imali saglasnost policije za tako ne\u0161to. Saglasnost u ovom slu\u010daju je mogao da da onaj ko je vlasnik ili ko je u zakupu odre\u0111enog prostora. U ovom slu\u010daju to je Akva park koji nije dao saglasnost. Ono \u0161to se desilo prekju\u010de ispred Akva parka je naru\u0161avanje javnog reda i mira. Zna se gde se odr\u017eavaju politi\u010dki skupovi i mi \u0107emo kao grad doneti odluku gde \u0107e biti posebno mesto za politi\u010dke skupove, pa tu iza\u0111ite i pri\u010dajte \u0161ta ho\u0107ete. Cilj partije Dragana \u0110ilasa je, kao \u0161to je bio ovaj slu\u010daj prekju\u010de u Jagodini, da izazovu incidente i da ka\u017eu \u201eevo mi smo napadnuti\u201c, a u stvari oni napadaju i oni to svesno rade. Ti ljudi, Dragan \u0110ilas, Marinika Tepi\u0107 i Vuk Jeremi\u0107 su glavni \u201etasteri\u201c i oni \u0161alju la\u017enu sliku o Srbiji. Nije njihov cilj samo da sru\u0161e Vu\u010di\u0107a, nego i da vrate Srbiju 20 godina unazad\u201c, rekao je Markovi\u0107.<\/p>\n","protected":false},"excerpt":{"rendered":"<p>JAGODINA-\u201eOno \u0161to se desilo prekju\u010de za vreme manifestacije \u201eOtvoreni dan\u201c u Jagodini, kada je oko 7.000 ljudi do\u0161lo da u\u017eiva u Jagodini, od strane partije &hellip; <\/p>\n","protected":false},"author":2,"featured_media":27982,"comment_status":"open","ping_status":"open","sticky":false,"template":"","format":"standard","meta":{"footnotes":""},"categories":[1524,2,5643,1514,13,887,12],"tags":[5367,3963,5368,120],"_links":{"self":[{"href":"https:\/\/centralmedia.rs\/index.php\/wp-json\/wp\/v2\/posts\/28011"}],"collection":[{"href":"https:\/\/centralmedia.rs\/index.php\/wp-json\/wp\/v2\/posts"}],"about":[{"href":"https:\/\/centralmedia.rs\/index.php\/wp-json\/wp\/v2\/types\/post"}],"author":[{"embeddable":true,"href":"https:\/\/centralmedia.rs\/index.php\/wp-json\/wp\/v2\/users\/2"}],"replies":[{"embeddable":true,"href":"https:\/\/centralmedia.rs\/index.php\/wp-json\/wp\/v2\/comments?post=28011"}],"version-history":[{"count":2,"href":"https:\/\/centralmedia.rs\/index.php\/wp-json\/wp\/v2\/posts\/28011\/revisions"}],"predecessor-version":[{"id":28013,"href":"https:\/\/centralmedia.rs\/index.php\/wp-json\/wp\/v2\/posts\/28011\/revisions\/28013"}],"wp:featuredmedia":[{"embeddable":true,"href":"https:\/\/centralmedia.rs\/index.php\/wp-json\/wp\/v2\/media\/27982"}],"wp:attachment":[{"href":"https:\/\/centralmedia.rs\/index.php\/wp-json\/wp\/v2\/media?parent=28011"}],"wp:term":[{"taxonomy":"category","embeddable":true,"href":"https:\/\/centralmedia.rs\/index.php\/wp-json\/wp\/v2\/categories?post=28011"},{"taxonomy":"post_tag","embeddable":true,"href":"https:\/\/centralmedia.rs\/index.php\/wp-json\/wp\/v2\/tags?post=28011"}],"curies":[{"name":"wp","href":"https:\/\/api.w.org\/{rel}","templated":true}]}}