{"id":28014,"date":"2021-08-22T17:41:22","date_gmt":"2021-08-22T15:41:22","guid":{"rendered":"http:\/\/centralmedia.rs\/?p=28014"},"modified":"2021-08-25T16:57:03","modified_gmt":"2021-08-25T14:57:03","slug":"u-paracinu-se-tokom-vikenda-21-i-22-avgusta-odrzava-beogradska-3x3-basket-liga","status":"publish","type":"post","link":"https:\/\/centralmedia.rs\/index.php\/2021\/08\/22\/u-paracinu-se-tokom-vikenda-21-i-22-avgusta-odrzava-beogradska-3x3-basket-liga\/","title":{"rendered":"U Para\u0107inu se tokom vikenda, 21. i 22. avgusta odr\u017eava \u201eBeogradska 3&#215;3 basket liga\u201c"},"content":{"rendered":"<p>Para\u0107in. \u2013 U subotu, na gradskom trgu u Para\u0107inu, odr\u017ean je 3&#215;3 turnir u basketu za juniorske ekipe i ko\u0161arka\u0161e u kolicima. Turnir je organizovla \u201eBeogradska 3&#215;3 liga\u201c iz Beograda uz podr\u0161ku cementare Moravacem iz Popovca, koja je bila sponzor ove sportske manifestacije.<\/p>\n<div id='gallery-1' class='gallery galleryid-28014 gallery-columns-3 gallery-size-thumbnail'><figure class='gallery-item'>\n\t\t\t<div class='gallery-icon landscape'>\n\t\t\t\t<a href='https:\/\/centralmedia.rs\/index.php\/2021\/08\/22\/u-paracinu-se-tokom-vikenda-21-i-22-avgusta-odrzava-beogradska-3x3-basket-liga\/3x3_liga_01-1\/'><img loading=\"lazy\" decoding=\"async\" width=\"150\" height=\"150\" src=\"https:\/\/centralmedia.rs\/wp-content\/uploads\/2021\/08\/3x3_Liga_01-1-150x150.jpg\" class=\"attachment-thumbnail size-thumbnail\" alt=\"\" \/><\/a>\n\t\t\t<\/div><\/figure><figure class='gallery-item'>\n\t\t\t<div class='gallery-icon portrait'>\n\t\t\t\t<a href='https:\/\/centralmedia.rs\/index.php\/2021\/08\/22\/u-paracinu-se-tokom-vikenda-21-i-22-avgusta-odrzava-beogradska-3x3-basket-liga\/3x3_liga_03\/'><img loading=\"lazy\" decoding=\"async\" width=\"150\" height=\"150\" src=\"https:\/\/centralmedia.rs\/wp-content\/uploads\/2021\/08\/3x3_Liga_03-150x150.jpg\" class=\"attachment-thumbnail size-thumbnail\" alt=\"\" \/><\/a>\n\t\t\t<\/div><\/figure><figure class='gallery-item'>\n\t\t\t<div class='gallery-icon landscape'>\n\t\t\t\t<a href='https:\/\/centralmedia.rs\/index.php\/2021\/08\/22\/u-paracinu-se-tokom-vikenda-21-i-22-avgusta-odrzava-beogradska-3x3-basket-liga\/3x3_liga_05\/'><img loading=\"lazy\" decoding=\"async\" width=\"150\" height=\"150\" src=\"https:\/\/centralmedia.rs\/wp-content\/uploads\/2021\/08\/3x3_Liga_05-150x150.jpg\" class=\"attachment-thumbnail size-thumbnail\" alt=\"\" \/><\/a>\n\t\t\t<\/div><\/figure>\n\t\t<\/div>\n\n<p>Ovo je prvi put da se \u2018Beogradska 3&#215;3 liga\u2019 organizuje van Beograda. U juniorskoj konkurenciji u finalu su se sastali Lazarica iz Kru\u0161evca i ekipa \u201ePotpuno sve jedno\u201c iz Beograda. Slavili su Kru\u0161evljani u uzbudljivoj zavr\u0161nici sa 21:20, a onda je usledila dodela medalja i pehara.<\/p>\n<p>Na turniru su snage odmerile i ekipe basketa\u0161a u kolicima i to ekipe \u201eTigar\u201c iz Para\u0107ina, i \u201eNais\u201c iz Ni\u0161a koje su pokazale veliko ume\u0107e, po\u017ertvovanost i fer plej. Pobedu je odneo para\u0107inski \u201eTigar\u201c.<\/p>\n<p>Turnir su zvani\u010dno otvorili i pozdravili sve prisutne &#8211; Vladimir Mili\u0107evi\u0107, predsednik op\u0161tine Para\u0107in, Milo\u0161 Milojevi\u0107 tehni\u010dki direktor Moravacem kompanije i Petar Hranisavljevi\u0107, organizator turnira.<\/p>\n<p>\u201eMoravacem kompanija se rado odazvala pozivu organizatora da se ovaj turnir prvi put odr\u017ei van Beograda i to u na\u0161em gradu. Zahvalio bih Op\u0161tini Para\u0107in koja je prepoznala zna\u010daj turnira i pomogla nam u organizaciji sa ciljem da promovi\u0161emo sport i zdrav \u017eivot u na\u0161em gradu. Tako\u0111e, zahvalio bih se i organizatoru turnira koji je odabrao ba\u0161 Para\u0107in, kao prvi grad van Beograda, gde \u0107e odr\u017eati turnir. Svim u\u010desnicima turnira \u017eelim fer plej i da sve pro\u0111e bez povreda a posetiocima da se dobro zabave i u\u017eivaju!\u201c rekao je Milo\u0161 Milojevi\u0107, tehni\u010dki direktor Moravacem-a, prilikom otvaranja turnira.<\/p>\n<p>U nedelju, 22. avgusta, snage \u0107e odmeravati 18 seniorskih ekipa od kojih je \u010dek pet\u00a0 do\u0161lo iz inostranstva i to iz \u0160panije, Brazila, Rusije, Makedonije i Crne Gore.<\/p>\n<p>&nbsp;<\/p>\n","protected":false},"excerpt":{"rendered":"<p>Para\u0107in. \u2013 U subotu, na gradskom trgu u Para\u0107inu, odr\u017ean je 3&#215;3 turnir u basketu za juniorske ekipe i ko\u0161arka\u0161e u kolicima. Turnir je organizovla &hellip; <\/p>\n","protected":false},"author":2,"featured_media":28015,"comment_status":"open","ping_status":"open","sticky":false,"template":"","format":"standard","meta":{"footnotes":""},"categories":[1524,2,1516,21,12],"tags":[5369,1837,5142,156],"_links":{"self":[{"href":"https:\/\/centralmedia.rs\/index.php\/wp-json\/wp\/v2\/posts\/28014"}],"collection":[{"href":"https:\/\/centralmedia.rs\/index.php\/wp-json\/wp\/v2\/posts"}],"about":[{"href":"https:\/\/centralmedia.rs\/index.php\/wp-json\/wp\/v2\/types\/post"}],"author":[{"embeddable":true,"href":"https:\/\/centralmedia.rs\/index.php\/wp-json\/wp\/v2\/users\/2"}],"replies":[{"embeddable":true,"href":"https:\/\/centralmedia.rs\/index.php\/wp-json\/wp\/v2\/comments?post=28014"}],"version-history":[{"count":1,"href":"https:\/\/centralmedia.rs\/index.php\/wp-json\/wp\/v2\/posts\/28014\/revisions"}],"predecessor-version":[{"id":28019,"href":"https:\/\/centralmedia.rs\/index.php\/wp-json\/wp\/v2\/posts\/28014\/revisions\/28019"}],"wp:featuredmedia":[{"embeddable":true,"href":"https:\/\/centralmedia.rs\/index.php\/wp-json\/wp\/v2\/media\/28015"}],"wp:attachment":[{"href":"https:\/\/centralmedia.rs\/index.php\/wp-json\/wp\/v2\/media?parent=28014"}],"wp:term":[{"taxonomy":"category","embeddable":true,"href":"https:\/\/centralmedia.rs\/index.php\/wp-json\/wp\/v2\/categories?post=28014"},{"taxonomy":"post_tag","embeddable":true,"href":"https:\/\/centralmedia.rs\/index.php\/wp-json\/wp\/v2\/tags?post=28014"}],"curies":[{"name":"wp","href":"https:\/\/api.w.org\/{rel}","templated":true}]}}