{"id":28037,"date":"2021-08-24T12:58:54","date_gmt":"2021-08-24T10:58:54","guid":{"rendered":"http:\/\/centralmedia.rs\/?p=28037"},"modified":"2022-01-04T18:10:01","modified_gmt":"2022-01-04T17:10:01","slug":"palma-u-crnoj-gori-prave-verski-rat","status":"publish","type":"post","link":"https:\/\/centralmedia.rs\/index.php\/2021\/08\/24\/palma-u-crnoj-gori-prave-verski-rat\/","title":{"rendered":"PALMA : U CRNOJ GORI PRAVE VERSKI RAT"},"content":{"rendered":"<p>JAGODINA-\u201cMi sada u Crnoj Gori imamo verski rat. To ne prave obi\u010dni ljudi i privrednici u Crnoj Gori i ja sad apelujem na njih da ne slu\u0161aju politi\u010dare u Crnoj Gori koji su direktno ljubomorni na ekonomski napredak Srbije i zbog toga \u0161to sad vi\u0161e ne znaju \u0161ta \u0107e, pa izazivaju verski rat. Ti politi\u010dari u Crnoj Gori su posva\u0111ali bratski narod gde ima mnogo me\u0161ovitih brakova. U Crnoj Gori kada su bile litije \u0161etali su zajedno i Srbi i oni koji se izja\u0161najavaju kao Crnogorci. Mora da se po\u0161tuje sva\u010dije pravo i sva\u010diji obi\u010daji bez obzira kojoj veri ko pripada. Ovde se ne radi o zauzimanju teritorije, ovde se radi o verskom obi\u010daju, o ustoli\u010denju Mitropolita crnogorsko \u2013 primorskog Srpske pravoslavne crkve Joanikija koji je ro\u0111en u Crnoj Gori\u201d, rekao je predsednik Jedinstvene Srbije Dragan Markovi\u0107 Palma gostuju\u0107i na Hepi televiziji. \u201cI ja ne vidim za\u0161to to neki u Crnoj Gori rade, osim da \u0161alju neke politi\u010dke poruke koje \u0107e naneti ogromnu \u0161tetu, ne samo politi\u010darima u Crnoj Gori, nego gra\u0111anima od kojih su 90 posto pravoslavci. Se\u0107am se jednog politi\u010dara iz Crne Gore, koji je jo\u0161 aktivan, a koji mi je pre sedam godina rekao \u201cne\u0107e glavni grad Crne Gore biti na Dedinje nego na Cetinje\u201d. Mi Srbi nismo bili ljubomorni na Crnu Goru kada je kod njih prosek plate bio 510 evra, a kod nas 370. Danas Srbija ima ve\u0107i prosek plate, iako Crna Gora ima more i \u010dlan je NATO pakta. Oni su mislili kada u\u0111u u NATO pakt, da \u0107e NATO ekonomski da im pomogne. Ali kada su im trebale vakcine Srbija je dala. NATO daje bombe i NATO vas obavezuje da vi idete i ubijate ne\u010diji narod po svetu\u201d, kazao je Markovi\u0107. \u201cMeni uop\u0161te nisu jasni polit\u010dari u Crnoj Gori. Oni odbijaju \u201cOtvoreni Balkan\u201d samo zato \u0161to je Srbija pokreta\u010d toga. Kada govorimo o NATO paktu i me\u0111unarodnoj zajednici, pitanje je za\u0161to su ubili Milo\u0161evi\u0107a i za\u0161to su bombardovali Srbiju, a taj problem ni danas nije re\u0161en. Politi\u010dari u Crnoj Gori treba da znaju da su za Amerikance i NATO potro\u0161na roba. Gde je danas Ha\u0161im Ta\u010di ? U zatvoru gde mu je i mesto. Do\u0107i \u0107e na red i Aljbin Kurti koji je ve\u0107 dva puta odbio da uradi ono \u0161to su rekle Nema\u010dka i SAD\u201d, ocenio je Markovi\u0107.<\/p>\n<p>ZA MILA \u0110UKANOVI\u0106A, ALJBINA KURTIJA, BO\u0160NJA\u010cKE POLITI\u010cARE U SARAJEVU, HRVATSKE U ZAGREBU I DRAGANA \u0110ILASA I VUKA JEREMI\u0106A PATRIOTIZAM JE NAPASTI SRBIJU<\/p>\n<p>\u201cMi imamo problem u Srbiji \u0161to uvek imamo neke izdajnike. Siguran sam da su danas to dve politi\u010dke partije u Srbiji, partije Dragana \u0110ilasa i Vuka Jeremi\u0107a. Te dve partije se ne bore za ideologiju, one se bore za pare. Za Mila \u0110ukanovi\u0107a, Aljbina Kurtija, bo\u0161nja\u010dke polit\u010dare u Sarajevu, hrvatske u Zagrebu, kao i za Dragana \u0110ilasa i Vuka Jeremi\u0107a patriotizam je napasti Srbiju. A za Srbiju je patriotizam zaposliti radnike i otvarati fabrike. Ja sam pre 13 godina rekao da se patriotizam ne sipa u traktor. \u0160ta su dela Dragana \u0110ilasa i Vuka Jeremi\u0107a od 2000. godine kada su bile na vlasti njihove partije. Isporu\u010dii su sve \u0161to su mogli Ha\u0161kom tribunal. Ka\u017eu \u201cmorali smo\u201d. A \u0161to niste tra\u017eili da se puste i svi Srbi iz \u0161iptarskih zatvora. A gde je Evropska unija ? Nisu tada Evropsku uniju obe\u0107ali ni Aleksandru Vu\u010di\u0107u, ni Ivici Da\u010di\u0107u ni Draganu Markovi\u0107u Palmi. Obe\u0107ali su vama. A gde je 6 miljjardi evra ? Gde su fabrike ? Gde su investitori ? Ja predla\u017eem da Dragan \u0110ilas i Vuk Jeremi\u0107 u\u0111u u neki helihopter ili avion, pa neka iz vazduha obi\u0111u Srbiju i vide\u0107e kako danas izgledaju autoputevi u Srbiji, kako izgledaju fabrike, da to nije kao kada su oni bili na vlasti. Za\u0161to ja podr\u017eavam Aleksandra Vu\u010di\u0107a ? Zato \u0161to ono \u0161to pri\u010da u Srbiji, pri\u010da i kada ode van Srbije. Kod njega se zna \u0161ta ho\u0107e, a \u0161ta ne\u0107e. \u0110ilas i Jeremi\u0107 misle da je politika stra\u017earsko mesto, pa te direktor uhvatio na spavanju za vreme korone, a sada korona pro\u0161la, pa bi da se vratite na to mesto. Nije politika zec, koji se vra\u0107a na staro leglo. U politici ili traje\u0161 ili ne traje\u0161. Ili ima\u0161 rezultate ili nema\u0161. Nadam se da \u0107emo na predstoje\u0107im predsedni\u010dkim izborima, ova velika koalicija zajedno sa SNS imati zajedni\u010dkog kandidata i da \u0107e Srbija nastaviti putem kojim je krenula, a to je put politi\u010dke i ekonomske stabilnosti i sigurnosti\u201d, izjavio je Dragan Markovi\u0107 Palma.<\/p>\n<p>&nbsp;<\/p>\n","protected":false},"excerpt":{"rendered":"<p>JAGODINA-\u201cMi sada u Crnoj Gori imamo verski rat. To ne prave obi\u010dni ljudi i privrednici u Crnoj Gori i ja sad apelujem na njih da &hellip; <\/p>\n","protected":false},"author":2,"featured_media":28038,"comment_status":"open","ping_status":"open","sticky":false,"template":"","format":"standard","meta":{"footnotes":""},"categories":[1524,2,1514,5643,13,887],"tags":[2081,120,5376,1112],"_links":{"self":[{"href":"https:\/\/centralmedia.rs\/index.php\/wp-json\/wp\/v2\/posts\/28037"}],"collection":[{"href":"https:\/\/centralmedia.rs\/index.php\/wp-json\/wp\/v2\/posts"}],"about":[{"href":"https:\/\/centralmedia.rs\/index.php\/wp-json\/wp\/v2\/types\/post"}],"author":[{"embeddable":true,"href":"https:\/\/centralmedia.rs\/index.php\/wp-json\/wp\/v2\/users\/2"}],"replies":[{"embeddable":true,"href":"https:\/\/centralmedia.rs\/index.php\/wp-json\/wp\/v2\/comments?post=28037"}],"version-history":[{"count":1,"href":"https:\/\/centralmedia.rs\/index.php\/wp-json\/wp\/v2\/posts\/28037\/revisions"}],"predecessor-version":[{"id":28039,"href":"https:\/\/centralmedia.rs\/index.php\/wp-json\/wp\/v2\/posts\/28037\/revisions\/28039"}],"wp:featuredmedia":[{"embeddable":true,"href":"https:\/\/centralmedia.rs\/index.php\/wp-json\/wp\/v2\/media\/28038"}],"wp:attachment":[{"href":"https:\/\/centralmedia.rs\/index.php\/wp-json\/wp\/v2\/media?parent=28037"}],"wp:term":[{"taxonomy":"category","embeddable":true,"href":"https:\/\/centralmedia.rs\/index.php\/wp-json\/wp\/v2\/categories?post=28037"},{"taxonomy":"post_tag","embeddable":true,"href":"https:\/\/centralmedia.rs\/index.php\/wp-json\/wp\/v2\/tags?post=28037"}],"curies":[{"name":"wp","href":"https:\/\/api.w.org\/{rel}","templated":true}]}}